{"id":18253,"date":"2024-12-21T10:46:09","date_gmt":"2024-12-21T10:46:09","guid":{"rendered":"https:\/\/247stiri.ro\/index.php\/2024\/12\/21\/cele-patru-nume-agreate-de-psd-si-pnl-pentru-cotroceni-persoanele-testate-in-sondaje-pentru-prezidentiale\/"},"modified":"2024-12-21T10:46:09","modified_gmt":"2024-12-21T10:46:09","slug":"cele-patru-nume-agreate-de-psd-si-pnl-pentru-cotroceni-persoanele-testate-in-sondaje-pentru-prezidentiale","status":"publish","type":"post","link":"https:\/\/247stiri.ro\/index.php\/2024\/12\/21\/cele-patru-nume-agreate-de-psd-si-pnl-pentru-cotroceni-persoanele-testate-in-sondaje-pentru-prezidentiale\/","title":{"rendered":"Cele PATRU nume agreate de PSD \u0219i PNL pentru Cotroceni. Persoanele testate \u00een sondaje pentru preziden\u021biale"},"content":{"rendered":"<p>Printre numele propuse ar fi in primul rand Crin Antonescu, cel care a condus la un moment dat PNL.\u00a0<\/p>\n<p>Apoi, la nivel na\u021bional, vor fi testa\u021bi \u00een sondaje trei posibili candida\u021bi. Primul ar fi Emil Hurezeanu, ambasadorul Rom\u00e2niei \u00een Austria, al doilea ar fi Ioan Aurel Pop, pre\u0219edintele Academiei Rom\u00e2ne \u0219i Daniel David, rector al UBB Cluj-Napoca.<\/p>\n<p>\u00a0Pe de alta parte, PSD a anun\u021bat c\u0103 nu \u00eel va sus\u021bine niciodat\u0103 pe Nicu\u0219or Dan \u0219i le-a cerut \u0219i celor din PNL s\u0103 g\u0103seasc\u0103 alte variante pentru un candidat unic la alegerile preziden\u021biale.\u00a0<\/p>\n<p>CINE ESTE CRIN ANTONESCU\u00a0<\/p>\n<p>&#8211; <a href=\"https:\/\/www.realitatea.net\/stiri\/actual\/crin-antonescu-spune-ca-nu-a-fost-contactat-de-nimeni-pentru-candidatura-la-prezidentiale_67648a8644463e15776fcc82\" target=\"_blank\">s-a n\u0103scut pe 21 septembrie 1959<\/a>, Tulcea- a condus Partidul Na\u021bional Liberal din 2009 p\u00e2n\u0103 \u00een 2014- a fost pre\u0219edinte al Senatului Rom\u00e2niei \u00eentre 2012 \u0219i 2014- a fost candidatul PNL la alegerile preziden\u021biale din 2009, unde s-a clasat pe locul al treilea \u00een primul tur.<\/p>\n<p>CINE ESTE IOAN AUREL POP\u00a0<\/p>\n<p>&#8211; s-a n\u0103scut pe 1 ianuarie 1955, Cluj- este profesor universitar din 1996) \u0219i rector al Universit\u0103\u021bii Babe\u0219-Bolyai din Cluj (2012-2020)- pre\u0219edinte al Academiei Rom\u00e2ne din 2018<\/p>\n<p>CINE ESTE EMIL HUREZEANU<\/p>\n<p>-s-a n\u0103scut pe 26 august 1955, Sibiu- scriitor \u0219i jurnalist la Radio Europa Liber\u0103- a fost ambasador al Rom\u00e2niei \u00een Germania- din 2021 este ambasadorul Rom\u00e2niei \u00een Austria<\/p>\n<p>CINE ESTE DANIEL DAVID\u00a0<\/p>\n<p>&#8211; s-a n\u0103scut pe 23 noiembrie 1972, Satu Mare- profesor de psihologie clinic\u0103 \u0219i psihoterapie la Universitatea Babe\u0219-Bolyai din Cluj-Napoca- ales \u00een 2020 \u00een func\u021bia de rector al Universit\u0103\u021bii \u201dBabe\u0219-Bolyai\u201d- din 2022 este membru al Academiei Rom\u00e2ne\u00a0<\/p>","protected":false},"excerpt":{"rendered":"<p>Printre numele propuse ar fi in primul rand Crin Antonescu, cel care a condus la&hellip;<\/p>\n","protected":false},"author":0,"featured_media":18248,"comment_status":"open","ping_status":"open","sticky":false,"template":"","format":"standard","meta":{"footnotes":""},"categories":[2],"tags":[],"class_list":["post-18253","post","type-post","status-publish","format-standard","has-post-thumbnail","hentry","category-actual"],"_links":{"self":[{"href":"https:\/\/247stiri.ro\/index.php\/wp-json\/wp\/v2\/posts\/18253","targetHints":{"allow":["GET"]}}],"collection":[{"href":"https:\/\/247stiri.ro\/index.php\/wp-json\/wp\/v2\/posts"}],"about":[{"href":"https:\/\/247stiri.ro\/index.php\/wp-json\/wp\/v2\/types\/post"}],"replies":[{"embeddable":true,"href":"https:\/\/247stiri.ro\/index.php\/wp-json\/wp\/v2\/comments?post=18253"}],"version-history":[{"count":0,"href":"https:\/\/247stiri.ro\/index.php\/wp-json\/wp\/v2\/posts\/18253\/revisions"}],"wp:featuredmedia":[{"embeddable":true,"href":"https:\/\/247stiri.ro\/index.php\/wp-json\/wp\/v2\/media\/18248"}],"wp:attachment":[{"href":"https:\/\/247stiri.ro\/index.php\/wp-json\/wp\/v2\/media?parent=18253"}],"wp:term":[{"taxonomy":"category","embeddable":true,"href":"https:\/\/247stiri.ro\/index.php\/wp-json\/wp\/v2\/categories?post=18253"},{"taxonomy":"post_tag","embeddable":true,"href":"https:\/\/247stiri.ro\/index.php\/wp-json\/wp\/v2\/tags?post=18253"}],"curies":[{"name":"wp","href":"https:\/\/api.w.org\/{rel}","templated":true}]}}