{"id":18255,"date":"2024-12-21T10:46:10","date_gmt":"2024-12-21T10:46:10","guid":{"rendered":"https:\/\/247stiri.ro\/index.php\/2024\/12\/21\/autoutilitara-blocata-sub-un-pod-din-romania-trafic-ingreunat\/"},"modified":"2024-12-21T10:46:10","modified_gmt":"2024-12-21T10:46:10","slug":"autoutilitara-blocata-sub-un-pod-din-romania-trafic-ingreunat","status":"publish","type":"post","link":"https:\/\/247stiri.ro\/index.php\/2024\/12\/21\/autoutilitara-blocata-sub-un-pod-din-romania-trafic-ingreunat\/","title":{"rendered":"Autoutilitar\u0103 blocat\u0103 sub un pod din Rom\u00e2nia: Trafic \u00eengreunat"},"content":{"rendered":"<p>Detalii despre incident<\/p>\n<p>Potrivit Inspectoratului de Poli\u021bie Jude\u021bean (IPJ) V\u00e2lcea, \u0219oferul autoutilitarei este un b\u0103rbat \u00een v\u00e2rst\u0103 de 60 de ani, din Ploie\u0219ti, jude\u021bul Prahova. Acesta a fost testat cu aparatul etilotest, iar rezultatul a indicat c\u0103 nu consumase alcool.<\/p>\n<p><a href=\"https:\/\/www.realitatea.net\/stiri\/actual\/accident-rutier-in-buzau-trei-tineri-au-fost-raniti-in-urma-coliziunii-dintre-o-masina-si-un-camion_6765e953c80acb706b468de4\" target=\"_blank\">Blocajul a avut loc<\/a> \u00een urma unei manevre care nu a \u021binut cont de \u00een\u0103l\u021bimea maxim\u0103 permis\u0103 sub pod, ceea ce a dus la imposibilitatea vehiculului de a trece.<\/p>\n<p>Echipajele Biroului Rutier s-au deplasat imediat la locul incidentului pentru a dirija traficul \u0219i a gestiona situa\u021bia. Autorit\u0103\u021bile au asigurat desf\u0103\u0219urarea \u00een siguran\u021b\u0103 a circula\u021biei rutiere \u00een zona afectat\u0103, p\u00e2n\u0103 la eliberarea carosabilului.<\/p>\n<p>Poli\u021bi\u0219tii recomand\u0103 conduc\u0103torilor auto s\u0103 acorde o aten\u021bie sporit\u0103 indicatoarelor de \u00een\u0103l\u021bime \u0219i s\u0103 respecte limitele impuse \u00een zonele cu poduri sau pasaje joase pentru a evita incidente similare.<\/p>\n<p><a href=\"https:\/\/www.realitatea.net\/stiri\/actual\/accident-rutier-grav-pe-dn-76-7-victime-in-urma-impactului-printre-care-si-2-copii_6765e4ecde3fce45b36f4712\" target=\"_blank\">Situa\u021bia a fost rezolvat\u0103<\/a> \u00een scurt timp, \u00eens\u0103 evenimentul a creat disconfort participan\u021bilor la trafic, eviden\u021biind importan\u021ba unei planific\u0103ri atente \u0219i a respect\u0103rii regulilor rutiere.<\/p>","protected":false},"excerpt":{"rendered":"<p>Detalii despre incident Potrivit Inspectoratului de Poli\u021bie Jude\u021bean (IPJ) V\u00e2lcea, \u0219oferul autoutilitarei este un b\u0103rbat&hellip;<\/p>\n","protected":false},"author":0,"featured_media":18256,"comment_status":"open","ping_status":"open","sticky":false,"template":"","format":"standard","meta":{"footnotes":""},"categories":[2],"tags":[],"class_list":["post-18255","post","type-post","status-publish","format-standard","has-post-thumbnail","hentry","category-actual"],"_links":{"self":[{"href":"https:\/\/247stiri.ro\/index.php\/wp-json\/wp\/v2\/posts\/18255","targetHints":{"allow":["GET"]}}],"collection":[{"href":"https:\/\/247stiri.ro\/index.php\/wp-json\/wp\/v2\/posts"}],"about":[{"href":"https:\/\/247stiri.ro\/index.php\/wp-json\/wp\/v2\/types\/post"}],"replies":[{"embeddable":true,"href":"https:\/\/247stiri.ro\/index.php\/wp-json\/wp\/v2\/comments?post=18255"}],"version-history":[{"count":0,"href":"https:\/\/247stiri.ro\/index.php\/wp-json\/wp\/v2\/posts\/18255\/revisions"}],"wp:featuredmedia":[{"embeddable":true,"href":"https:\/\/247stiri.ro\/index.php\/wp-json\/wp\/v2\/media\/18256"}],"wp:attachment":[{"href":"https:\/\/247stiri.ro\/index.php\/wp-json\/wp\/v2\/media?parent=18255"}],"wp:term":[{"taxonomy":"category","embeddable":true,"href":"https:\/\/247stiri.ro\/index.php\/wp-json\/wp\/v2\/categories?post=18255"},{"taxonomy":"post_tag","embeddable":true,"href":"https:\/\/247stiri.ro\/index.php\/wp-json\/wp\/v2\/tags?post=18255"}],"curies":[{"name":"wp","href":"https:\/\/api.w.org\/{rel}","templated":true}]}}