{"id":18257,"date":"2024-12-21T10:46:10","date_gmt":"2024-12-21T10:46:10","guid":{"rendered":"https:\/\/247stiri.ro\/index.php\/2024\/12\/21\/mandatul-lui-iohannis-se-incheie-azi-cine-va-conduce-tara-orice-decizie-va-lua-klaus-iohannis-de-acum-incolo-se-va-lovi-de-nulitate\/"},"modified":"2024-12-21T10:46:10","modified_gmt":"2024-12-21T10:46:10","slug":"mandatul-lui-iohannis-se-incheie-azi-cine-va-conduce-tara-orice-decizie-va-lua-klaus-iohannis-de-acum-incolo-se-va-lovi-de-nulitate","status":"publish","type":"post","link":"https:\/\/247stiri.ro\/index.php\/2024\/12\/21\/mandatul-lui-iohannis-se-incheie-azi-cine-va-conduce-tara-orice-decizie-va-lua-klaus-iohannis-de-acum-incolo-se-va-lovi-de-nulitate\/","title":{"rendered":"Mandatul lui Iohannis se \u00eencheie azi. Cine va conduce \u021bara: \u201eOrice decizie va lua Klaus Iohannis de acum \u00eencolo se va lovi de nulitate\u201d"},"content":{"rendered":"<p>Paul St\u0103nescu confirm\u0103 ca Marcel Ciolacu va fi premier. Care sunt ultimele calcule politice, cum va fi condus\u0103 \u021bar\u0103 p\u00e2n\u0103 la formarea unei noi Coali\u021bii la guvernare, ce arat\u0103 exper\u021bii \u00een drept constitu\u021bional, sunt \u00eentreb\u0103ri la care oamenii a\u0219teapt\u0103 r\u0103spuns.\u00a0<\/p>\n<p>Pe surse, Realitatea PLUS are cele patru nume luate in calcul de PSD si PNL pentru Cotroceni: Crin Antonescu, Ioan Aurel Pop, Emil Hurezeanu, Daniel David.<\/p>\n<p>Mandatul lui Klaus Iohannis a expirat<\/p>\n<p><a href=\"https:\/\/www.realitatea.net\/stiri\/actual\/fost-judecator-ccr-iohannis-ocupa-functia-ilegal_676682c95c12cc03770954f2\" target=\"_blank\">Fost judec\u0103tor al Cur\u021bii Constitu\u021bionale,<\/a> Petre L\u0103z\u0103roiu, a declarat \u00een exclusivitate la Realitatea PLUS c\u0103 Iohannis nu mai este pre\u0219edintele Rom\u00e2niei din punct de vedere constitu\u021bional, \u00eencep\u00e2nd de ast\u0103zi.\u00a0<\/p>\n<p>Mandatul \u0219efului statului este de cinci ani \u0219i poate fi prelungit doar \u00een caz de r\u0103zboi sau catastrof\u0103, situa\u021bii in care nu ne reg\u0103sim. L\u0103z\u0103roiu a men\u021bionat c\u0103, odat\u0103 ce func\u021bia devine vacant\u0103, se va instituii interimatul.\u00a0<\/p>\n<p>\u201eNu mai are niciun fel de legitimitate de la noapte \u00eencolo. Orice decizie va lua Klaus Iohannis de acum \u00eencolo se va lovi de nulitate.\u201d, a declarat avocatul Ingrid Mocanu exclusiv la Realitatea PLUS.<\/p>\n<p><a href=\"https:\/\/www.realitatea.net\/stiri\/actual\/klaus-iohannis-contesta-la-ccr-ordonanta-privind-amnistia-fiscala-ce-nui-convine-presedintelui_67659bc57c5ccf321851c8d3\" target=\"_blank\">Mandatul pre\u0219edintelui Klaus Iohannis<\/a> se termin\u0103 \u00een aceast\u0103 noapte la ora 00:00, cu toate acestea, \u0219eful statului vrea s\u0103 numeasc\u0103 noul premier al \u021b\u0103rii.\u00a0<\/p>","protected":false},"excerpt":{"rendered":"<p>Paul St\u0103nescu confirm\u0103 ca Marcel Ciolacu va fi premier. Care sunt ultimele calcule politice, cum&hellip;<\/p>\n","protected":false},"author":0,"featured_media":18250,"comment_status":"open","ping_status":"open","sticky":false,"template":"","format":"standard","meta":{"footnotes":""},"categories":[2],"tags":[],"class_list":["post-18257","post","type-post","status-publish","format-standard","has-post-thumbnail","hentry","category-actual"],"_links":{"self":[{"href":"https:\/\/247stiri.ro\/index.php\/wp-json\/wp\/v2\/posts\/18257","targetHints":{"allow":["GET"]}}],"collection":[{"href":"https:\/\/247stiri.ro\/index.php\/wp-json\/wp\/v2\/posts"}],"about":[{"href":"https:\/\/247stiri.ro\/index.php\/wp-json\/wp\/v2\/types\/post"}],"replies":[{"embeddable":true,"href":"https:\/\/247stiri.ro\/index.php\/wp-json\/wp\/v2\/comments?post=18257"}],"version-history":[{"count":0,"href":"https:\/\/247stiri.ro\/index.php\/wp-json\/wp\/v2\/posts\/18257\/revisions"}],"wp:featuredmedia":[{"embeddable":true,"href":"https:\/\/247stiri.ro\/index.php\/wp-json\/wp\/v2\/media\/18250"}],"wp:attachment":[{"href":"https:\/\/247stiri.ro\/index.php\/wp-json\/wp\/v2\/media?parent=18257"}],"wp:term":[{"taxonomy":"category","embeddable":true,"href":"https:\/\/247stiri.ro\/index.php\/wp-json\/wp\/v2\/categories?post=18257"},{"taxonomy":"post_tag","embeddable":true,"href":"https:\/\/247stiri.ro\/index.php\/wp-json\/wp\/v2\/tags?post=18257"}],"curies":[{"name":"wp","href":"https:\/\/api.w.org\/{rel}","templated":true}]}}