{"id":18258,"date":"2024-12-21T10:46:10","date_gmt":"2024-12-21T10:46:10","guid":{"rendered":"https:\/\/247stiri.ro\/index.php\/2024\/12\/21\/incendiu-in-cladirea-unui-parlament-aproape-500-de-persoane-evacuate-unde-a-avut-loc-incidentul\/"},"modified":"2024-12-21T10:46:10","modified_gmt":"2024-12-21T10:46:10","slug":"incendiu-in-cladirea-unui-parlament-aproape-500-de-persoane-evacuate-unde-a-avut-loc-incidentul","status":"publish","type":"post","link":"https:\/\/247stiri.ro\/index.php\/2024\/12\/21\/incendiu-in-cladirea-unui-parlament-aproape-500-de-persoane-evacuate-unde-a-avut-loc-incidentul\/","title":{"rendered":"Incendiu \u00een cl\u0103direa unui parlament. Aproape 500 de persoane, evacuate. Unde a avut loc incidentul"},"content":{"rendered":"<p>Aproape 500 de oameni au fost evacua\u0163i s\u00e2mb\u0103t\u0103 de la parlamentul din Seul din cauza unui incendiu, au anun\u0163at autorit\u0103\u0163ile, citate de Yonhap, scrie <a href=\"https:\/\/www.agerpres.ro\/mondorama\/2024\/12\/21\/aproape-500-de-oameni-evacuati-la-parlamentul-din-seul-din-cauza-unui-incendiu--1406637\" target=\"_blank\">Agerpres<\/a>.<\/p>\n<p>Focul a izbucnit la ora local\u0103 11.52 a.m. la o sal\u0103 de festivit\u0103\u0163i din complexul unde are sediul legislativul sud-coreean, \u00een vestul Seulului.Cl\u0103direa g\u0103zduie\u015fte o sal\u0103 de pres\u0103 \u015fi o sal\u0103 rezervat\u0103 pentru nun\u0163i. \u00centre cei circa 480 de oameni evacua\u0163i se num\u0103r\u0103 reporteri \u015fi invita\u0163i la nunt\u0103, au men\u0163ionat pompierii.\u015ease dintre persoanele evacuate au necesitat tratament din cauz\u0103 c\u0103 au inhalat fum, dar nu au fost \u00eenregistra\u0163i r\u0103ni\u0163i grav.Focul a fost preluat complet sub control peste circa o or\u0103 \u015fi a fost lansat\u0103 o anchet\u0103 pentru a stabili cum a pornit.<\/p>\n<p><a href=\"https:\/\/www.realitatea.net\/stiri\/actual\/barbat-carbonizat-in-urma-unui-incendiu-in-mangalia_67665e2187def92cd060c802\" target=\"_blank\">B\u0103rbat, carbonizat \u00een urma unui incendiu, \u00een Mangalia<\/a><\/p>","protected":false},"excerpt":{"rendered":"<p>Aproape 500 de oameni au fost evacua\u0163i s\u00e2mb\u0103t\u0103 de la parlamentul din Seul din cauza&hellip;<\/p>\n","protected":false},"author":0,"featured_media":18246,"comment_status":"open","ping_status":"open","sticky":false,"template":"","format":"standard","meta":{"footnotes":""},"categories":[2],"tags":[],"class_list":["post-18258","post","type-post","status-publish","format-standard","has-post-thumbnail","hentry","category-actual"],"_links":{"self":[{"href":"https:\/\/247stiri.ro\/index.php\/wp-json\/wp\/v2\/posts\/18258","targetHints":{"allow":["GET"]}}],"collection":[{"href":"https:\/\/247stiri.ro\/index.php\/wp-json\/wp\/v2\/posts"}],"about":[{"href":"https:\/\/247stiri.ro\/index.php\/wp-json\/wp\/v2\/types\/post"}],"replies":[{"embeddable":true,"href":"https:\/\/247stiri.ro\/index.php\/wp-json\/wp\/v2\/comments?post=18258"}],"version-history":[{"count":0,"href":"https:\/\/247stiri.ro\/index.php\/wp-json\/wp\/v2\/posts\/18258\/revisions"}],"wp:featuredmedia":[{"embeddable":true,"href":"https:\/\/247stiri.ro\/index.php\/wp-json\/wp\/v2\/media\/18246"}],"wp:attachment":[{"href":"https:\/\/247stiri.ro\/index.php\/wp-json\/wp\/v2\/media?parent=18258"}],"wp:term":[{"taxonomy":"category","embeddable":true,"href":"https:\/\/247stiri.ro\/index.php\/wp-json\/wp\/v2\/categories?post=18258"},{"taxonomy":"post_tag","embeddable":true,"href":"https:\/\/247stiri.ro\/index.php\/wp-json\/wp\/v2\/tags?post=18258"}],"curies":[{"name":"wp","href":"https:\/\/api.w.org\/{rel}","templated":true}]}}