{"id":18262,"date":"2024-12-21T10:46:10","date_gmt":"2024-12-21T10:46:10","guid":{"rendered":"https:\/\/247stiri.ro\/index.php\/2024\/12\/21\/un-barbat-de-37-de-ani-a-fost-arestat-dupa-ce-a-ucis-un-alt-barbat-de-31-de-ani-de-la-ce-a-pornit-disputa-dintre-ei\/"},"modified":"2024-12-21T10:46:10","modified_gmt":"2024-12-21T10:46:10","slug":"un-barbat-de-37-de-ani-a-fost-arestat-dupa-ce-a-ucis-un-alt-barbat-de-31-de-ani-de-la-ce-a-pornit-disputa-dintre-ei","status":"publish","type":"post","link":"https:\/\/247stiri.ro\/index.php\/2024\/12\/21\/un-barbat-de-37-de-ani-a-fost-arestat-dupa-ce-a-ucis-un-alt-barbat-de-31-de-ani-de-la-ce-a-pornit-disputa-dintre-ei\/","title":{"rendered":"Un b\u0103rbat de 37 de ani a fost arestat dup\u0103 ce a ucis un alt b\u0103rbat de 31 de ani. De la ce a pornit disputa dintre ei"},"content":{"rendered":"<p>Detalii despre incident<\/p>\n<p><a href=\"https:\/\/www.realitatea.net\/stiri\/extern\/iubire-periculoasa-un-barbat-sia-declarat-dragostea-eterna-pentru-sotia-sa-apoi-a-uciso-in-luna-de-miere_676460b1b1c58932b4498ca2\" target=\"_blank\">Conform autorit\u0103\u021bilor,<\/a> conflictul s-a declan\u0219at \u00eentre cei doi b\u0103rba\u021bi pe fondul unor ne\u00een\u021belegeri. Situa\u021bia a escaladat rapid, iar victima a suferit acte de violen\u021b\u0103 care i-au fost fatale. Eforturile echipajului medical sosit la fa\u021ba locului de a-l resuscita au fost zadarnice, decesul fiind declarat la scurt timp.<\/p>\n<p>Imediat dup\u0103 sesizarea incidentului, o echip\u0103 format\u0103 din ofi\u021beri ai Serviciului Investiga\u021bii Criminale \u0219i ai Serviciului Criminalistic, sub coordonarea unui procuror criminalist de la Parchetul de pe l\u00e2ng\u0103 Tribunalul Alba, s-a deplasat la fa\u021ba locului pentru a efectua cercet\u0103rile.<\/p>\n<p>Probele str\u00e2nse au condus la identificarea \u0219i re\u021binerea suspectului pentru o perioad\u0103 de 24 de ore, urm\u00e2nd ca acesta s\u0103 fie prezentat \u00een fa\u021ba instan\u021bei pentru luarea unor m\u0103suri preventive.<\/p>\n<p><a href=\"https:\/\/www.realitatea.net\/stiri\/extern\/executat-in-ziua-aniversarii-sale-povestea-unui-criminal-care-a-ucis-o-fetita-de-10-ani_6765ca8d90869524af43f502\" target=\"_blank\">Cazul a fost preluat<\/a> oficial de Parchetul de pe l\u00e2ng\u0103 Tribunalul Alba, care va analiza probele pentru a stabili circumstan\u021bele exacte ale faptei. Procurorii investigheaz\u0103 at\u00e2t motivul disputei, c\u00e2t \u0219i nivelul de premeditare al actului violent.<\/p>","protected":false},"excerpt":{"rendered":"<p>Detalii despre incident Conform autorit\u0103\u021bilor, conflictul s-a declan\u0219at \u00eentre cei doi b\u0103rba\u021bi pe fondul unor&hellip;<\/p>\n","protected":false},"author":0,"featured_media":18263,"comment_status":"open","ping_status":"open","sticky":false,"template":"","format":"standard","meta":{"footnotes":""},"categories":[2],"tags":[],"class_list":["post-18262","post","type-post","status-publish","format-standard","has-post-thumbnail","hentry","category-actual"],"_links":{"self":[{"href":"https:\/\/247stiri.ro\/index.php\/wp-json\/wp\/v2\/posts\/18262","targetHints":{"allow":["GET"]}}],"collection":[{"href":"https:\/\/247stiri.ro\/index.php\/wp-json\/wp\/v2\/posts"}],"about":[{"href":"https:\/\/247stiri.ro\/index.php\/wp-json\/wp\/v2\/types\/post"}],"replies":[{"embeddable":true,"href":"https:\/\/247stiri.ro\/index.php\/wp-json\/wp\/v2\/comments?post=18262"}],"version-history":[{"count":0,"href":"https:\/\/247stiri.ro\/index.php\/wp-json\/wp\/v2\/posts\/18262\/revisions"}],"wp:featuredmedia":[{"embeddable":true,"href":"https:\/\/247stiri.ro\/index.php\/wp-json\/wp\/v2\/media\/18263"}],"wp:attachment":[{"href":"https:\/\/247stiri.ro\/index.php\/wp-json\/wp\/v2\/media?parent=18262"}],"wp:term":[{"taxonomy":"category","embeddable":true,"href":"https:\/\/247stiri.ro\/index.php\/wp-json\/wp\/v2\/categories?post=18262"},{"taxonomy":"post_tag","embeddable":true,"href":"https:\/\/247stiri.ro\/index.php\/wp-json\/wp\/v2\/tags?post=18262"}],"curies":[{"name":"wp","href":"https:\/\/api.w.org\/{rel}","templated":true}]}}