{"id":18264,"date":"2024-12-21T11:48:42","date_gmt":"2024-12-21T11:48:42","guid":{"rendered":"https:\/\/247stiri.ro\/index.php\/2024\/12\/21\/simion-ii-cere-lui-klaus-iohannis-sa-plece-de-la-cotroceni-presedintele-senatului-trebuie-sa-preia-locul-lui-iohannis\/"},"modified":"2024-12-21T11:48:42","modified_gmt":"2024-12-21T11:48:42","slug":"simion-ii-cere-lui-klaus-iohannis-sa-plece-de-la-cotroceni-presedintele-senatului-trebuie-sa-preia-locul-lui-iohannis","status":"publish","type":"post","link":"https:\/\/247stiri.ro\/index.php\/2024\/12\/21\/simion-ii-cere-lui-klaus-iohannis-sa-plece-de-la-cotroceni-presedintele-senatului-trebuie-sa-preia-locul-lui-iohannis\/","title":{"rendered":"Simion \u00eei cere lui Klaus Iohannis s\u0103 plece de la Cotroceni: \u201ePre\u0219edintele senatului trebuie s\u0103 preia locul lui Iohannis\u201d"},"content":{"rendered":"<p>De asemenea, <a href=\"https:\/\/www.realitatea.net\/stiri\/actual\/george-simion-spune-ca-aur-e-pregatit-sa-preia-guvernarea-cine-este-premierul-suveranist-propus-de-partid_67644914efc6da6748451492\" target=\"_blank\">liderul AUR<\/a> spune c\u0103 e preg\u0103tit s\u0103 preia Guvernarea dup\u0103 ce Marcel Ciolacu s-a retras de la masa negocierilor cu PNL \u0219i USR \u0219i a anun\u021bat c\u0103 r\u0103m\u00e2ne \u00een opozi\u021bie.\u00a0<\/p>\n<p>Iar \u00een fruntea Executivului s\u0103 fie numit Petri\u0219or Peiu, spune liderul AUR. \u00cen cazul \u00een care nu va avea majoritate, liderul AUR cere alegeri anticipate.\u00a0<\/p>\n<p>George Simion \u00eei cere demisia lui Iohannis<\/p>\n<p>\u201eAUR are abilitatea, capacitatea, voin\u021ba \u0219i \u0219tiin\u021ba de a prelua Guvernul \u00een Rom\u00e2nia, conform cu voin\u021ba rom\u00e2nilor care au votat pe 1 decembrie \u0219i pe 24 noiembrie. Constatarea ca fiind vacant\u0103 pozi\u021bia de pre\u0219edinte \u00eencep\u00e2nd cu 22 decembrie, preluarea interimar\u0103 a func\u021biei de pre\u0219edinte de c\u0103tre pre\u0219edintele senatului, desemnarea unui premier \u00een urma propunerii f\u0103cute de AUR, Petri\u0219or Peiu, organizarea \u00een cel mai scurt timp a alegerilor preziden\u021biale, o nou\u0103 conducere a AEP \u00een termeni stabili\u021bi de BEC.\u201d, spune Simion.<\/p>\n<p>\u201eAgregare cu o majoritate a partidelor sau a parlamentarilor din noua legislatur\u0103, a unui set de m\u0103suri implementate de 3-6 luni dup\u0103 care s\u0103 ajungem la votul rom\u00e2nilor care s\u0103 stabileasc\u0103 majoritatea stabil\u0103 pentru urm\u0103torii 4 ani. Aceasta e pozi\u021bia luat\u0103 de AUR. Un Guvern, nu cel actual, care s\u0103 fac\u0103 alegeri libere echidistante, dac\u0103 nu exist\u0103 majoritate stabil\u0103, s\u0103 ajungem la votul rom\u00e2nilor.\u201d, <a href=\"https:\/\/www.realitatea.net\/stiri\/politica\/george-simion-dinamiteaza-statul-paralel-coldea-artizanul-loviturii-de-stat-gabriel-oprea-singurul-demnitar-care-a-luptat-pentru-salariile-militarilor-si-politistilor-sai-faca-publica-teza-de-doctorat_6762bd7a08932449ae331fe2\" target=\"_blank\">a completat liderul AUR.<\/a><\/p>","protected":false},"excerpt":{"rendered":"<p>De asemenea, liderul AUR spune c\u0103 e preg\u0103tit s\u0103 preia Guvernarea dup\u0103 ce Marcel Ciolacu&hellip;<\/p>\n","protected":false},"author":0,"featured_media":18265,"comment_status":"open","ping_status":"open","sticky":false,"template":"","format":"standard","meta":{"footnotes":""},"categories":[3],"tags":[],"class_list":["post-18264","post","type-post","status-publish","format-standard","has-post-thumbnail","hentry","category-politica"],"_links":{"self":[{"href":"https:\/\/247stiri.ro\/index.php\/wp-json\/wp\/v2\/posts\/18264","targetHints":{"allow":["GET"]}}],"collection":[{"href":"https:\/\/247stiri.ro\/index.php\/wp-json\/wp\/v2\/posts"}],"about":[{"href":"https:\/\/247stiri.ro\/index.php\/wp-json\/wp\/v2\/types\/post"}],"replies":[{"embeddable":true,"href":"https:\/\/247stiri.ro\/index.php\/wp-json\/wp\/v2\/comments?post=18264"}],"version-history":[{"count":0,"href":"https:\/\/247stiri.ro\/index.php\/wp-json\/wp\/v2\/posts\/18264\/revisions"}],"wp:featuredmedia":[{"embeddable":true,"href":"https:\/\/247stiri.ro\/index.php\/wp-json\/wp\/v2\/media\/18265"}],"wp:attachment":[{"href":"https:\/\/247stiri.ro\/index.php\/wp-json\/wp\/v2\/media?parent=18264"}],"wp:term":[{"taxonomy":"category","embeddable":true,"href":"https:\/\/247stiri.ro\/index.php\/wp-json\/wp\/v2\/categories?post=18264"},{"taxonomy":"post_tag","embeddable":true,"href":"https:\/\/247stiri.ro\/index.php\/wp-json\/wp\/v2\/tags?post=18264"}],"curies":[{"name":"wp","href":"https:\/\/api.w.org\/{rel}","templated":true}]}}