{"id":18266,"date":"2024-12-21T11:48:42","date_gmt":"2024-12-21T11:48:42","guid":{"rendered":"https:\/\/247stiri.ro\/index.php\/2024\/12\/21\/elena-lasconi-a-intrat-in-blacklist-presedinta-usr-se-plange-ca-liderii-nu-i-raspund-la-mesaje\/"},"modified":"2024-12-21T11:48:42","modified_gmt":"2024-12-21T11:48:42","slug":"elena-lasconi-a-intrat-in-blacklist-presedinta-usr-se-plange-ca-liderii-nu-i-raspund-la-mesaje","status":"publish","type":"post","link":"https:\/\/247stiri.ro\/index.php\/2024\/12\/21\/elena-lasconi-a-intrat-in-blacklist-presedinta-usr-se-plange-ca-liderii-nu-i-raspund-la-mesaje\/","title":{"rendered":"Elena Lasconi a intrat \u00een Blacklist. Pre\u0219edinta USR se pl\u00e2nge c\u0103 liderii nu-i r\u0103spund la mesaje"},"content":{"rendered":"<p><a href=\"https:\/\/www.realitatea.net\/stiri\/actual\/elena-lasconi-a-ajuns-la-guvern-usr-nu-mai-boicoteaza-negocierile-pentru-formarea-noului-executiv_676185a338ec9f56b31a4c93\" target=\"_blank\">\u00a0Liderul USR<\/a> sus\u021bine c\u0103 pre\u0219edintele PNL a \u00eencetat s\u0103 \u00eei mai r\u0103spund\u0103 la mesaje, bloc\u00e2nd orice dialog.\u00a0<\/p>\n<p>Mai mult, Nicu\u0219or Dan, care \u0219i-a anun\u021bat candidatura independent\u0103 la preziden\u021biale, nici m\u0103car nu \u00eei mai r\u0103spunde la telefon.\u00a0<\/p>\n<p><a href=\"https:\/\/www.realitatea.net\/stiri\/politica\/lasconi-pune-conditii-pentru-a-prelua-guvernarea-o-noua-runda-de-negocieri-va-avea-loc-astazi-ce-vrea-liderul-usr_676517abe963df762d2850b2\" target=\"_blank\">Elena Lasconi<\/a> spune c\u0103 l-a sunat pe Nicu\u0219or Dan pentru a-i ura \u201ela mul\u021bi ani\u201d de Sf\u00e2ntul Nicolae, \u00eens\u0103 nu a binevoit s\u0103-i r\u0103spund\u0103.<\/p>\n<p>\u201e &#8211; Dumneavoastr\u0103 l-a\u021bi sunat pe domnul Bolojan?\u00a0 &#8211; Da&#8230;\u0219i nu m-a mai sunat. Drag\u0103 Nicu\u0219or, la mul\u021bi ani, te-am sunat ast\u0103zi&#8230;\u00a0\u00a0 &#8211; I-a\u021bi trimis mesaj m\u0103car \u00eenapoi?\u00a0\u00a0 &#8211; Da, i-am trimis. \u201d<\/p>\n<p>\u00a0<\/p>","protected":false},"excerpt":{"rendered":"<p>\u00a0Liderul USR sus\u021bine c\u0103 pre\u0219edintele PNL a \u00eencetat s\u0103 \u00eei mai r\u0103spund\u0103 la mesaje, bloc\u00e2nd&hellip;<\/p>\n","protected":false},"author":0,"featured_media":18267,"comment_status":"open","ping_status":"open","sticky":false,"template":"","format":"standard","meta":{"footnotes":""},"categories":[3],"tags":[],"class_list":["post-18266","post","type-post","status-publish","format-standard","has-post-thumbnail","hentry","category-politica"],"_links":{"self":[{"href":"https:\/\/247stiri.ro\/index.php\/wp-json\/wp\/v2\/posts\/18266","targetHints":{"allow":["GET"]}}],"collection":[{"href":"https:\/\/247stiri.ro\/index.php\/wp-json\/wp\/v2\/posts"}],"about":[{"href":"https:\/\/247stiri.ro\/index.php\/wp-json\/wp\/v2\/types\/post"}],"replies":[{"embeddable":true,"href":"https:\/\/247stiri.ro\/index.php\/wp-json\/wp\/v2\/comments?post=18266"}],"version-history":[{"count":0,"href":"https:\/\/247stiri.ro\/index.php\/wp-json\/wp\/v2\/posts\/18266\/revisions"}],"wp:featuredmedia":[{"embeddable":true,"href":"https:\/\/247stiri.ro\/index.php\/wp-json\/wp\/v2\/media\/18267"}],"wp:attachment":[{"href":"https:\/\/247stiri.ro\/index.php\/wp-json\/wp\/v2\/media?parent=18266"}],"wp:term":[{"taxonomy":"category","embeddable":true,"href":"https:\/\/247stiri.ro\/index.php\/wp-json\/wp\/v2\/categories?post=18266"},{"taxonomy":"post_tag","embeddable":true,"href":"https:\/\/247stiri.ro\/index.php\/wp-json\/wp\/v2\/tags?post=18266"}],"curies":[{"name":"wp","href":"https:\/\/api.w.org\/{rel}","templated":true}]}}