{"id":18268,"date":"2024-12-21T11:48:43","date_gmt":"2024-12-21T11:48:43","guid":{"rendered":"https:\/\/247stiri.ro\/index.php\/2024\/12\/21\/accident-in-lant-cu-sapte-masini-implicate-pe-autostrada-a1-traficul-blocat\/"},"modified":"2024-12-21T11:48:43","modified_gmt":"2024-12-21T11:48:43","slug":"accident-in-lant-cu-sapte-masini-implicate-pe-autostrada-a1-traficul-blocat","status":"publish","type":"post","link":"https:\/\/247stiri.ro\/index.php\/2024\/12\/21\/accident-in-lant-cu-sapte-masini-implicate-pe-autostrada-a1-traficul-blocat\/","title":{"rendered":"Accident \u00een lan\u021b, cu \u0219apte ma\u0219ini implicate, pe autostrada A1. Traficul, blocat"},"content":{"rendered":"<p>\u0218apte ma\u015fini au fost implicate, s\u00e2mb\u0103t\u0103, \u00eentr-un accident rutier pe autostrad\u0103, \u00een jude\u0163ul Timi\u015f., \u00een dreptul localit\u0103\u021bii Buzia\u0219, \u00een sensul de mers dinspre N\u0103dlac spre Deva. Din fericire nu exist\u0103 victime, conform Centrului InfoTrafic din Inspectoratul General al Poli\u021biei Rom\u00e2ne.<\/p>\n<p>\u201dCentrul Infotrafic din Inspectoratul General al Poli\u0163iei Rom\u00e2ne informeaz\u0103 c\u0103, pe autostrada A1, sensul dinspre N\u0103dlac spre Deva, \u00een dreptul localit\u0103\u0163ii Buzia\u015f, jude\u0163ul Timi\u015f, traficul rutier se desf\u0103\u015foar\u0103 \u00eengreunat, prin dirijarea poli\u0163i\u015ftilor, dup\u0103 ce 7 autoturisme au fost implicate \u00eentr-o coliziune fa\u0163\u0103-spate\u201d, a transmis, s\u00e2mb\u0103t\u0103, Centrul Infotrafic.<\/p>\n<p>Valorile de trafic sunt ridicate la ora public\u0103rii articolului, autoturismele urm\u00e2nd a fi scoase \u00een afara p\u0103r\u0163ii carosabile.<\/p>\n<p><a href=\"https:\/\/www.realitatea.net\/stiri\/actual\/autoutilitara-blocata-sub-un-pod-din-romania-trafic-ingreunat_676699c337952a2cdb623b52\" target=\"_blank\">Autoutilitar\u0103 blocat\u0103 sub un pod din Rom\u00e2nia: Trafic \u00eengreunat<\/a><\/p>","protected":false},"excerpt":{"rendered":"<p>\u0218apte ma\u015fini au fost implicate, s\u00e2mb\u0103t\u0103, \u00eentr-un accident rutier pe autostrad\u0103, \u00een jude\u0163ul Timi\u015f., \u00een&hellip;<\/p>\n","protected":false},"author":0,"featured_media":18269,"comment_status":"open","ping_status":"open","sticky":false,"template":"","format":"standard","meta":{"footnotes":""},"categories":[2],"tags":[],"class_list":["post-18268","post","type-post","status-publish","format-standard","has-post-thumbnail","hentry","category-actual"],"_links":{"self":[{"href":"https:\/\/247stiri.ro\/index.php\/wp-json\/wp\/v2\/posts\/18268","targetHints":{"allow":["GET"]}}],"collection":[{"href":"https:\/\/247stiri.ro\/index.php\/wp-json\/wp\/v2\/posts"}],"about":[{"href":"https:\/\/247stiri.ro\/index.php\/wp-json\/wp\/v2\/types\/post"}],"replies":[{"embeddable":true,"href":"https:\/\/247stiri.ro\/index.php\/wp-json\/wp\/v2\/comments?post=18268"}],"version-history":[{"count":0,"href":"https:\/\/247stiri.ro\/index.php\/wp-json\/wp\/v2\/posts\/18268\/revisions"}],"wp:featuredmedia":[{"embeddable":true,"href":"https:\/\/247stiri.ro\/index.php\/wp-json\/wp\/v2\/media\/18269"}],"wp:attachment":[{"href":"https:\/\/247stiri.ro\/index.php\/wp-json\/wp\/v2\/media?parent=18268"}],"wp:term":[{"taxonomy":"category","embeddable":true,"href":"https:\/\/247stiri.ro\/index.php\/wp-json\/wp\/v2\/categories?post=18268"},{"taxonomy":"post_tag","embeddable":true,"href":"https:\/\/247stiri.ro\/index.php\/wp-json\/wp\/v2\/tags?post=18268"}],"curies":[{"name":"wp","href":"https:\/\/api.w.org\/{rel}","templated":true}]}}