{"id":18272,"date":"2024-12-21T11:48:44","date_gmt":"2024-12-21T11:48:44","guid":{"rendered":"https:\/\/247stiri.ro\/index.php\/2024\/12\/21\/declaratie-exploziva-senatorul-psd-paul-stanescu-a-confirmat-ca-intr-adevar-marcel-ciolacu-este-cel-care-va-ramane-in-fruntea-guvernului\/"},"modified":"2024-12-21T11:48:44","modified_gmt":"2024-12-21T11:48:44","slug":"declaratie-exploziva-senatorul-psd-paul-stanescu-a-confirmat-ca-intr-adevar-marcel-ciolacu-este-cel-care-va-ramane-in-fruntea-guvernului","status":"publish","type":"post","link":"https:\/\/247stiri.ro\/index.php\/2024\/12\/21\/declaratie-exploziva-senatorul-psd-paul-stanescu-a-confirmat-ca-intr-adevar-marcel-ciolacu-este-cel-care-va-ramane-in-fruntea-guvernului\/","title":{"rendered":"Declara\u021bie exploziv\u0103! Senatorul PSD, Paul St\u0103nescu, a confirmat c\u0103 \u00eentr-adev\u0103r Marcel Ciolacu este cel care va r\u0103m\u00e2ne \u00een fruntea Guvernului"},"content":{"rendered":"<p>Declara\u021bie exploziv\u0103! Senatorul PSD Paul St\u0103nescu a confirmat c\u0103 \u00eentr-adev\u0103r Marcel Ciolacu este cel care va r\u0103m\u00e2ne \u00een fruntea Guvernului. \u00cen plus, purt\u0103torul de cuv\u00e2nt PSD, Lucian Roma\u0219canu sus\u021bine c\u0103 liderul PSD ar trebui s\u0103 fie premier odat\u0103 ce partidul face parte din coali\u021bia de guvernare.<\/p>\n<p>&#8222;Din perspectiva mea chiar ieri a facut o postare cu cifrele inainte si dupa predarea mandatului astazi de catre domnul Ciolacu merita sa fie prim-ministru in continuare,&#8221; a declarat senatorul.&#8221;\u00cen mod normal PSD cand este la guvernare da premierul din pozitia de presedinte al partidului.&#8221; a mai spus politicianul.<\/p>\n<p>\u0218i Lucian Rom\u0103\u0219canu sus\u021bine c\u0103 Ciolacu merit\u0103 s\u0103 fie premier<\/p>\n<p>Pe de alt\u0103 parte, purt\u0103torul de cuv\u00e2nt al PSD, Lucian Roma\u015fcanu, a declarat, s\u00e2mb\u0103t\u0103, c\u0103 este prematur s\u0103 se vorbeasc\u0103 despre o nominalizare formal\u0103 de premier, punct\u00e2nd c\u0103 dup\u0103 consult\u0103rile de duminic\u0103 de la Palatul Cotroceni se va face aceast\u0103 nominalizare. Politicianul \u0219i-a exprimat, \u00eens\u0103, punctul de vedere \u00een leg\u0103tur\u0103 cu cine ar merita s\u0103 ocupe aceast\u0103 func\u021bie, \u00een opinia sa.<\/p>\n<p>El a sus\u0163inut c\u0103, din punctul s\u0103u de vedere, Marcel Ciolacu merit\u0103 s\u0103 fie premier.&#8221;Avem suficient\u0103 resurs\u0103 de competen\u0163\u0103 s\u0103 poat\u0103 fi mai mul\u0163i varianta de prim-ministru. Din perspectiva mea, (&#8230;) cu toate realiz\u0103rile, cu cifrele \u00eenainte \u015fi dup\u0103 predarea mandatului ast\u0103zi de c\u0103tre domnul Ciolacu, merit\u0103 cred s\u0103 fie prim-ministru. (&#8230;) \u00cen mod normal, PSD c\u00e2nd este la guvernare d\u0103 premierul din pozi\u0163ia de pre\u015fedinte al partidului&#8221;, a afirmat acesta.<\/p>\n<p><a href=\"https:\/\/www.realitatea.net\/stiri\/politica\/romascanu-purtatorul-de-cuvant-al-psd-sia-exprimat-opinia-despre-cine-considera-ca-merita-sa-ocupe-functia-de-premier-decizia-va-fi-luata-duminica_676687a463263d232c3f7c02\" target=\"_blank\">Pe cine consider\u0103 potrivit pentru func\u021bia de premier, Lucian Rom\u0103\u0219canu, purt\u0103torul de cuv\u00e2nt al PSD. Decizia va fi luat\u0103 duminic\u0103<\/a><\/p>","protected":false},"excerpt":{"rendered":"<p>Declara\u021bie exploziv\u0103! Senatorul PSD Paul St\u0103nescu a confirmat c\u0103 \u00eentr-adev\u0103r Marcel Ciolacu este cel care&hellip;<\/p>\n","protected":false},"author":0,"featured_media":18273,"comment_status":"open","ping_status":"open","sticky":false,"template":"","format":"standard","meta":{"footnotes":""},"categories":[2],"tags":[],"class_list":["post-18272","post","type-post","status-publish","format-standard","has-post-thumbnail","hentry","category-actual"],"_links":{"self":[{"href":"https:\/\/247stiri.ro\/index.php\/wp-json\/wp\/v2\/posts\/18272","targetHints":{"allow":["GET"]}}],"collection":[{"href":"https:\/\/247stiri.ro\/index.php\/wp-json\/wp\/v2\/posts"}],"about":[{"href":"https:\/\/247stiri.ro\/index.php\/wp-json\/wp\/v2\/types\/post"}],"replies":[{"embeddable":true,"href":"https:\/\/247stiri.ro\/index.php\/wp-json\/wp\/v2\/comments?post=18272"}],"version-history":[{"count":0,"href":"https:\/\/247stiri.ro\/index.php\/wp-json\/wp\/v2\/posts\/18272\/revisions"}],"wp:featuredmedia":[{"embeddable":true,"href":"https:\/\/247stiri.ro\/index.php\/wp-json\/wp\/v2\/media\/18273"}],"wp:attachment":[{"href":"https:\/\/247stiri.ro\/index.php\/wp-json\/wp\/v2\/media?parent=18272"}],"wp:term":[{"taxonomy":"category","embeddable":true,"href":"https:\/\/247stiri.ro\/index.php\/wp-json\/wp\/v2\/categories?post=18272"},{"taxonomy":"post_tag","embeddable":true,"href":"https:\/\/247stiri.ro\/index.php\/wp-json\/wp\/v2\/tags?post=18272"}],"curies":[{"name":"wp","href":"https:\/\/api.w.org\/{rel}","templated":true}]}}