{"id":18333,"date":"2024-12-21T15:46:38","date_gmt":"2024-12-21T15:46:38","guid":{"rendered":"https:\/\/247stiri.ro\/index.php\/2024\/12\/21\/proaspat-intors-din-romania-viktor-orban-toarna-gaz-pe-focul-relatiilor-europene-bruxellesul-vrea-sa-transforme-ungaria-in-magdeburg\/"},"modified":"2024-12-21T15:46:38","modified_gmt":"2024-12-21T15:46:38","slug":"proaspat-intors-din-romania-viktor-orban-toarna-gaz-pe-focul-relatiilor-europene-bruxellesul-vrea-sa-transforme-ungaria-in-magdeburg","status":"publish","type":"post","link":"https:\/\/247stiri.ro\/index.php\/2024\/12\/21\/proaspat-intors-din-romania-viktor-orban-toarna-gaz-pe-focul-relatiilor-europene-bruxellesul-vrea-sa-transforme-ungaria-in-magdeburg\/","title":{"rendered":"Proasp\u0103t \u00eentors din Rom\u00e2nia, Viktor Orban toarn\u0103 gaz pe focul rela\u021biilor europene: \u201eBruxellesul vrea s\u0103 transforme Ungaria \u00een Magdeburg\u201d"},"content":{"rendered":"<p>Premierul ungar\u00a0Viktor Orban,\u00a0vorbind s\u00e2mb\u0103t\u0103, la o conferin\u0163\u0103 de pres\u0103 interna\u0163ional\u0103 de sf\u00e2r\u015fit de an, la Budapesta, a f\u0103cut o leg\u0103tur\u0103 \u00eentre imigra\u0163ia ilegal\u0103 \u015fi actele de terorism, referire la recenta\u00a0tragedie de la t\u00e2rgul de Cr\u0103ciun din Magdeburg, Germania. El a afirmat c\u0103 Bruxellesul dore\u015fte s\u0103 &#8222;transforme Ungaria \u00een Magdeburg&#8221; \u015fi s\u0103 impun\u0103 \u0163\u0103rii reguli riscante privind migra\u0163ia, care &#8222;nu trebuie permise&#8221;, relateaz\u0103 MTI.Prim-ministrul a \u00eenceput conferin\u0163a de pres\u0103 exprim\u00e2nd condolean\u0163e fa\u0163\u0103 de Germania \u015fi familiile victimelor atacului terorist de la t\u00e2rgul de Cr\u0103ciun din Magdeburg. El a declarat c\u0103 nu exist\u0103 &#8222;nicio \u00eendoial\u0103&#8221; cu privire la leg\u0103tura dintre imigra\u0163ia ilegal\u0103 \u015fi actele teroriste, dar mul\u0163i au \u00eencercat s\u0103 nege acest lucru, &#8222;de\u015fi este un fapt c\u0103 nimic asem\u0103n\u0103tor [unor astfel de atacuri] nu s-a \u00eent\u00e2mplat \u00eenainte&#8221; de criza migra\u0163iei europene.Premierul ungar a spus c\u0103 lec\u0163ia pentru Ungaria este c\u0103 trebuie s\u0103 continue s\u0103 reziste schimb\u0103rii \u00eentr-o &#8222;lume \u00een care se poate \u00eent\u00e2mpla a\u015fa ceva&#8221;.\u00cen aceea\u015fi conferin\u0163\u0103 de pres\u0103, Orban a calificat drept un succes pre\u015fedin\u0163ia ungar\u0103 a Consiliului Uniunii Europene.<\/p>\n<p><a title=\"Viktor Orban, in vizita, in Romania. Premierul ungar a fost primit la Palatul Victoria de Marcel Ciolacu VIDEO\" href=\"https:\/\/www.realitatea.net\/stiri\/actual\/viktor-orban-in-vizita-in-romania-premierul-ungar-a-fost-primit-la-palatul-victoria-de-marcel-ciolacu-video_67658b279550413ae0553b02\">Viktor Orban, \u00een vizit\u0103, \u00een Rom\u00e2nia. Premierul ungar a fost primit la Palatul Victoria de Marcel Ciolacu VIDEO<\/a>Coment\u00e2nd sugestiile potrivit c\u0103rora Ungaria ar fi fost izolat\u0103, Orban a declarat: &#8222;Nu am mai v\u0103zut o astfel de izolare \u00een via\u0163a mea; jum\u0103tate din lume a fost aici&#8221;, ad\u0103ug\u00e2nd c\u0103 Ungaria a organizat cel mai mare eveniment diplomatic din istoria sa.Orban a spus c\u0103 pre\u015fedin\u0163ia ungar\u0103 a aplicat o abordare bazat\u0103 pe politici, mai degrab\u0103 dec\u00e2t una &#8222;birocratic\u0103&#8221;, men\u0163ion\u00e2nd c\u0103 s-a concentrat pe r\u0103zboiul Rusia-Ucraina, spa\u0163iul Schengen \u015fi competitivitate.\u00cen ceea ce prive\u015fte r\u0103zboiul din Ucraina, el a declarat c\u0103 pre\u015fedin\u0163ia nu a avut &#8222;nicio marj\u0103 de manevr\u0103&#8221; din cauza &#8222;dezacordurilor serioase \u015fi profunde&#8221; din UE cu privire la strategia care trebuie adoptat\u0103 \u00een leg\u0103tur\u0103 cu conflictul.Orban a declarat c\u0103 partea care sus\u0163ine c\u0103 acest conflict este r\u0103zboiul Europei este &#8222;cov\u00e2r\u015fitor majoritar\u0103&#8221; \u015fi continu\u0103 s\u0103 prevaleze, iar Ungaria a fost nevoit\u0103 s\u0103 se confrunte cu acest lucru, \u00een timp ce cealalt\u0103 pozi\u0163ie, reprezentat\u0103 de Ungaria, sus\u0163ine c\u0103 r\u0103zboiul este slav \u015fi fratricid \u015fi nu ar trebui &#8222;extins \u015fi consolidat&#8221;, ci mai degrab\u0103 izolat.\u00cen opinia sa, &#8222;gravitatea situa\u0163iei&#8221; justific\u0103 angajarea Ungariei \u00eentr-o misiune de pace. &#8222;Am stabilit aceste lucruri separat de pre\u015fedin\u0163ia UE, ceea ce a dus la unele dezbateri, dar ast\u0103zi nimeni nu va contesta faptul c\u0103 Ungaria are dreptul &#8211; \u015fi credem c\u0103 are datoria &#8211; de a lansa o misiune de pace&#8221;, a declarat Orban.<\/p>\n<p><a title=\"Viktor Orban explica, de la Bucuresti, culisele aderarii Romaniei la spatiul Schengen VIDEO\" href=\"https:\/\/www.realitatea.net\/stiri\/actual\/viktor-orban-explica-de-la-bucuresti-culisele-aderarii-romaniei-la-spatiul-schengen_6765a382fd4d4f0a7710e5a9\">Viktor Orban explic\u0103, de la Bucure\u0219ti, culisele ader\u0103rii Rom\u00e2niei la spa\u021biul Schengen VIDEO<\/a>Premierul ungar a declarat c\u0103 aderarea Rom\u00e2niei \u015fi Bulgariei la spa\u0163iul Schengen a adus beneficii celor dou\u0103 \u0163\u0103ri, precum \u015fi Ungariei. Dar a contribuit \u015fi la rezolvarea &#8222;problemei europene&#8221; a unor state membre care &#8222;au blocat extinderea timp de 13 ani&#8221;, a ad\u0103ugat el.Desfiin\u0163area frontierei cu Rom\u00e2nia va oferi noi oportunit\u0103\u0163i pentru Ungaria, a spus Orban, men\u0163ion\u00e2nd perspectiva mai multor puncte de trecere a frontierei, rute mai scurte \u015fi \u00eembun\u0103t\u0103\u0163iri ale calit\u0103\u0163ii vie\u0163ii \u00een regiunea de frontier\u0103. De asemenea, Ungaria va retrage treptat to\u0163i poli\u0163i\u015ftii de frontier\u0103 \u015fi jandarmii de la frontiera respectiv\u0103, ceea ce ar fi \u00een beneficiul for\u0163elor de ordine care se confrunt\u0103 acum cu o lips\u0103 de personal, a ad\u0103ugat el.El a spus c\u0103 &#8222;timpul a dovedit ca fiind corect\u0103&#8221; determinarea Ungariei de a da dovad\u0103 de curaj \u015fi de a se implica \u00een dezbateri, chiar \u015fi \u00een chestiuni care p\u0103reau irezolvabile. \u00cenainte de pre\u015fedin\u0163ia ungar\u0103, nimeni nu ar fi prev\u0103zut extinderea Schengen, pactul de competitivitate, o viziune comun\u0103 a mini\u015ftrilor agriculturii pentru viitorul agriculturii europene, a spus Orban. &#8222;Toate acestea au devenit realitate&#8221;, a punctat el.Viktor Orban a mai spus c\u0103, dup\u0103 alegerile preziden\u0163iale din SUA, elita european\u0103 &#8222;nu a luat \u00een seam\u0103 noua realitate&#8221;. Cu toate acestea, lumea se va confrunta cu schimb\u0103ri masive atunci c\u00e2nd Donald Trump va prelua func\u0163ia la 20 ianuarie, chiar dac\u0103 va pune \u00een practic\u0103 doar o frac\u0163iune din ceea ce a planificat, a ad\u0103ugat el.\u00cen opinia sa, dac\u0103 semnalele lui Trump privind echilibrul comercial dintre SUA \u015fi Europa, care este benefic pentru Europa \u015fi \u00een detrimentul Americii, nu vor fi luate \u00een serios, atunci vor fi &#8222;tarife tot timpul&#8221;.De asemenea, atitudinea lumii occidentale fa\u0163\u0103 de migra\u0163ie, protec\u0163ia familiei \u015fi valorile tradi\u0163ionale \u015fi &#8222;problema de gen&#8221; ar fi &#8222;complet diferit\u0103&#8221;. Rela\u0163iile economice, r\u0103zboiul \u015fi sanc\u0163iunile rezultate ar fi, de asemenea, &#8222;complet diferite&#8221;, a ad\u0103ugat el.<\/p>\n<p><a title='Viktor Orban, despre importanta tarii noastre in strategia sa energetica: ,,Cu atat devine mai importanta colaborarea cu Romania\"' href=\"https:\/\/www.realitatea.net\/stiri\/actual\/viktor-orban-despre-importanta-tarii-noastre-in-strategia-sa-energetica-pe-masura-ce-se-blocheaza-colaborarea-energetica-cu-ucraina-cu-atat-devine-mai-importanta-colaborarea-cu-romania_6765b1324648b9653e63f772\">Viktor Orban, despre importan\u021ba \u021b\u0103rii noastre \u00een strategia sa energetic\u0103: \u201eCu at\u00e2t devine mai important\u0103 colaborarea cu Rom\u00e2nia\u201d<\/a><\/p>","protected":false},"excerpt":{"rendered":"<p>Premierul ungar\u00a0Viktor Orban,\u00a0vorbind s\u00e2mb\u0103t\u0103, la o conferin\u0163\u0103 de pres\u0103 interna\u0163ional\u0103 de sf\u00e2r\u015fit de an, la&hellip;<\/p>\n","protected":false},"author":0,"featured_media":18328,"comment_status":"open","ping_status":"open","sticky":false,"template":"","format":"standard","meta":{"footnotes":""},"categories":[2],"tags":[],"class_list":["post-18333","post","type-post","status-publish","format-standard","has-post-thumbnail","hentry","category-actual"],"_links":{"self":[{"href":"https:\/\/247stiri.ro\/index.php\/wp-json\/wp\/v2\/posts\/18333","targetHints":{"allow":["GET"]}}],"collection":[{"href":"https:\/\/247stiri.ro\/index.php\/wp-json\/wp\/v2\/posts"}],"about":[{"href":"https:\/\/247stiri.ro\/index.php\/wp-json\/wp\/v2\/types\/post"}],"replies":[{"embeddable":true,"href":"https:\/\/247stiri.ro\/index.php\/wp-json\/wp\/v2\/comments?post=18333"}],"version-history":[{"count":0,"href":"https:\/\/247stiri.ro\/index.php\/wp-json\/wp\/v2\/posts\/18333\/revisions"}],"wp:featuredmedia":[{"embeddable":true,"href":"https:\/\/247stiri.ro\/index.php\/wp-json\/wp\/v2\/media\/18328"}],"wp:attachment":[{"href":"https:\/\/247stiri.ro\/index.php\/wp-json\/wp\/v2\/media?parent=18333"}],"wp:term":[{"taxonomy":"category","embeddable":true,"href":"https:\/\/247stiri.ro\/index.php\/wp-json\/wp\/v2\/categories?post=18333"},{"taxonomy":"post_tag","embeddable":true,"href":"https:\/\/247stiri.ro\/index.php\/wp-json\/wp\/v2\/tags?post=18333"}],"curies":[{"name":"wp","href":"https:\/\/api.w.org\/{rel}","templated":true}]}}