{"id":18334,"date":"2024-12-21T15:46:38","date_gmt":"2024-12-21T15:46:38","guid":{"rendered":"https:\/\/247stiri.ro\/index.php\/2024\/12\/21\/val-de-atentionari-inainte-de-atacul-din-germania-arabia-saudita-a-avertizat-autoritatile-despre-autor-in-plus-acesta-postaii-vom-macelari-pe-retelele-de-socializare\/"},"modified":"2024-12-21T15:46:38","modified_gmt":"2024-12-21T15:46:38","slug":"val-de-atentionari-inainte-de-atacul-din-germania-arabia-saudita-a-avertizat-autoritatile-despre-autor-in-plus-acesta-postaii-vom-macelari-pe-retelele-de-socializare","status":"publish","type":"post","link":"https:\/\/247stiri.ro\/index.php\/2024\/12\/21\/val-de-atentionari-inainte-de-atacul-din-germania-arabia-saudita-a-avertizat-autoritatile-despre-autor-in-plus-acesta-postaii-vom-macelari-pe-retelele-de-socializare\/","title":{"rendered":"Val de aten\u021bion\u0103ri \u00eenainte de atacul din Germania. Arabia Saudit\u0103 a avertizat autorit\u0103\u021bile despre autor. \u00cen plus, acesta posta\u201e\u00cei vom m\u0103cel\u0103ri\u201d pe re\u021belele de socializare"},"content":{"rendered":"<p>Arabia Saudit\u0103 a solicitat extr\u0103darea suspectului, numit Taleb A., \u00een conformitate cu legisla\u0163ia german\u0103, \u00eens\u0103 Germania nu a r\u0103spuns, au precizat sursele.Acestea au declarat c\u0103 b\u0103rbatul este un musulman \u015fiit originar din ora\u015ful Al-Hofuf din estul Arabiei Saudite. \u015eii\u0163ii sunt o minoritate \u00een \u0163ar\u0103, reprezent\u00e2nd doar aproximativ 10% din na\u0163iunea majoritar sunnit\u0103.<\/p>\n<p>Exist\u0103 rapoarte repetate de discriminare \u00eempotriva musulmanilor \u015fii\u0163i \u00een Arabia Saudit\u0103.Autorit\u0103\u0163ile germane au fost alertate cu privire la acest b\u0103rbat \u00een urm\u0103 cu aproximativ un an, a aflat DPA, \u00eens\u0103 natura avertismentului nu este cunoscut\u0103 \u00een prezent.Suspectul, un medic de origine saudit\u0103 de 50 de ani, a intrat \u00een mul\u0163imea de la t\u00e2rgul de Cr\u0103ciun din Magdeburg, cu o ma\u015fin\u0103 \u00eenchiriat\u0103, vineri seara, provoc\u00e2nd cinci mor\u0163i \u015fi peste 200 de r\u0103ni\u0163i, conform unui bilan\u0163 actualizat.<\/p>\n\n<p>Atacatorul posta\u201e\u00cei vom m\u0103cel\u0103ri\u201d pe re\u021belele de socializare<\/p>\n<p>\u0218oferul mor\u021bii de la T\u00e2rgul de Cr\u0103ciun din Magdeburg (Germania), unde cinci oameni \u0219i-au pierdut via\u021ba, iar al\u021bi 41 sunt r\u0103ni\u0163i grav, posta o serie de mesaje tulbur\u0103toare \u00een mediul online.<\/p>\n<p><a href=\"https:\/\/www.realitatea.net\/stiri\/extern\/mae-in-alerta-dupa-atacurile-din-germania-ambasada-romaniei-la-berlin-solicita-informatii-despre-cetatenii-romani-care-se-numara-printre-victime_6766c66c5e9ce27bac34a572\" target=\"_blank\">MAE, \u00een alert\u0103 dup\u0103 atacurile din Germania: Ambasada Rom\u00e2niei la Berlin solicit\u0103 informa\u021bii despre cet\u0103\u021benii rom\u00e2ni care se num\u0103r\u0103 printre victime<\/a><\/p>\n<p>Medicul care, vineri seara, a intrat cu un BMW \u00eentr-o mul\u021bime mare de vizitatori ai t\u00e2rgului de Cr\u0103ciun a distribuit sute de mesaje amenin\u021b\u0103toare pe contul s\u0103u de pe platforma X. Se sus\u021bine c\u0103 el ar fi colaborat pentru a ajuta femeile saudite s\u0103 fug\u0103 din \u021bara lor natal\u0103.<\/p>\n\n<p>\u00centr-un flux de pe X, care a fost \u0219ters \u00eentre timp \u0219i care pare s\u0103 apar\u021bin\u0103 suspectului, acesta a postat mesaje anti-islam, \u0219i-a exprimat sus\u021binerea pentru partidul de extrem\u0103 dreapta AfD \u0219i a acuzat Germania de promovarea islamiz\u0103rii \u021b\u0103rii.<\/p>\n<p>De exemplu, pe 13 august, el a postat \u00een arab\u0103:\u00a0\u201eV\u0103 asigur: dac\u0103 Germania vrea r\u0103zboi, \u00eel vom avea. Dac\u0103 Germania vrea s\u0103 ne omoare, \u00eei vom m\u0103cel\u0103ri, vom muri sau vom merge la \u00eenchisoare cu m\u00e2ndrie\u201d.<\/p>\n<p>Taleb A. a postat astfel de amenin\u021b\u0103ri \u0219i pe platforma X (fost\u0103 Twitter):\u00a0\u201ePentru c\u0103 am epuizat toate mijloacele pa\u0219nice, nu am f\u0103cut dec\u00e2t s\u0103 ne confrunt\u0103m cu mai multe crime din partea poli\u021biei, a securit\u0103\u021bii statului, a procuraturii, a sistemului judiciar \u0219i a Ministerului de Interne. Pacea nu le este de niciun folos\u201d.<\/p>\n<p>Num\u0103rul celor uci\u015fi \u00een atacul de vineri de la t\u00e2rgul de Cr\u0103ciun din Magdeburg a crescut la cinci, iar num\u0103rul celor r\u0103ni\u0163i grav este de 41, au anun\u021bat s\u00e2mb\u0103t\u0103 surse de securitate citate de dpa. Suspectul, un medic de 50 de ani, a fost re\u021binut.<\/p>\n\n<p><a href=\"https:\/\/www.realitatea.net\/stiri\/actual\/momente-de-groaza-in-germania-o-masina-a-intrat-in-plin-in-multimea-prezenta-la-un-targ-de-craciun-video_6765c592e8e90d045d3b5e72\" target=\"_blank\">Momente de groaz\u0103 \u00een Germania. O ma\u0219in\u0103 a intrat \u00een plin \u00een mul\u021bimea prezent\u0103 la un t\u00e2rg de Cr\u0103ciun. Peste 60 de persoane au fost r\u0103nite. Cel pu\u0163in o persoan\u0103 a murit VIDEO<\/a><\/p>","protected":false},"excerpt":{"rendered":"<p>Arabia Saudit\u0103 a solicitat extr\u0103darea suspectului, numit Taleb A., \u00een conformitate cu legisla\u0163ia german\u0103, \u00eens\u0103&hellip;<\/p>\n","protected":false},"author":0,"featured_media":18330,"comment_status":"open","ping_status":"open","sticky":false,"template":"","format":"standard","meta":{"footnotes":""},"categories":[2],"tags":[],"class_list":["post-18334","post","type-post","status-publish","format-standard","has-post-thumbnail","hentry","category-actual"],"_links":{"self":[{"href":"https:\/\/247stiri.ro\/index.php\/wp-json\/wp\/v2\/posts\/18334","targetHints":{"allow":["GET"]}}],"collection":[{"href":"https:\/\/247stiri.ro\/index.php\/wp-json\/wp\/v2\/posts"}],"about":[{"href":"https:\/\/247stiri.ro\/index.php\/wp-json\/wp\/v2\/types\/post"}],"replies":[{"embeddable":true,"href":"https:\/\/247stiri.ro\/index.php\/wp-json\/wp\/v2\/comments?post=18334"}],"version-history":[{"count":0,"href":"https:\/\/247stiri.ro\/index.php\/wp-json\/wp\/v2\/posts\/18334\/revisions"}],"wp:featuredmedia":[{"embeddable":true,"href":"https:\/\/247stiri.ro\/index.php\/wp-json\/wp\/v2\/media\/18330"}],"wp:attachment":[{"href":"https:\/\/247stiri.ro\/index.php\/wp-json\/wp\/v2\/media?parent=18334"}],"wp:term":[{"taxonomy":"category","embeddable":true,"href":"https:\/\/247stiri.ro\/index.php\/wp-json\/wp\/v2\/categories?post=18334"},{"taxonomy":"post_tag","embeddable":true,"href":"https:\/\/247stiri.ro\/index.php\/wp-json\/wp\/v2\/tags?post=18334"}],"curies":[{"name":"wp","href":"https:\/\/api.w.org\/{rel}","templated":true}]}}