{"id":18341,"date":"2024-12-21T16:47:13","date_gmt":"2024-12-21T16:47:13","guid":{"rendered":"https:\/\/247stiri.ro\/index.php\/2024\/12\/21\/atacul-din-germania-a-pus-pe-jar-vecinii-europeni-mai-multe-tari-au-sporit-patrulele-de-politie-in-targurile-de-craciun\/"},"modified":"2024-12-21T16:47:13","modified_gmt":"2024-12-21T16:47:13","slug":"atacul-din-germania-a-pus-pe-jar-vecinii-europeni-mai-multe-tari-au-sporit-patrulele-de-politie-in-targurile-de-craciun","status":"publish","type":"post","link":"https:\/\/247stiri.ro\/index.php\/2024\/12\/21\/atacul-din-germania-a-pus-pe-jar-vecinii-europeni-mai-multe-tari-au-sporit-patrulele-de-politie-in-targurile-de-craciun\/","title":{"rendered":"Atacul din Germania a pus pe jar vecinii europeni. Mai multe \u021b\u0103ri au sporit patrulele de poli\u021bie \u00een t\u00e2rgurile de Cr\u0103ciun"},"content":{"rendered":"<p>\u00cen capitala Austriei, poli\u0163ia \u015fi-a sporit s\u00e2mb\u0103t\u0103 prezen\u0163a la t\u00e2rgurile de Cr\u0103ciun.&#8221;Din cauza incidentului de la Magdeburg, care nu are nicio leg\u0103tur\u0103 cu Austria, a fost luat\u0103 decizia de a intensifica prezen\u0163a poli\u0163iei la Viena, concentr\u00e2ndu-se pe t\u00e2rgurile de Cr\u0103ciun din ora\u015f \u00eencep\u00e2nd de s\u00e2mb\u0103t\u0103&#8221;, a declarat pentru AFP purt\u0103torul de cuv\u00e2nt al poli\u0163iei, David Pawlik.Pawlik a precizat c\u0103 nu exist\u0103 nicio amenin\u0163are specific\u0103 pentru Viena, ad\u0103ug\u00e2nd c\u0103 autorit\u0103\u0163ile austriece sunt \u00een contact str\u00e2ns cu omologii lor din Germania.<\/p>\n<p><a href=\"https:\/\/www.realitatea.net\/stiri\/extern\/mae-in-alerta-dupa-atacurile-din-germania-ambasada-romaniei-la-berlin-solicita-informatii-despre-cetatenii-romani-care-se-numara-printre-victime_6766c66c5e9ce27bac34a572\" target=\"_blank\">MAE, \u00een alert\u0103 dup\u0103 atacurile din Germania: Ambasada Rom\u00e2niei la Berlin solicit\u0103 informa\u021bii despre cet\u0103\u021benii rom\u00e2ni care se num\u0103r\u0103 printre victime<\/a>M\u0103surile de securitate la t\u00e2rgurile de Cr\u0103ciun din alte c\u00e2teva provincii austriece au fost, de asemenea, intensificate.\u00cen noiembrie 2020, un simpatizant al grup\u0103rii Stat Islamic, condamnat anterior, a \u00eempu\u015fcat mortal patru persoane \u015fi a r\u0103nit alte 23 \u00een centrul ora\u015fului Viena, \u00eenainte de a fi \u00eempu\u015fcat mortal de poli\u0163ie. Acesta a fost primul atac jihadist cu victime \u00een \u0163ara alpin\u0103.\u00cen urma atacului, Austria a adoptat o lege antiterorist\u0103 foarte criticat\u0103, care permite o supraveghere sporit\u0103.\u015ei \u00een Italia securitatea va fi consolidat\u0103 \u00een jurul siturilor turistice \u015fi comerciale, inclusiv la t\u00e2rgurile de Cr\u0103ciun \u015fi \u00een alte zone poten\u0163ial sensibile, conform unui ordin al departamentului central al poli\u0163iei, informeaz\u0103 ANSA.Circulara poli\u0163iei prevede consolidarea imediat\u0103 a securit\u0103\u0163ii \u00een toat\u0103 \u0163ara, \u00een zonele cele mai atractive din punct de vedere turistic \u015fi comercial, unde sunt organizate t\u00e2rguri de Cr\u0103ciun, precum \u015fi \u00een locurile care g\u0103zduiesc evenimente de divertisment \u015fi obiective sensibile \u015fi \u00een zone considerate de risc.Activit\u0103\u0163ile de investigare au fost, de asemenea, intensificate pentru a preveni eventualele atacuri.\u00a0<\/p>\n<p><a href=\"https:\/\/www.realitatea.net\/stiri\/actual\/val-de-avertismente-inainte-de-atacul-din-germania-arabia-saudita-a-avertizat-autoritatile-germane-despre-autorul-atacului-in-plus-acesta-postaii-vom-macelari-pe-retelele-de-socializare_6766d6aeedeebb7db1515452\" target=\"_blank\">Val de aten\u021bion\u0103ri \u00eenainte de atacul din Germania. Arabia Saudit\u0103 a avertizat autorit\u0103\u021bile despre autor. \u00cen plus, acesta posta\u201e\u00cei vom m\u0103cel\u0103ri\u201d pe re\u021belele de socializare<\/a><\/p>","protected":false},"excerpt":{"rendered":"<p>\u00cen capitala Austriei, poli\u0163ia \u015fi-a sporit s\u00e2mb\u0103t\u0103 prezen\u0163a la t\u00e2rgurile de Cr\u0103ciun.&#8221;Din cauza incidentului de&hellip;<\/p>\n","protected":false},"author":0,"featured_media":18338,"comment_status":"open","ping_status":"open","sticky":false,"template":"","format":"standard","meta":{"footnotes":""},"categories":[2],"tags":[],"class_list":["post-18341","post","type-post","status-publish","format-standard","has-post-thumbnail","hentry","category-actual"],"_links":{"self":[{"href":"https:\/\/247stiri.ro\/index.php\/wp-json\/wp\/v2\/posts\/18341","targetHints":{"allow":["GET"]}}],"collection":[{"href":"https:\/\/247stiri.ro\/index.php\/wp-json\/wp\/v2\/posts"}],"about":[{"href":"https:\/\/247stiri.ro\/index.php\/wp-json\/wp\/v2\/types\/post"}],"replies":[{"embeddable":true,"href":"https:\/\/247stiri.ro\/index.php\/wp-json\/wp\/v2\/comments?post=18341"}],"version-history":[{"count":0,"href":"https:\/\/247stiri.ro\/index.php\/wp-json\/wp\/v2\/posts\/18341\/revisions"}],"wp:featuredmedia":[{"embeddable":true,"href":"https:\/\/247stiri.ro\/index.php\/wp-json\/wp\/v2\/media\/18338"}],"wp:attachment":[{"href":"https:\/\/247stiri.ro\/index.php\/wp-json\/wp\/v2\/media?parent=18341"}],"wp:term":[{"taxonomy":"category","embeddable":true,"href":"https:\/\/247stiri.ro\/index.php\/wp-json\/wp\/v2\/categories?post=18341"},{"taxonomy":"post_tag","embeddable":true,"href":"https:\/\/247stiri.ro\/index.php\/wp-json\/wp\/v2\/tags?post=18341"}],"curies":[{"name":"wp","href":"https:\/\/api.w.org\/{rel}","templated":true}]}}