{"id":18342,"date":"2024-12-21T16:47:13","date_gmt":"2024-12-21T16:47:13","guid":{"rendered":"https:\/\/247stiri.ro\/index.php\/2024\/12\/21\/piata-matache-isi-va-continua-activitatea-dupa-incendiul-de-azi-dimineata-ce-se-va-intampla-cu-comerciantii-afectati\/"},"modified":"2024-12-21T16:47:13","modified_gmt":"2024-12-21T16:47:13","slug":"piata-matache-isi-va-continua-activitatea-dupa-incendiul-de-azi-dimineata-ce-se-va-intampla-cu-comerciantii-afectati","status":"publish","type":"post","link":"https:\/\/247stiri.ro\/index.php\/2024\/12\/21\/piata-matache-isi-va-continua-activitatea-dupa-incendiul-de-azi-dimineata-ce-se-va-intampla-cu-comerciantii-afectati\/","title":{"rendered":"Pia\u0163a Matache \u00ee\u0219i va continua activitatea, dup\u0103 incendiul de azi diminea\u021b\u0103. Ce se va \u00eent\u00e2mpla cu comercian\u0163ii afecta\u0163i"},"content":{"rendered":"<p>Potrivit unui comunicat transmis, s\u00e2mb\u0103t\u0103, de Prim\u0103ria Sectorului 1, focul a distrus aproape o mie de metri p\u0103tra\u0163i din hal\u0103.<\/p>\n<p>&#8222;\u00cen urma focului puternic, 16 comercian\u0163i au r\u0103mas f\u0103r\u0103 spa\u0163iile comerciale \u015fi mare parte din produsele pe care le aveau la v\u00e2nzare. Prim\u0103ria Sectorului 1 a intervenit de urgen\u0163\u0103 pentru a-i sprijini pe comercian\u0163ii afecta\u0163i. Ace\u015ftia au fost reloca\u0163i \u00een spa\u0163iile disponibile din cadrul pie\u0163ei, pentru a-\u015fi putea depozita m\u0103rfurile salvate din incendiu \u015fi pentru a-\u015fi relua activitatea comercial\u0103&#8221;, arat\u0103 sursa citat\u0103.<\/p>\n<p>Prim\u0103ria Sectorului 1 precizeaz\u0103 c\u0103 edilul George Tu\u0163\u0103 a convocat Comitetul Local pentru Situa\u0163ii de Urgen\u0163\u0103, care va analiza m\u0103suri concrete pentru repunerea \u00een func\u0163iune a halei distruse. De asemenea, acesta s-a \u00eent\u00e2lnit cu agen\u0163ii economici afecta\u0163i pentru a se asigura c\u0103 fiecare dispune de un nou spa\u0163iu pentru reluarea activit\u0103\u0163ii comerciale.<\/p>\n<p>Hala destinat\u0103 v\u00e2nz\u0103rii de legume \u015fi fructe a r\u0103mas intact\u0103 \u015fi func\u0163ioneaz\u0103 \u00een regim normal, informeaz\u0103 administra\u0163ia local\u0103.<\/p>\n<p>Mai multe magazine aflate \u00eentr-un spa\u0163iu comercial din Pia\u0163a Matache au ars \u00een urma unui incendiu produs s\u00e2mb\u0103t\u0103 diminea\u0163\u0103, fiind emis \u015fi un mesaj RO-ALERT din cauza degaj\u0103rilor mari de fum.<\/p>\n<p><a title=\"Incendiu PUTERNIC intr-o mare piata din Bucuresti: Mai multe autospeciale au intervenit la fata locului. A fost emis mesaj RO-ALERT\" href=\"https:\/\/www.realitatea.net\/stiri\/actual\/incendiu-puternic-intro-mare-piata-din-bucuresti-mai-multe-autospeciale-au-intervenit-la-fata-locului-a-fost-emis-mesaj-roalert_67665dc545f11948c60e6d42\">Incendiu PUTERNIC \u00eentr-o mare pia\u021b\u0103 din Bucure\u0219ti: Mai multe autospeciale au intervenit la fa\u021ba locului. A fost emis mesaj RO-ALERT<\/a><\/p>","protected":false},"excerpt":{"rendered":"<p>Potrivit unui comunicat transmis, s\u00e2mb\u0103t\u0103, de Prim\u0103ria Sectorului 1, focul a distrus aproape o mie&hellip;<\/p>\n","protected":false},"author":0,"featured_media":18343,"comment_status":"open","ping_status":"open","sticky":false,"template":"","format":"standard","meta":{"footnotes":""},"categories":[2],"tags":[],"class_list":["post-18342","post","type-post","status-publish","format-standard","has-post-thumbnail","hentry","category-actual"],"_links":{"self":[{"href":"https:\/\/247stiri.ro\/index.php\/wp-json\/wp\/v2\/posts\/18342","targetHints":{"allow":["GET"]}}],"collection":[{"href":"https:\/\/247stiri.ro\/index.php\/wp-json\/wp\/v2\/posts"}],"about":[{"href":"https:\/\/247stiri.ro\/index.php\/wp-json\/wp\/v2\/types\/post"}],"replies":[{"embeddable":true,"href":"https:\/\/247stiri.ro\/index.php\/wp-json\/wp\/v2\/comments?post=18342"}],"version-history":[{"count":0,"href":"https:\/\/247stiri.ro\/index.php\/wp-json\/wp\/v2\/posts\/18342\/revisions"}],"wp:featuredmedia":[{"embeddable":true,"href":"https:\/\/247stiri.ro\/index.php\/wp-json\/wp\/v2\/media\/18343"}],"wp:attachment":[{"href":"https:\/\/247stiri.ro\/index.php\/wp-json\/wp\/v2\/media?parent=18342"}],"wp:term":[{"taxonomy":"category","embeddable":true,"href":"https:\/\/247stiri.ro\/index.php\/wp-json\/wp\/v2\/categories?post=18342"},{"taxonomy":"post_tag","embeddable":true,"href":"https:\/\/247stiri.ro\/index.php\/wp-json\/wp\/v2\/tags?post=18342"}],"curies":[{"name":"wp","href":"https:\/\/api.w.org\/{rel}","templated":true}]}}