{"id":18352,"date":"2024-12-21T17:45:48","date_gmt":"2024-12-21T17:45:48","guid":{"rendered":"https:\/\/247stiri.ro\/index.php\/2024\/12\/21\/culisele-statului-paralel-o-noua-editie-de-colectie-de-la-ora-2100-presedintele-ales-calin-georgescu-rupe-tacerea-spre-ce-se-indreapta-romania\/"},"modified":"2024-12-21T17:45:48","modified_gmt":"2024-12-21T17:45:48","slug":"culisele-statului-paralel-o-noua-editie-de-colectie-de-la-ora-2100-presedintele-ales-calin-georgescu-rupe-tacerea-spre-ce-se-indreapta-romania","status":"publish","type":"post","link":"https:\/\/247stiri.ro\/index.php\/2024\/12\/21\/culisele-statului-paralel-o-noua-editie-de-colectie-de-la-ora-2100-presedintele-ales-calin-georgescu-rupe-tacerea-spre-ce-se-indreapta-romania\/","title":{"rendered":"Culisele Statului Paralel, o nou\u0103 edi\u021bie de colec\u021bie, de la ora 21:00 &#8211; Pre\u0219edintele ales, C\u0103lin Georgescu, rupe t\u0103cerea: spre ce se \u00eendreapt\u0103 Rom\u00e2nia?"},"content":{"rendered":"<p>\u00cen aceast\u0103 sear\u0103, Rom\u00e2nia se preg\u0103te\u0219te s\u0103 asiste la o dezv\u0103luire incendiar\u0103, \u00een cadrul unei edi\u021bii speciale a emisiunii \u201eCulisele Statului Paralel\u201d. De la ora 21:00, pre\u0219edintele ales, C\u0103lin Georgescu, va rupe t\u0103cerea \u0219i va oferi o perspectiv\u0103 unic\u0103 asupra viitorului \u021b\u0103rii. \u00centr-un context marcat de incertitudini politice \u0219i sociale, interven\u021bia sa promite s\u0103 fie un moment de cotitur\u0103, aduc\u00e2nd \u00een prim-plan subiecte arz\u0103toare care afecteaz\u0103 fiecare cet\u0103\u021bean.<\/p>\n<p>\u00cen direct, Realitatea PLUS, C\u0103lin Georgescu va aborda teme cruciale \u0219i va r\u0103spunde la \u00eentreb\u0103rile care fr\u0103m\u00e2nt\u0103 opinia public\u0103. Ce direc\u021bie va urma Rom\u00e2nia \u00een urm\u0103torii ani? Aceasta, \u0219i multe alte \u00eentreb\u0103ri din partea rom\u00e2nilor, promit s\u0103 \u00ee\u0219i g\u0103seasc\u0103 r\u0103spunsul \u00eentr-o noua editie special\u0103 Culisele Statului Paralel, cu Anca Alexandrescu.<\/p>\n<p>\u00a0<\/p>","protected":false},"excerpt":{"rendered":"<p>\u00cen aceast\u0103 sear\u0103, Rom\u00e2nia se preg\u0103te\u0219te s\u0103 asiste la o dezv\u0103luire incendiar\u0103, \u00een cadrul unei&hellip;<\/p>\n","protected":false},"author":0,"featured_media":18347,"comment_status":"open","ping_status":"open","sticky":false,"template":"","format":"standard","meta":{"footnotes":""},"categories":[2],"tags":[],"class_list":["post-18352","post","type-post","status-publish","format-standard","has-post-thumbnail","hentry","category-actual"],"_links":{"self":[{"href":"https:\/\/247stiri.ro\/index.php\/wp-json\/wp\/v2\/posts\/18352","targetHints":{"allow":["GET"]}}],"collection":[{"href":"https:\/\/247stiri.ro\/index.php\/wp-json\/wp\/v2\/posts"}],"about":[{"href":"https:\/\/247stiri.ro\/index.php\/wp-json\/wp\/v2\/types\/post"}],"replies":[{"embeddable":true,"href":"https:\/\/247stiri.ro\/index.php\/wp-json\/wp\/v2\/comments?post=18352"}],"version-history":[{"count":0,"href":"https:\/\/247stiri.ro\/index.php\/wp-json\/wp\/v2\/posts\/18352\/revisions"}],"wp:featuredmedia":[{"embeddable":true,"href":"https:\/\/247stiri.ro\/index.php\/wp-json\/wp\/v2\/media\/18347"}],"wp:attachment":[{"href":"https:\/\/247stiri.ro\/index.php\/wp-json\/wp\/v2\/media?parent=18352"}],"wp:term":[{"taxonomy":"category","embeddable":true,"href":"https:\/\/247stiri.ro\/index.php\/wp-json\/wp\/v2\/categories?post=18352"},{"taxonomy":"post_tag","embeddable":true,"href":"https:\/\/247stiri.ro\/index.php\/wp-json\/wp\/v2\/tags?post=18352"}],"curies":[{"name":"wp","href":"https:\/\/api.w.org\/{rel}","templated":true}]}}