{"id":18450,"date":"2024-12-22T09:47:35","date_gmt":"2024-12-22T09:47:35","guid":{"rendered":"https:\/\/247stiri.ro\/index.php\/2024\/12\/22\/tanara-prinsa-in-flagrant-in-timp-ce-vindea-articole-pirotehnice-cu-cat-a-fost-sanctionata-de-oamenii-legii\/"},"modified":"2024-12-22T09:47:35","modified_gmt":"2024-12-22T09:47:35","slug":"tanara-prinsa-in-flagrant-in-timp-ce-vindea-articole-pirotehnice-cu-cat-a-fost-sanctionata-de-oamenii-legii","status":"publish","type":"post","link":"https:\/\/247stiri.ro\/index.php\/2024\/12\/22\/tanara-prinsa-in-flagrant-in-timp-ce-vindea-articole-pirotehnice-cu-cat-a-fost-sanctionata-de-oamenii-legii\/","title":{"rendered":"T\u00e2n\u0103r\u0103 prins\u0103 \u00een flagrant \u00een timp ce vindea articole pirotehnice. Cu c\u00e2t a fost sanc\u021bionat\u0103 de oamenii legii"},"content":{"rendered":"<p>O t\u00e2n\u0103r\u0103, de 28 de ani, din comuna Oinacu, jude\u0163ul Giurgiu, a fost sanc\u0163ionat\u0103 contraven\u0163ional de poli\u0163i\u015ftii giurgiuveni cu amend\u0103 de 5.000 de lei, dup\u0103 ce a fost depistat\u0103 \u00een flagrant delict, \u00een localitatea Brani\u015ftea, \u00een timp ce comercializa articole pirotehnice din categoriile P1, F2 \u015fi F3.&#8221;Poli\u0163i\u015ftii Serviciului Arme, Explozivi \u015fi Substan\u0163e Periculoase din cadrul IPJ Giurgiu au desf\u0103\u015furat activit\u0103\u0163i specifice \u00een baza Planului na\u0163ional de ac\u0163iune Pirotehnic 2024-2025, coordonat de c\u0103tre Inspectoratul General al Poli\u0163iei Rom\u00e2ne, ocazie cu care au identificat 30 de kilograme de articole pirotehnice, de\u0163inute f\u0103r\u0103 drept. \u00cen fapt, o t\u00e2n\u0103r\u0103, de 28 de ani, din comuna Oinacu, jude\u0163ul Giurgiu, a fost depistat\u0103 \u00een flagrant delict, \u00een localitatea Brani\u015ftea, \u00een timp ce comercializa articole pirotehnice din categoriile P1, F2 \u015fi F3&#8243;, se arat\u0103 \u00eentr-un comunicat de pres\u0103 transmis, duminic\u0103, de IPJ Giurgiu.Potrivit sursei citate, articolele pirotehnice au fost indisponibilizate, iar t\u00e2n\u0103ra \u00een cauz\u0103 a fost sanc\u0163ionat\u0103 contraven\u0163ional cu amend\u0103 \u00een valoare de 5.000 de lei, pentru nerespectarea prevederilor Legii nr. 126\/1995 privind regimul materiilor explozive.\u00a0<\/p>\n<p><a href=\"https:\/\/www.realitatea.net\/stiri\/social\/sacrificiile-unui-roman-din-germania-muncim-fara-zile-libere_6767d8dcad648e577261ee72\" target=\"_blank\">Sacrificiile unui rom\u00e2n din Germania: \u201eMuncim f\u0103r\u0103 zile libere!\u201d<\/a><\/p>","protected":false},"excerpt":{"rendered":"<p>O t\u00e2n\u0103r\u0103, de 28 de ani, din comuna Oinacu, jude\u0163ul Giurgiu, a fost sanc\u0163ionat\u0103 contraven\u0163ional&hellip;<\/p>\n","protected":false},"author":0,"featured_media":18443,"comment_status":"open","ping_status":"open","sticky":false,"template":"","format":"standard","meta":{"footnotes":""},"categories":[2],"tags":[],"class_list":["post-18450","post","type-post","status-publish","format-standard","has-post-thumbnail","hentry","category-actual"],"_links":{"self":[{"href":"https:\/\/247stiri.ro\/index.php\/wp-json\/wp\/v2\/posts\/18450","targetHints":{"allow":["GET"]}}],"collection":[{"href":"https:\/\/247stiri.ro\/index.php\/wp-json\/wp\/v2\/posts"}],"about":[{"href":"https:\/\/247stiri.ro\/index.php\/wp-json\/wp\/v2\/types\/post"}],"replies":[{"embeddable":true,"href":"https:\/\/247stiri.ro\/index.php\/wp-json\/wp\/v2\/comments?post=18450"}],"version-history":[{"count":0,"href":"https:\/\/247stiri.ro\/index.php\/wp-json\/wp\/v2\/posts\/18450\/revisions"}],"wp:featuredmedia":[{"embeddable":true,"href":"https:\/\/247stiri.ro\/index.php\/wp-json\/wp\/v2\/media\/18443"}],"wp:attachment":[{"href":"https:\/\/247stiri.ro\/index.php\/wp-json\/wp\/v2\/media?parent=18450"}],"wp:term":[{"taxonomy":"category","embeddable":true,"href":"https:\/\/247stiri.ro\/index.php\/wp-json\/wp\/v2\/categories?post=18450"},{"taxonomy":"post_tag","embeddable":true,"href":"https:\/\/247stiri.ro\/index.php\/wp-json\/wp\/v2\/tags?post=18450"}],"curies":[{"name":"wp","href":"https:\/\/api.w.org\/{rel}","templated":true}]}}