{"id":18451,"date":"2024-12-22T09:47:35","date_gmt":"2024-12-22T09:47:35","guid":{"rendered":"https:\/\/247stiri.ro\/index.php\/2024\/12\/22\/drama-familiei-gravidei-care-a-murit-in-bratele-medicilor-alaturi-de-bebelusul-ei-sotul-nu-si-poate-reveni-din-soc\/"},"modified":"2024-12-22T09:47:35","modified_gmt":"2024-12-22T09:47:35","slug":"drama-familiei-gravidei-care-a-murit-in-bratele-medicilor-alaturi-de-bebelusul-ei-sotul-nu-si-poate-reveni-din-soc","status":"publish","type":"post","link":"https:\/\/247stiri.ro\/index.php\/2024\/12\/22\/drama-familiei-gravidei-care-a-murit-in-bratele-medicilor-alaturi-de-bebelusul-ei-sotul-nu-si-poate-reveni-din-soc\/","title":{"rendered":"Drama familiei gravidei care a MURIT \u00een bra\u021bele medicilor al\u0103turi de bebelu\u0219ul ei. So\u021bul nu-\u0219i poate reveni din \u0218OC"},"content":{"rendered":"<p>Familia tinerei este devastat\u0103 de durere<\/p>\n<p>\u00cen ziua \u00een care trebuia s\u0103 \u00ee\u0219i str\u00e2ng\u0103 copilul \u00een bra\u021be, Florin Lovin a aflat c\u0103 so\u021bia \u0219i bebelu\u0219ul s-au stins din via\u021b\u0103. Tragedia s-ar fi produs dup\u0103 ce medicii italieni au am\u00e2nat s\u0103 \u00eei fac\u0103 opera\u021bia de cezarian\u0103 Andreei, chiar dac\u0103 aceasta a ajuns la spital \u00een stare extrem de grav\u0103.<\/p>\n<p><a href=\"https:\/\/www.realitatea.net\/stiri\/actual\/moarte-cumplita-pentru-o-romanca-plecata-in-italia-andreea-a-murit-la-30-de-ani-alaturi-de-bebelusul-ei-pe-un-pat-de-spital_676493c526e26868e738e782\" target=\"_blank\">\u00cen urma tragediei,<\/a> Florin Lovin a \u00eencremenit de durere, iar apropia\u021bii se tem c\u0103 b\u0103rbatul ar putea recurge la ce e mai r\u0103u. \u201dNu m\u0103n\u00e2nc \u0219i nu dorm de c\u00e2nd mi-am pierdut familia\u201d, a m\u0103rturisit so\u021bul tinerei gravide. Timp de \u0219ase ani au \u00eencercat din greu s\u0103 aduc\u0103 pe lume un copil, iar visul lor s-a n\u0103ruit \u00eentr-o clip\u0103. Chiar \u0219i a\u0219a, b\u0103rbatul nu vrea s\u0103 se r\u0103zbune. Tot ce \u00ee\u0219i dore\u0219te este ca autorit\u0103\u021bile s\u0103 \u00eei fac\u0103 dreptate.<\/p>\n<p>\u201eNu pot vorbi despre moarte&#8230; Fac asta pentru toat\u0103 lumea, nu doar pentru mine, pentru toat\u0103 lumea.\u201d, a spus tat\u0103l \u0219i totodat\u0103 so\u021bul \u00eendurerat.<\/p>\n<p><a href=\"https:\/\/www.realitatea.net\/stiri\/actual\/tragedie-in-suceava-o-tanara-mama-a-murit-la-scurt-timp-dupa-nastere-bianca-avea-19-ani_66588033889fa35b9a489381\" target=\"_blank\">So\u021bul \u0219i familia victimei<\/a> au protestat \u00een plin\u0103 strad\u0103. \u201dNu pot s\u0103 respir\u201d, \u201dNu mai suport\u201d, au fost ultimele cuvinte ale tinerei gravide, care acum au ajuns mesaje pe pancartele celor care cer s\u0103 i se fac\u0103 dreptate.\u00a0<\/p>","protected":false},"excerpt":{"rendered":"<p>Familia tinerei este devastat\u0103 de durere \u00cen ziua \u00een care trebuia s\u0103 \u00ee\u0219i str\u00e2ng\u0103 copilul&hellip;<\/p>\n","protected":false},"author":0,"featured_media":18452,"comment_status":"open","ping_status":"open","sticky":false,"template":"","format":"standard","meta":{"footnotes":""},"categories":[2],"tags":[],"class_list":["post-18451","post","type-post","status-publish","format-standard","has-post-thumbnail","hentry","category-actual"],"_links":{"self":[{"href":"https:\/\/247stiri.ro\/index.php\/wp-json\/wp\/v2\/posts\/18451","targetHints":{"allow":["GET"]}}],"collection":[{"href":"https:\/\/247stiri.ro\/index.php\/wp-json\/wp\/v2\/posts"}],"about":[{"href":"https:\/\/247stiri.ro\/index.php\/wp-json\/wp\/v2\/types\/post"}],"replies":[{"embeddable":true,"href":"https:\/\/247stiri.ro\/index.php\/wp-json\/wp\/v2\/comments?post=18451"}],"version-history":[{"count":0,"href":"https:\/\/247stiri.ro\/index.php\/wp-json\/wp\/v2\/posts\/18451\/revisions"}],"wp:featuredmedia":[{"embeddable":true,"href":"https:\/\/247stiri.ro\/index.php\/wp-json\/wp\/v2\/media\/18452"}],"wp:attachment":[{"href":"https:\/\/247stiri.ro\/index.php\/wp-json\/wp\/v2\/media?parent=18451"}],"wp:term":[{"taxonomy":"category","embeddable":true,"href":"https:\/\/247stiri.ro\/index.php\/wp-json\/wp\/v2\/categories?post=18451"},{"taxonomy":"post_tag","embeddable":true,"href":"https:\/\/247stiri.ro\/index.php\/wp-json\/wp\/v2\/tags?post=18451"}],"curies":[{"name":"wp","href":"https:\/\/api.w.org\/{rel}","templated":true}]}}