{"id":18453,"date":"2024-12-22T09:47:35","date_gmt":"2024-12-22T09:47:35","guid":{"rendered":"https:\/\/247stiri.ro\/index.php\/2024\/12\/22\/ministerul-justitiei-intrunire-in-vederea-analizei-legislatiei-privind-infractiunile-de-ura-si-acte-de-violenta\/"},"modified":"2024-12-22T09:47:35","modified_gmt":"2024-12-22T09:47:35","slug":"ministerul-justitiei-intrunire-in-vederea-analizei-legislatiei-privind-infractiunile-de-ura-si-acte-de-violenta","status":"publish","type":"post","link":"https:\/\/247stiri.ro\/index.php\/2024\/12\/22\/ministerul-justitiei-intrunire-in-vederea-analizei-legislatiei-privind-infractiunile-de-ura-si-acte-de-violenta\/","title":{"rendered":"Ministerul Justi\u021biei, \u00eentrunire \u00een vederea analizei legisla\u021biei privind infrac\u021biunile de ur\u0103 \u0219i acte de violen\u021b\u0103"},"content":{"rendered":"<p>Ministerul Justi\u0163iei (MJ) anun\u0163\u0103 constituirea unui grup de lucru interinstitu\u0163ional pentru analiza legisla\u0163iei privitoare la infrac\u0163iuni de ur\u0103, acte de violen\u0163\u0103, interzicerea organiza\u0163iilor, simbolurilor \u015fi faptelor cu caracter fascist, legionar, rasist sau xenofob, urm\u00e2nd s\u0103 fie analizate posibile lacune ale cadrului legislativ \u00een domeniu \u015fi avansat un prim set de propuneri p\u00e2n\u0103 la finalul lunii ianuarie 2025.Potrivit unui comunicat de pres\u0103 transmis, s\u00e2mb\u0103t\u0103, de MJ, grupul de lucru este format din speciali\u015fti ai Ministerului Justi\u0163iei, Ministerului Public, Consiliului Superior al Magistraturii \u015fi Inspectoratului General al Poli\u0163iei Rom\u00e2ne.&#8221;\u00cen contextul actual, \u00een care observ\u0103m o polarizare f\u0103r\u0103 precedent \u015fi remarc\u0103m o cre\u015ftere alarmant\u0103 a cazurilor ce au la baz\u0103 instigarea la ur\u0103, discriminarea, atitudinile antisemite sau actele de violen\u0163\u0103, Ministerul Justi\u0163iei asigur\u0103 to\u0163i cet\u0103\u0163enii c\u0103 este permanent \u015fi direct implicat \u00een gestionarea unor astfel de situa\u0163ii, r\u0103spunz\u00e2nd nevoilor \u015fi a\u015ftept\u0103rilor stringente ale societ\u0103\u0163ii. Miercuri, 18 decembrie 2024, Ministerul Justi\u0163iei a organizat prima \u015fedin\u0163\u0103 a grupului de lucru interinstitu\u0163ional format (&#8230;) \u00een scopul analiz\u0103rii legisla\u0163iei privitoare la infrac\u0163iuni de ur\u0103, acte de violen\u0163\u0103 ori amenin\u0163\u0103ri comise \u00een spa\u0163iul public, interzicerea organiza\u0163iilor, simbolurilor \u015fi faptelor cu caracter fascist, legionar, rasist sau xenofob, precum \u015fi interzicerea promov\u0103rii cultului persoanelor vinovate de s\u0103v\u00e2r\u015firea unor infrac\u0163iuni de genocid contra umanit\u0103\u0163ii \u015fi de crime de r\u0103zboi&#8221;, se arat\u0103 \u00een comunicatul amintit.Ministerul Justi\u0163iei salut\u0103 deschiderea Parchetului de pe l\u00e2ng\u0103 \u00cenalta Curte de Casa\u0163ie \u015fi Justi\u0163ie \u015fi a Poli\u0163iei Rom\u00e2ne de a se implica activ \u00een acest demers, precizeaz\u0103 aceea\u015fi surs\u0103.\u00cen cadrul \u015fedin\u0163ei au fost discutate mai multe propuneri formulate de reprezentan\u0163ii sistemului judiciar.&#8221;Grupul de lucru a analizat posibile lacune ale cadrului legislativ incident \u00een materie, de natur\u0103 s\u0103 produc\u0103 deficien\u0163e \u00een activitatea practic\u0103 a organelor de urm\u0103rire penal\u0103. Au fost luate \u00een discu\u0163ie mai multe propuneri formulate de reprezentan\u0163ii sistemului judiciar, fiind astfel ini\u0163iat cadrul necesar efectu\u0103rii unor analize aplicate. Toate concluziile rezultate \u00een urma propunerilor formulate de c\u0103tre institu\u0163iile din sistem vor fi aduse la cuno\u015ftin\u0163a publicului larg, \u00een momentul concretiz\u0103rii lor, preconiz\u00e2nd astfel finalizarea unui prim set de propuneri p\u00e2n\u0103 la finele lunii ianuarie 2025&#8243;, se mai arat\u0103 \u00een comunicat.<\/p>\n<p><a href=\"https:\/\/www.realitatea.net\/stiri\/actual\/cum-isi-imparte-noua-coalitie-functiile-in-guvern-surse-ciolacu-ar-ramane-premier_6766788e176d955c32234582\" target=\"_blank\">Cum \u00ee\u0219i \u00eemparte noua coali\u021bie MINISTERELE \u00een Guvern. Surse: Ciolacu ar r\u0103m\u00e2ne premier<\/a><\/p>","protected":false},"excerpt":{"rendered":"<p>Ministerul Justi\u0163iei (MJ) anun\u0163\u0103 constituirea unui grup de lucru interinstitu\u0163ional pentru analiza legisla\u0163iei privitoare la&hellip;<\/p>\n","protected":false},"author":0,"featured_media":18454,"comment_status":"open","ping_status":"open","sticky":false,"template":"","format":"standard","meta":{"footnotes":""},"categories":[2],"tags":[],"class_list":["post-18453","post","type-post","status-publish","format-standard","has-post-thumbnail","hentry","category-actual"],"_links":{"self":[{"href":"https:\/\/247stiri.ro\/index.php\/wp-json\/wp\/v2\/posts\/18453","targetHints":{"allow":["GET"]}}],"collection":[{"href":"https:\/\/247stiri.ro\/index.php\/wp-json\/wp\/v2\/posts"}],"about":[{"href":"https:\/\/247stiri.ro\/index.php\/wp-json\/wp\/v2\/types\/post"}],"replies":[{"embeddable":true,"href":"https:\/\/247stiri.ro\/index.php\/wp-json\/wp\/v2\/comments?post=18453"}],"version-history":[{"count":0,"href":"https:\/\/247stiri.ro\/index.php\/wp-json\/wp\/v2\/posts\/18453\/revisions"}],"wp:featuredmedia":[{"embeddable":true,"href":"https:\/\/247stiri.ro\/index.php\/wp-json\/wp\/v2\/media\/18454"}],"wp:attachment":[{"href":"https:\/\/247stiri.ro\/index.php\/wp-json\/wp\/v2\/media?parent=18453"}],"wp:term":[{"taxonomy":"category","embeddable":true,"href":"https:\/\/247stiri.ro\/index.php\/wp-json\/wp\/v2\/categories?post=18453"},{"taxonomy":"post_tag","embeddable":true,"href":"https:\/\/247stiri.ro\/index.php\/wp-json\/wp\/v2\/tags?post=18453"}],"curies":[{"name":"wp","href":"https:\/\/api.w.org\/{rel}","templated":true}]}}