{"id":1847,"date":"2024-10-25T11:47:20","date_gmt":"2024-10-25T11:47:20","guid":{"rendered":"https:\/\/247stiri.ro\/index.php\/2024\/10\/25\/ce-poti-faca-daca-alt-sofer-si-a-parcat-masina-in-fata-curtii-casei-tale-variante-legale\/"},"modified":"2024-10-25T11:47:20","modified_gmt":"2024-10-25T11:47:20","slug":"ce-poti-faca-daca-alt-sofer-si-a-parcat-masina-in-fata-curtii-casei-tale-variante-legale","status":"publish","type":"post","link":"https:\/\/247stiri.ro\/index.php\/2024\/10\/25\/ce-poti-faca-daca-alt-sofer-si-a-parcat-masina-in-fata-curtii-casei-tale-variante-legale\/","title":{"rendered":"Ce po\u021bi fac\u0103 dac\u0103 alt \u0219ofer \u0219i-a parcat ma\u0219ina \u00een fa\u021ba cur\u021bii casei tale. Variante LEGALE"},"content":{"rendered":"<p>Este legal s\u0103 interzici parcarea \u00een fa\u021ba casei sau a propriet\u0103\u021bii?<\/p>\n<p>Legea stabile\u0219te c\u0103 trotuarul din fa\u021ba unei locuin\u021be apar\u021bine domeniului public. De asemenea, spa\u021biul verde sau drumul de acces sunt considerate domenii publice.<\/p>\n<p><a href=\"https:\/\/www.realitatea.net\/stiri\/actual\/itp-2024-mai-e-valabil-itpul-si-in-ultima-zi-amenda-uriasa-pentru-itp-expirat_671a44ffe8d35110297043a5\" target=\"_blank\" rel=\"noopener\">ITP 2024. Mai e valabil ITP-ul \u0219i \u00een ultima zi. Amend\u0103 uria\u0219\u0103 pentru ITP expirat<\/a><\/p>\n<p>Ceea ce \u00eenseamn\u0103 c\u0103 se afl\u0103 \u00een proprietatea \u0219i administrarea prim\u0103riei sau a altei institu\u021bii publice. Deci, se supune unui regim juridic diferit ce cel al propriet\u0103\u021bii private.<\/p>\n<p>Ca s\u0103 se afle \u00een proprietate privat\u0103, un drum, un trotuar sau un spa\u021biu verde ar trebui ca beneficiarul s\u0103 pl\u0103teasc\u0103\u00a0impozit\u00a0la prim\u0103rie pentru respectiva suprafa\u021b\u0103. \u0218i aceasta s\u0103 fie delimitat\u0103 sau marcat\u0103, conform legii.<\/p>\n<p>\u00a0<\/p>\n<p>Sau mai exist\u0103 posibilitatea de a \u00eenchiria un loc de parcare de la prim\u0103rie. Caz \u00een care doar cel care pl\u0103te\u0219te aceast\u0103 chirie are dreptul s\u0103 parcheze acolo.\u00a0Pentru a demonstra asta, \u00eens\u0103, chiria\u0219ul trebuie s\u0103 afi\u0219eze o pancart\u0103 oficial\u0103, care con\u021bine num\u0103rul de \u00eenmatriculare al vehiculului \u0219i num\u0103rul autoriza\u021biei de \u00eenchiriere, eliberat\u0103 de prim\u0103rie. Iar, \u00een unele situa\u021bii, prim\u0103ria poate monta un blocator.<\/p>\n<p>A\u0219adar, proprietarul unei locuin\u021be nu este proprietar \u0219i pe spa\u021biul verde sau pe trotuarul din fa\u021ba casei. Deci, nu are dreptul s\u0103 interzic\u0103 parcarea \u00een dreptul propriet\u0103\u021bii sale dec\u00e2t dac\u0103 spa\u021biul respectiv \u00eei apar\u021bine sau e \u00eenchiriat.<\/p>\n<p>Ce po\u021bi face, legal, dac\u0103 o alt\u0103 persoan\u0103 \u00ee\u0219i parcheaz\u0103 ma\u0219ina \u00een fa\u021ba cur\u021bii tale?<\/p>\n<p>Dac\u0103 vecinul sau o alt\u0103 persoan\u0103 \u00ee\u0219i parcheaz\u0103 ma\u0219ina \u00een fa\u021ba cur\u021bii tale, pe trotuar sau drum public, trebuie s\u0103 \u021bin\u0103 cont de mai multe aspecte.<\/p>\n<p>\u00cen primul r\u00e2nd, nu trebuie, sub nicio form\u0103, s\u0103 blocheze sau s\u0103 limiteze accesul \u00een curtea respectiv\u0103. De asemenea, dac\u0103 a parcat pe trotuar, este obligat s\u0103 lase suficient loc de trecere pietonilor.<\/p>\n<p>\u201eLegea interzice ocuparea trotuarelor cu vehicule, dac\u0103 acestea \u00eempiedic\u0103 circula\u021bia\u00a0pietonilor. Conform practicii judiciare, \u0219oferii sunt sanc\u021biona\u021bi dac\u0103 blocheaz\u0103 trotuarul. De asemenea, comite o ilegalitate dac\u0103 limiteaz\u0103 accesul pe un drum, public sau privat, ori intrarea \u00een curte sau garaj\u201d, a explicat pentru ProMotor avocatul Valentin Ciobanu.<\/p>\n<p>\u00cen oricare dintre aceste situa\u021bii, se poate cere sprijinul Poli\u021biei Locale. Dac\u0103 echipajul constat\u0103 c\u0103, \u00eentr-adev\u0103r, persoana respectiv\u0103 a parcat neregulamentar, va \u00eentocmi un proces verbal de sanc\u021bionare. \u00cen plus, se poate dispune ridicarea autovehiculului.<\/p>\n<p><a href=\"https:\/\/www.realitatea.net\/stiri\/actual\/cod-rutier-2024-este-legal-sa-depasesti-pe-linia-continua-daca-nu-vine-nicio-masina-din-sens-opus_6718a9ac0190bc4e027046a2\" target=\"_blank\" rel=\"noopener\">Cod Rutier 2024. Este LEGAL s\u0103 dep\u0103\u0219e\u0219ti pe linia continu\u0103 dac\u0103 nu vine nicio ma\u0219in\u0103 din sens opus?<\/a><\/p>\n<p>Sanc\u021biunea pentru parcare neregulamentar\u0103 este \u00eentre 330 \u0219i 495 de lei. \u00cen plus, \u0219oferul va primi \u00eentre 2 \u0219i 3 puncte de penalizare.<\/p>\n<p>Dar, dac\u0103 vehiculul se afl\u0103, fie \u0219i par\u021bial pe un drum unde sta\u021bionarea nu este permis\u0103, poli\u021bia va aplica o alt\u0103\u00a0amend\u0103. \u00centre 660 \u0219i 825 de lei, pentru sta\u021bionare neregulamentar\u0103, plus al\u021bi minimum 500 de lei, dac\u0103 ma\u0219ina e ridicat\u0103.<\/p>\n<p>Aten\u021bie, \u00eens\u0103, aceste sanc\u021biuni se aplic\u0103 doar dac\u0103, \u00eentr-adev\u0103r, vehiculul e parcat neregulamentar. Dac\u0103 e parcat corect, fie \u0219i \u00een dreptul cur\u021bii tale, exist\u0103 riscul de a fi sanc\u021bionat contraven\u021bional pentru sesizarea nejustificat\u0103 a Poli\u021biei.<\/p>\n<p>Este legal s\u0103 pui afi\u0219e cu \u201eParcarea interzis\u0103\u201d \u00een zona propriet\u0103\u021bii?<\/p>\n<p>Sunt proprietari care folosesc cutii, l\u0103zi, ghivece, pietre sau afi\u0219e scoase la imprimant\u0103 pentru a-\u0219i \u201erezerva\u201d locul de parcare.<\/p>\n<p>Aceast\u0103 practic\u0103 poate fi considerat\u0103, \u00eens\u0103, infrac\u021biune.<\/p>\n<p>\u201eInstalarea de mijloace de semnalizare\u00a0rutier\u0103\u00a0sau modificarea pozi\u0163iilor acestora, f\u0103r\u0103 autoriza\u0163ie eliberat\u0103 de autorit\u0103\u0163ile competente se pedepse\u015fte cu \u00eenchisoare de la 3 luni la 2 ani sau cu amend\u0103. Iar instan\u021bele de judecat\u0103 chiar au condamnat persoane pentru astfel de situa\u021bii. Au existat accidente rutiere produse din cauza unor c\u0103r\u0103mizi de BCA l\u0103sate pe marginea drumului pentru a delimita un loc de parcare. Iar cel care le-a pus a fost tras la r\u0103spundere\u201d, a mai explicat avocatul Valentin Ciobanu.<\/p>\n<p>Conform legii, este legal s\u0103 pui un semn de parcare interzis\u0103 doar \u00een dreptul u\u0219ilor de garaj sau a por\u021bilor de acces. Nu \u00een dreptul zidurilor cl\u0103dirii, a balconului sau a gardului din jurul cur\u021bii.<\/p>\n<p><a href=\"https:\/\/www.promotor.ro\/\" target=\"_blank\" rel=\"noopener\">SURSA<\/a><\/p>","protected":false},"excerpt":{"rendered":"<p>Este legal s\u0103 interzici parcarea \u00een fa\u021ba casei sau a propriet\u0103\u021bii? Legea stabile\u0219te c\u0103 trotuarul&hellip;<\/p>\n","protected":false},"author":0,"featured_media":1834,"comment_status":"open","ping_status":"open","sticky":false,"template":"","format":"standard","meta":{"footnotes":""},"categories":[2],"tags":[],"class_list":["post-1847","post","type-post","status-publish","format-standard","has-post-thumbnail","hentry","category-actual"],"_links":{"self":[{"href":"https:\/\/247stiri.ro\/index.php\/wp-json\/wp\/v2\/posts\/1847","targetHints":{"allow":["GET"]}}],"collection":[{"href":"https:\/\/247stiri.ro\/index.php\/wp-json\/wp\/v2\/posts"}],"about":[{"href":"https:\/\/247stiri.ro\/index.php\/wp-json\/wp\/v2\/types\/post"}],"replies":[{"embeddable":true,"href":"https:\/\/247stiri.ro\/index.php\/wp-json\/wp\/v2\/comments?post=1847"}],"version-history":[{"count":0,"href":"https:\/\/247stiri.ro\/index.php\/wp-json\/wp\/v2\/posts\/1847\/revisions"}],"wp:featuredmedia":[{"embeddable":true,"href":"https:\/\/247stiri.ro\/index.php\/wp-json\/wp\/v2\/media\/1834"}],"wp:attachment":[{"href":"https:\/\/247stiri.ro\/index.php\/wp-json\/wp\/v2\/media?parent=1847"}],"wp:term":[{"taxonomy":"category","embeddable":true,"href":"https:\/\/247stiri.ro\/index.php\/wp-json\/wp\/v2\/categories?post=1847"},{"taxonomy":"post_tag","embeddable":true,"href":"https:\/\/247stiri.ro\/index.php\/wp-json\/wp\/v2\/tags?post=1847"}],"curies":[{"name":"wp","href":"https:\/\/api.w.org\/{rel}","templated":true}]}}