{"id":18567,"date":"2024-12-23T05:45:24","date_gmt":"2024-12-23T05:45:24","guid":{"rendered":"https:\/\/247stiri.ro\/index.php\/2024\/12\/23\/razboi-in-ucraina-ziua-1034-aderarea-ucrainei-la-nato-este-realizabila-mesajul-lui-volodimir-zelenski-live-text\/"},"modified":"2024-12-23T05:45:24","modified_gmt":"2024-12-23T05:45:24","slug":"razboi-in-ucraina-ziua-1034-aderarea-ucrainei-la-nato-este-realizabila-mesajul-lui-volodimir-zelenski-live-text","status":"publish","type":"post","link":"https:\/\/247stiri.ro\/index.php\/2024\/12\/23\/razboi-in-ucraina-ziua-1034-aderarea-ucrainei-la-nato-este-realizabila-mesajul-lui-volodimir-zelenski-live-text\/","title":{"rendered":"R\u0103zboi \u00een Ucraina, ziua 1034. Aderarea Ucrainei la NATO este realizabil\u0103. Mesajul lui Volodimir Zelenski &#8211; LIVE TEXT"},"content":{"rendered":"<p>UPDATE &#8211; Rusia reprezint\u0103 o &#8221;amenin\u0163are permanent\u0103&#8221; pentru Uniunea European\u0103, a afirmat duminic\u0103 premierul finlandez Petteri Orpo, care a subliniat necesitatea continu\u0103rii sprijinului pentru Ucraina \u015fi a cre\u015fterii cheltuielilor militare, transmite France Presse.<\/p>\n<p>Petteri Orpo a g\u0103zduit un summit privind securitatea \u015fi imigra\u0163ia, la care au luat parte \u015fefa diploma\u0163iei europene Kaja Kallas \u015fi premierii suedez Ulf Kristersson, italian Giorgia Meloni \u015fi grec Kyriakos Mitsotakis.<\/p>\n<p>&#8221;Situa\u0163ia \u00een materie de securitate s-a schimbat&#8221;, a estimat \u015feful executivului finlandez. &#8221;Rusia constituie o amenin\u0163are permanent\u0103 \u015fi periculoas\u0103 pentru Uniunea European\u0103 \u015fi pentru \u0163\u0103rile europene&#8221;, a declarat el.<\/p>\n<p>&#8221;Ap\u0103rarea Europei trebuie s\u0103 fie consolidat\u0103 prin toate mijloacele posibile, trebuie s\u0103 explor\u0103m toate op\u0163iunile financiare&#8221;, a continuat Orpo, f\u0103r\u0103 a men\u0163iona planuri concrete de cre\u015ftere a bugetelor.<\/p>\n<p>La r\u00e2ndul s\u0103u, Kaja Kallas a afirmat c\u0103 &#8221;Rusia reprezint\u0103 o amenin\u0163are direct\u0103 pentru securitatea european\u0103&#8221;.<\/p>","protected":false},"excerpt":{"rendered":"<p>UPDATE &#8211; Rusia reprezint\u0103 o &#8221;amenin\u0163are permanent\u0103&#8221; pentru Uniunea European\u0103, a afirmat duminic\u0103 premierul finlandez&hellip;<\/p>\n","protected":false},"author":0,"featured_media":18562,"comment_status":"open","ping_status":"open","sticky":false,"template":"","format":"standard","meta":{"footnotes":""},"categories":[2],"tags":[],"class_list":["post-18567","post","type-post","status-publish","format-standard","has-post-thumbnail","hentry","category-actual"],"_links":{"self":[{"href":"https:\/\/247stiri.ro\/index.php\/wp-json\/wp\/v2\/posts\/18567","targetHints":{"allow":["GET"]}}],"collection":[{"href":"https:\/\/247stiri.ro\/index.php\/wp-json\/wp\/v2\/posts"}],"about":[{"href":"https:\/\/247stiri.ro\/index.php\/wp-json\/wp\/v2\/types\/post"}],"replies":[{"embeddable":true,"href":"https:\/\/247stiri.ro\/index.php\/wp-json\/wp\/v2\/comments?post=18567"}],"version-history":[{"count":0,"href":"https:\/\/247stiri.ro\/index.php\/wp-json\/wp\/v2\/posts\/18567\/revisions"}],"wp:featuredmedia":[{"embeddable":true,"href":"https:\/\/247stiri.ro\/index.php\/wp-json\/wp\/v2\/media\/18562"}],"wp:attachment":[{"href":"https:\/\/247stiri.ro\/index.php\/wp-json\/wp\/v2\/media?parent=18567"}],"wp:term":[{"taxonomy":"category","embeddable":true,"href":"https:\/\/247stiri.ro\/index.php\/wp-json\/wp\/v2\/categories?post=18567"},{"taxonomy":"post_tag","embeddable":true,"href":"https:\/\/247stiri.ro\/index.php\/wp-json\/wp\/v2\/tags?post=18567"}],"curies":[{"name":"wp","href":"https:\/\/api.w.org\/{rel}","templated":true}]}}