{"id":18605,"date":"2024-12-23T08:44:49","date_gmt":"2024-12-23T08:44:49","guid":{"rendered":"https:\/\/247stiri.ro\/index.php\/2024\/12\/23\/ilie-boljan-desemnat-presedinte-al-senatului-sedinte-de-plen-pentru-alegerea-presedintilor-parlamentului-dupa-vot-iohannis-va-face-anuntul-privind-premierul\/"},"modified":"2024-12-23T08:44:49","modified_gmt":"2024-12-23T08:44:49","slug":"ilie-boljan-desemnat-presedinte-al-senatului-sedinte-de-plen-pentru-alegerea-presedintilor-parlamentului-dupa-vot-iohannis-va-face-anuntul-privind-premierul","status":"publish","type":"post","link":"https:\/\/247stiri.ro\/index.php\/2024\/12\/23\/ilie-boljan-desemnat-presedinte-al-senatului-sedinte-de-plen-pentru-alegerea-presedintilor-parlamentului-dupa-vot-iohannis-va-face-anuntul-privind-premierul\/","title":{"rendered":"Ilie Boljan, desemnat pre\u0219edinte al Senatului. \u0218edin\u021be de plen pentru alegerea pre\u0219edin\u021bilor Parlamentului. Dup\u0103 vot, Iohannis  va face anun\u021bul privind premierul"},"content":{"rendered":"<p>Ilie Bolojan a primit deja voturile de \u00eenvestire \u00een func\u021bie, \u00een condi\u021biile \u00een care parlamentarii USR n-au votat, potrivit Realitatea Plus.<\/p>\n<p>Ulterior, \u00een jurul orei 11:00, dup\u0103 ce se vor finaliza \u0219edin\u021bele pentru stabilirea conducerilor celor 2 camere, este a\u0219teptat ca pre\u0219edintele Klaus Iohannis s\u0103 fac\u0103 anun\u021bul privind numirea unui nou premier.<\/p>\n<p>Potrivit tuturor liderilor politici din Coali\u021bie, postul ar urma s\u0103 fie ocupat tot de Marcel Ciolacu.<\/p>\n<p>Coali\u021bia PSD-PNL-UDMR-Minorit\u0103\u021bi \u0219i-a propus ca \u00eenvestirea Guvernului Ciolacu 2 s\u0103 aib\u0103 loc luni \u0219i toate procedurile s\u0103 fie parcurse p\u00e2n\u0103 disear\u0103, prin audierea mini\u0219trilor \u00een comisii \u0219i organizarea primei \u0219edin\u021be a noului Executiv.<\/p>","protected":false},"excerpt":{"rendered":"<p>Ilie Bolojan a primit deja voturile de \u00eenvestire \u00een func\u021bie, \u00een condi\u021biile \u00een care parlamentarii&hellip;<\/p>\n","protected":false},"author":0,"featured_media":18599,"comment_status":"open","ping_status":"open","sticky":false,"template":"","format":"standard","meta":{"footnotes":""},"categories":[2],"tags":[],"class_list":["post-18605","post","type-post","status-publish","format-standard","has-post-thumbnail","hentry","category-actual"],"_links":{"self":[{"href":"https:\/\/247stiri.ro\/index.php\/wp-json\/wp\/v2\/posts\/18605","targetHints":{"allow":["GET"]}}],"collection":[{"href":"https:\/\/247stiri.ro\/index.php\/wp-json\/wp\/v2\/posts"}],"about":[{"href":"https:\/\/247stiri.ro\/index.php\/wp-json\/wp\/v2\/types\/post"}],"replies":[{"embeddable":true,"href":"https:\/\/247stiri.ro\/index.php\/wp-json\/wp\/v2\/comments?post=18605"}],"version-history":[{"count":0,"href":"https:\/\/247stiri.ro\/index.php\/wp-json\/wp\/v2\/posts\/18605\/revisions"}],"wp:featuredmedia":[{"embeddable":true,"href":"https:\/\/247stiri.ro\/index.php\/wp-json\/wp\/v2\/media\/18599"}],"wp:attachment":[{"href":"https:\/\/247stiri.ro\/index.php\/wp-json\/wp\/v2\/media?parent=18605"}],"wp:term":[{"taxonomy":"category","embeddable":true,"href":"https:\/\/247stiri.ro\/index.php\/wp-json\/wp\/v2\/categories?post=18605"},{"taxonomy":"post_tag","embeddable":true,"href":"https:\/\/247stiri.ro\/index.php\/wp-json\/wp\/v2\/tags?post=18605"}],"curies":[{"name":"wp","href":"https:\/\/api.w.org\/{rel}","templated":true}]}}