{"id":18606,"date":"2024-12-23T08:44:49","date_gmt":"2024-12-23T08:44:49","guid":{"rendered":"https:\/\/247stiri.ro\/index.php\/2024\/12\/23\/calin-georgescu-din-nou-in-fata-instantei-magistratii-decid-soarta-alegerilor-prezidentiale\/"},"modified":"2024-12-23T08:44:49","modified_gmt":"2024-12-23T08:44:49","slug":"calin-georgescu-din-nou-in-fata-instantei-magistratii-decid-soarta-alegerilor-prezidentiale","status":"publish","type":"post","link":"https:\/\/247stiri.ro\/index.php\/2024\/12\/23\/calin-georgescu-din-nou-in-fata-instantei-magistratii-decid-soarta-alegerilor-prezidentiale\/","title":{"rendered":"C\u0103lin Georgescu, din nou \u00een fa\u021ba instan\u021bei. Magistra\u021bii decid soarta alegerilor preziden\u021biale"},"content":{"rendered":"<p>Toate variantele \u00een aceste momente sunt pe masa instan\u021bei: fie o nou\u0103 am\u00e2nare, fie s\u0103 se judece dosarul inclusiv ast\u0103zi.\u00a0<\/p>\n<p>La ora 9.00 a \u00eenceput acest termen \u00een dosarul lui C\u0103lin Georgescu, unde s-au depus mai multe pl\u00e2ngeri cu privire la \u00eentreruperea procesului electoral din partea Biroului Electoral Central, dar \u0219i a Autorit\u0103\u021bii Electorale Permanente.<\/p>\n<p>\u00cen urma deciziei CCR &#8211; a celor 9 judec\u0103tori &#8211; s-a anulat procesul electoral chiar \u00een prima zi de scrutin a votului din Diaspora \u00een turul al doilea de scrutin.\u00a0<\/p>\n<p>C\u0103lin Georgescu a venit \u00eenso\u021bit de avoca\u021bii s\u0103i. Pre\u0219edintele ales s-a prezentat la instan\u021b\u0103, \u00eens\u0103 instan\u021ba &#8211; conform unor surse &#8211; a invocat lipsa de procedur\u0103, astfel c\u0103 putem asista la o nou\u0103 am\u00e2nare chiar ast\u0103zi \u0219i s\u0103 se judece inclusiv din luna ianuarie acest termen.\u00a0<\/p>\n<p>Sunt foarte multe aspecte care trebuie analizate \u00eentruc\u00e2t \u0219tim foarte bine c\u0103 au fost chemate mai multe institu\u021bii \u00een cadrul acestui proces, iar dac\u0103 se d\u0103 un r\u0103spuns pozitiv din partea instan\u021bei am putea asista la o situa\u021bie f\u0103r\u0103 precedent pe scena politic\u0103, \u0219i asta deoarece s-ar putea s\u0103 se reia cu cei 2 candida\u021bi turul al doilea de scrutin al alegerilor preziden\u021biale.\u00a0<\/p>\n<p>\u00a0<\/p>","protected":false},"excerpt":{"rendered":"<p>Toate variantele \u00een aceste momente sunt pe masa instan\u021bei: fie o nou\u0103 am\u00e2nare, fie s\u0103&hellip;<\/p>\n","protected":false},"author":0,"featured_media":18603,"comment_status":"open","ping_status":"open","sticky":false,"template":"","format":"standard","meta":{"footnotes":""},"categories":[2],"tags":[],"class_list":["post-18606","post","type-post","status-publish","format-standard","has-post-thumbnail","hentry","category-actual"],"_links":{"self":[{"href":"https:\/\/247stiri.ro\/index.php\/wp-json\/wp\/v2\/posts\/18606","targetHints":{"allow":["GET"]}}],"collection":[{"href":"https:\/\/247stiri.ro\/index.php\/wp-json\/wp\/v2\/posts"}],"about":[{"href":"https:\/\/247stiri.ro\/index.php\/wp-json\/wp\/v2\/types\/post"}],"replies":[{"embeddable":true,"href":"https:\/\/247stiri.ro\/index.php\/wp-json\/wp\/v2\/comments?post=18606"}],"version-history":[{"count":0,"href":"https:\/\/247stiri.ro\/index.php\/wp-json\/wp\/v2\/posts\/18606\/revisions"}],"wp:featuredmedia":[{"embeddable":true,"href":"https:\/\/247stiri.ro\/index.php\/wp-json\/wp\/v2\/media\/18603"}],"wp:attachment":[{"href":"https:\/\/247stiri.ro\/index.php\/wp-json\/wp\/v2\/media?parent=18606"}],"wp:term":[{"taxonomy":"category","embeddable":true,"href":"https:\/\/247stiri.ro\/index.php\/wp-json\/wp\/v2\/categories?post=18606"},{"taxonomy":"post_tag","embeddable":true,"href":"https:\/\/247stiri.ro\/index.php\/wp-json\/wp\/v2\/tags?post=18606"}],"curies":[{"name":"wp","href":"https:\/\/api.w.org\/{rel}","templated":true}]}}