{"id":18621,"date":"2024-12-23T10:44:48","date_gmt":"2024-12-23T10:44:48","guid":{"rendered":"https:\/\/247stiri.ro\/index.php\/2024\/12\/23\/doliu-urias-pentru-gabi-balint-si-a-pierdut-tatal-cu-cateva-zile-inainte-de-craciun\/"},"modified":"2024-12-23T10:44:48","modified_gmt":"2024-12-23T10:44:48","slug":"doliu-urias-pentru-gabi-balint-si-a-pierdut-tatal-cu-cateva-zile-inainte-de-craciun","status":"publish","type":"post","link":"https:\/\/247stiri.ro\/index.php\/2024\/12\/23\/doliu-urias-pentru-gabi-balint-si-a-pierdut-tatal-cu-cateva-zile-inainte-de-craciun\/","title":{"rendered":"Doliu uria\u0219 pentru Gabi Balint. \u0218i-a pierdut tat\u0103l cu c\u00e2teva zile \u00eenainte de Cr\u0103ciun"},"content":{"rendered":"<p>Fostul fotbalist, \u00een v\u00e2rst\u0103 de 61 de ani, a f\u0103cut anun\u021bul trist. Balint \u0219i-a pierdut tat\u0103l chiar \u00eenainte de s\u0103rb\u0103tori.<\/p>\n<p>Gavril\u0103 Balint s-a stins din via\u021b\u0103 la v\u00e2rsta de 86 de ani.<\/p>\n<p>\u201eAzi-noapte a plecat tata spre ceruri. Amintirile r\u0103m\u00e2n vii \u00een sufletul meu. Dumnezeu s\u0103 te odihneasc\u0103, tat\u0103!\u201d a fost anun\u021bul lui Gabi Balint.<\/p>\n<p>\u0218i CS Gloria Bistri\u021ba-N\u0103s\u0103ud a transmis un mesaj emo\u021bionant \u00een memoria tat\u0103lui fostului mare interna\u021bional, rememor\u00e2nd impactul s\u0103u asupra vie\u021bii \u0219i carierei acestuia.<\/p>\n<p>\u00a0\u00a0\u201eCel care i-a insuflat dragostea pentru fotbal fostului mare interna\u021bional GABI BALINT a trecut poarta ve\u015fniciei! Tat\u0103l s\u0103u i-a fost aproape pe tot parcursul carierei, fiind cel care i-a c\u0103l\u0103uzit primii pa\u0219i \u00een fotbal, i-a fost primul antrenor \u0219i cel mai mare sus\u021bin\u0103tor pe tot parcursul vie\u021bii. Din p\u0103cate, azi-noapte a plecat spre ceruri, l\u0103s\u00e2nd \u00een urm\u0103 amintiri nepre\u021buite dar \u0219i triste\u021be \u0219i lacrimi. Suntem al\u0103turi de Gabi Balint \u0219i de \u00eentreaga familie! Condolean\u021be! Dumnezeu s\u0103 \u00eel odihneasc\u0103 \u00een pace!\u201d, a transmis CS Gloria Bistri\u021ba-N\u0103s\u0103ud.<\/p>\n<p>\u00a0<\/p>","protected":false},"excerpt":{"rendered":"<p>Fostul fotbalist, \u00een v\u00e2rst\u0103 de 61 de ani, a f\u0103cut anun\u021bul trist. Balint \u0219i-a pierdut&hellip;<\/p>\n","protected":false},"author":0,"featured_media":18618,"comment_status":"open","ping_status":"open","sticky":false,"template":"","format":"standard","meta":{"footnotes":""},"categories":[2],"tags":[],"class_list":["post-18621","post","type-post","status-publish","format-standard","has-post-thumbnail","hentry","category-actual"],"_links":{"self":[{"href":"https:\/\/247stiri.ro\/index.php\/wp-json\/wp\/v2\/posts\/18621","targetHints":{"allow":["GET"]}}],"collection":[{"href":"https:\/\/247stiri.ro\/index.php\/wp-json\/wp\/v2\/posts"}],"about":[{"href":"https:\/\/247stiri.ro\/index.php\/wp-json\/wp\/v2\/types\/post"}],"replies":[{"embeddable":true,"href":"https:\/\/247stiri.ro\/index.php\/wp-json\/wp\/v2\/comments?post=18621"}],"version-history":[{"count":0,"href":"https:\/\/247stiri.ro\/index.php\/wp-json\/wp\/v2\/posts\/18621\/revisions"}],"wp:featuredmedia":[{"embeddable":true,"href":"https:\/\/247stiri.ro\/index.php\/wp-json\/wp\/v2\/media\/18618"}],"wp:attachment":[{"href":"https:\/\/247stiri.ro\/index.php\/wp-json\/wp\/v2\/media?parent=18621"}],"wp:term":[{"taxonomy":"category","embeddable":true,"href":"https:\/\/247stiri.ro\/index.php\/wp-json\/wp\/v2\/categories?post=18621"},{"taxonomy":"post_tag","embeddable":true,"href":"https:\/\/247stiri.ro\/index.php\/wp-json\/wp\/v2\/tags?post=18621"}],"curies":[{"name":"wp","href":"https:\/\/api.w.org\/{rel}","templated":true}]}}