{"id":18630,"date":"2024-12-23T11:44:48","date_gmt":"2024-12-23T11:44:48","guid":{"rendered":"https:\/\/247stiri.ro\/index.php\/2024\/12\/23\/seful-nato-deranjat-de-afirmatiile-lui-zelenski-i-am-spus-de-mai-multe-ori-sa-inceteze\/"},"modified":"2024-12-23T11:44:48","modified_gmt":"2024-12-23T11:44:48","slug":"seful-nato-deranjat-de-afirmatiile-lui-zelenski-i-am-spus-de-mai-multe-ori-sa-inceteze","status":"publish","type":"post","link":"https:\/\/247stiri.ro\/index.php\/2024\/12\/23\/seful-nato-deranjat-de-afirmatiile-lui-zelenski-i-am-spus-de-mai-multe-ori-sa-inceteze\/","title":{"rendered":"\u0218eful NATO, deranjat de afirma\u021biile lui Zelenski: I-am spus de mai multe ori s\u0103 \u00eenceteze"},"content":{"rendered":"<p>\u201eI-am spus de multe ori lui Zelenski c\u0103 ar trebui s\u0103 \u00eenceteze s\u0103 \u00eel mai critice pe Olaf Scholz, pentru c\u0103 eu cred c\u0103 este nedrept\u201d, a declarat Rutte, care a preluat \u00een toamn\u0103 conducerea alian\u021bei, potrivit <a href=\"https:\/\/www.politico.eu\/article\/mark-rutte-vlodymyr-zelenskyy-nato-criticizing-germany-olaf-scholz\/\" target=\"_blank\">sursei citate<\/a>.<\/p>\n<p>\u0218eful NATO se referea la frustrarea Kievului cu privire la tergiversarea de c\u0103tre Germania a furniz\u0103rii de rachete de croazier\u0103 Taurus cu raz\u0103 lung\u0103 de ac\u021biune.<\/p>\n<p>Rutte a declarat c\u0103, spre deosebire de Scholz, el este \u00een favoarea furniz\u0103rii c\u0103tre Ucraina a rachetelor de croazier\u0103 Taurus \u0219i nu ar impune restric\u021bii privind utilizarea acestora. \u201e\u00cen general, \u0219tim c\u0103 astfel de capacit\u0103\u021bi sunt foarte importante pentru Ucraina\u201d, a spus el, ad\u0103ug\u00e2nd c\u0103 nu depinde de el s\u0103 decid\u0103 ce anume ar trebui s\u0103 furnizeze alia\u021bii.<\/p>\n<p>Zelenski l-a criticat public pe Scholz \u00een noiembrie pentru c\u0103 a avut o convorbire telefonic\u0103 cu pre\u0219edintele rus Vladimir Putin. Convorbirea a deschis o \u201ecutie a Pandorei\u201d \u0219i a subminat eforturile de izolare a Moscovei, a declarat Zelenski.<\/p>","protected":false},"excerpt":{"rendered":"<p>\u201eI-am spus de multe ori lui Zelenski c\u0103 ar trebui s\u0103 \u00eenceteze s\u0103 \u00eel mai&hellip;<\/p>\n","protected":false},"author":0,"featured_media":18627,"comment_status":"open","ping_status":"open","sticky":false,"template":"","format":"standard","meta":{"footnotes":""},"categories":[2],"tags":[],"class_list":["post-18630","post","type-post","status-publish","format-standard","has-post-thumbnail","hentry","category-actual"],"_links":{"self":[{"href":"https:\/\/247stiri.ro\/index.php\/wp-json\/wp\/v2\/posts\/18630","targetHints":{"allow":["GET"]}}],"collection":[{"href":"https:\/\/247stiri.ro\/index.php\/wp-json\/wp\/v2\/posts"}],"about":[{"href":"https:\/\/247stiri.ro\/index.php\/wp-json\/wp\/v2\/types\/post"}],"replies":[{"embeddable":true,"href":"https:\/\/247stiri.ro\/index.php\/wp-json\/wp\/v2\/comments?post=18630"}],"version-history":[{"count":0,"href":"https:\/\/247stiri.ro\/index.php\/wp-json\/wp\/v2\/posts\/18630\/revisions"}],"wp:featuredmedia":[{"embeddable":true,"href":"https:\/\/247stiri.ro\/index.php\/wp-json\/wp\/v2\/media\/18627"}],"wp:attachment":[{"href":"https:\/\/247stiri.ro\/index.php\/wp-json\/wp\/v2\/media?parent=18630"}],"wp:term":[{"taxonomy":"category","embeddable":true,"href":"https:\/\/247stiri.ro\/index.php\/wp-json\/wp\/v2\/categories?post=18630"},{"taxonomy":"post_tag","embeddable":true,"href":"https:\/\/247stiri.ro\/index.php\/wp-json\/wp\/v2\/tags?post=18630"}],"curies":[{"name":"wp","href":"https:\/\/api.w.org\/{rel}","templated":true}]}}