{"id":18645,"date":"2024-12-23T12:44:48","date_gmt":"2024-12-23T12:44:48","guid":{"rendered":"https:\/\/247stiri.ro\/index.php\/2024\/12\/23\/barbat-de-32-de-ani-salvat-in-ultimul-moment-de-la-sinucidere-politistii-au-spart-usa-pentru-a-l-opri\/"},"modified":"2024-12-23T12:44:48","modified_gmt":"2024-12-23T12:44:48","slug":"barbat-de-32-de-ani-salvat-in-ultimul-moment-de-la-sinucidere-politistii-au-spart-usa-pentru-a-l-opri","status":"publish","type":"post","link":"https:\/\/247stiri.ro\/index.php\/2024\/12\/23\/barbat-de-32-de-ani-salvat-in-ultimul-moment-de-la-sinucidere-politistii-au-spart-usa-pentru-a-l-opri\/","title":{"rendered":"B\u0103rbat de 32 de ani, salvat \u00een ultimul moment de la SINUCIDERE! Poli\u021bi\u0219tii au spart u\u0219a pentru a-l opri"},"content":{"rendered":"<p>Poli\u0163i\u015ftii din Vl\u0103sine\u015fti au fost sesiza\u0163i, prin apel la 112, de c\u0103tre un b\u0103rbat de 32 de ani, din Ungheni, c\u0103 inten\u0163ioneaz\u0103 s\u0103 \u00ee\u015fi ia via\u0163a.\u00a0<\/p>\n<p>\u00a0\u201dPoli\u0163i\u015ftii s-au deplasat la locuin\u0163a apelantului, unde au identificat-o pe mama sa, t\u00e2n\u0103rul afl\u00e2ndu-se \u00eentr-o camer\u0103 ce era asigurat\u0103 pe interior. Acesta a refuzat accesul \u00een camera a for\u0163elor de ordine. Poli\u0163i\u015ftii au \u00eencercat s\u0103 discute cu t\u00e2n\u0103rul, \u00eens\u0103 acesta era \u00eentr-o stare de agita\u0163ie, iar la un moment dat, din cauz\u0103 c\u0103 s-au auzit zgomote din camera \u00een care se afla, au for\u0163at u\u015fa de acces \u015fi l-au g\u0103sit \u00een timp ce \u00eencerca s\u0103-\u015fi ia via\u0163a. For\u0163ele de ordine l-au eliberat din \u015ftreangul pe care \u015fi-l improvizase \u015fi i-au acordat primul ajutor, p\u00e2n\u0103 la sosirea echipajului medical\u201d, au anun\u0163at reprezentan\u021bii \u00a0Inspectoratului de Poli\u0163ie Jude\u0163ean (IPJ) Boto\u015fani.\u00a0Ei au precizat c\u0103 b\u0103rbatul se afl\u0103 \u00een afara oric\u0103rui pericol \u015fi prime\u015fte ajutor de specialitate.<\/p>","protected":false},"excerpt":{"rendered":"<p>Poli\u0163i\u015ftii din Vl\u0103sine\u015fti au fost sesiza\u0163i, prin apel la 112, de c\u0103tre un b\u0103rbat de&hellip;<\/p>\n","protected":false},"author":0,"featured_media":18646,"comment_status":"open","ping_status":"open","sticky":false,"template":"","format":"standard","meta":{"footnotes":""},"categories":[2],"tags":[],"class_list":["post-18645","post","type-post","status-publish","format-standard","has-post-thumbnail","hentry","category-actual"],"_links":{"self":[{"href":"https:\/\/247stiri.ro\/index.php\/wp-json\/wp\/v2\/posts\/18645","targetHints":{"allow":["GET"]}}],"collection":[{"href":"https:\/\/247stiri.ro\/index.php\/wp-json\/wp\/v2\/posts"}],"about":[{"href":"https:\/\/247stiri.ro\/index.php\/wp-json\/wp\/v2\/types\/post"}],"replies":[{"embeddable":true,"href":"https:\/\/247stiri.ro\/index.php\/wp-json\/wp\/v2\/comments?post=18645"}],"version-history":[{"count":0,"href":"https:\/\/247stiri.ro\/index.php\/wp-json\/wp\/v2\/posts\/18645\/revisions"}],"wp:featuredmedia":[{"embeddable":true,"href":"https:\/\/247stiri.ro\/index.php\/wp-json\/wp\/v2\/media\/18646"}],"wp:attachment":[{"href":"https:\/\/247stiri.ro\/index.php\/wp-json\/wp\/v2\/media?parent=18645"}],"wp:term":[{"taxonomy":"category","embeddable":true,"href":"https:\/\/247stiri.ro\/index.php\/wp-json\/wp\/v2\/categories?post=18645"},{"taxonomy":"post_tag","embeddable":true,"href":"https:\/\/247stiri.ro\/index.php\/wp-json\/wp\/v2\/tags?post=18645"}],"curies":[{"name":"wp","href":"https:\/\/api.w.org\/{rel}","templated":true}]}}