{"id":18649,"date":"2024-12-23T13:44:47","date_gmt":"2024-12-23T13:44:47","guid":{"rendered":"https:\/\/247stiri.ro\/index.php\/2024\/12\/23\/un-cunoscut-preot-trage-un-semnal-de-alarma-va-implor-nu-mancati-asa-ceva-in-ajunul-craciunului-este-un-mare-pacat\/"},"modified":"2024-12-23T13:44:47","modified_gmt":"2024-12-23T13:44:47","slug":"un-cunoscut-preot-trage-un-semnal-de-alarma-va-implor-nu-mancati-asa-ceva-in-ajunul-craciunului-este-un-mare-pacat","status":"publish","type":"post","link":"https:\/\/247stiri.ro\/index.php\/2024\/12\/23\/un-cunoscut-preot-trage-un-semnal-de-alarma-va-implor-nu-mancati-asa-ceva-in-ajunul-craciunului-este-un-mare-pacat\/","title":{"rendered":"Un cunoscut preot trage un semnal de alarm\u0103: \u201eV\u0103 implor, nu m\u00e2nca\u021bi a\u0219a ceva \u00een Ajunul Cr\u0103ciunului, este un mare p\u0103cat\u201d"},"content":{"rendered":"<p>\u201eDragii mei, v\u0103 implor, nu m\u00e2nca\u021bi de dulce \u00een Ajunul Cr\u0103ciunului, este un mare p\u0103cat aceast\u0103 tradi\u021bie gre\u0219it\u0103. Pomana porcului nu se face \u00een Ajunul Cr\u0103ciunului. Bucuria na\u0219terii Domnului nostru Iisus Hristos \u00eenseamn\u0103 s\u0103 postim. \u00censeamn\u0103 s\u0103 zdrobim pu\u021bin trupul \u0103sta, s\u0103 ne chinuim prin postire \u0219i ajunare\u201d, a transmis preotul \u00eentr-o postare pe Facebook.<\/p>\n<p>Pentru cei care nu au reu\u0219it s\u0103 respecte postul p\u00e2n\u0103 \u00een aceast\u0103 perioad\u0103, p\u0103rintele ofer\u0103 o solu\u021bie de recuperare spiritual\u0103.<\/p>\n<p>\u201eAjunul Cr\u0103ciunului \u00eenseamn\u0103 s\u0103 te preg\u0103te\u0219ti suflete\u0219te pentru marea s\u0103rb\u0103toare a Cr\u0103ciunului. Cre\u0219tinilor dragi, v\u0103 implor, ruga\u021bi-v\u0103 mai mult, tr\u0103i\u021bi \u00een pace \u00een familiile voastre. Nu m\u00e2nca\u021bi nimic p\u00e2n\u0103 la apusul soarelui, iar apoi pute\u021bi s\u0103 m\u00e2nca\u021bi de post. M\u00e2nca\u021bi uscat, m\u00e2nca\u021bi cartof copt, ceva pu\u021bin. A\u0219a \u0219i mai auster, pentru a fi un contrast cu ceea ce ve\u021bi m\u00e2nca de Cr\u0103ciun\u201d,\u00a0a \u00eendemnat p\u0103rintele Ioana.<\/p>\n\n<p>Pe l\u00e2ng\u0103 postul alimentar, p\u0103rintele subliniaz\u0103 importan\u021ba preg\u0103tirii suflete\u0219ti pentru marea s\u0103rb\u0103toare.\u00a0<\/p>","protected":false},"excerpt":{"rendered":"<p>\u201eDragii mei, v\u0103 implor, nu m\u00e2nca\u021bi de dulce \u00een Ajunul Cr\u0103ciunului, este un mare p\u0103cat&hellip;<\/p>\n","protected":false},"author":0,"featured_media":18650,"comment_status":"open","ping_status":"open","sticky":false,"template":"","format":"standard","meta":{"footnotes":""},"categories":[8],"tags":[],"class_list":["post-18649","post","type-post","status-publish","format-standard","has-post-thumbnail","hentry","category-lifestyle"],"_links":{"self":[{"href":"https:\/\/247stiri.ro\/index.php\/wp-json\/wp\/v2\/posts\/18649","targetHints":{"allow":["GET"]}}],"collection":[{"href":"https:\/\/247stiri.ro\/index.php\/wp-json\/wp\/v2\/posts"}],"about":[{"href":"https:\/\/247stiri.ro\/index.php\/wp-json\/wp\/v2\/types\/post"}],"replies":[{"embeddable":true,"href":"https:\/\/247stiri.ro\/index.php\/wp-json\/wp\/v2\/comments?post=18649"}],"version-history":[{"count":0,"href":"https:\/\/247stiri.ro\/index.php\/wp-json\/wp\/v2\/posts\/18649\/revisions"}],"wp:featuredmedia":[{"embeddable":true,"href":"https:\/\/247stiri.ro\/index.php\/wp-json\/wp\/v2\/media\/18650"}],"wp:attachment":[{"href":"https:\/\/247stiri.ro\/index.php\/wp-json\/wp\/v2\/media?parent=18649"}],"wp:term":[{"taxonomy":"category","embeddable":true,"href":"https:\/\/247stiri.ro\/index.php\/wp-json\/wp\/v2\/categories?post=18649"},{"taxonomy":"post_tag","embeddable":true,"href":"https:\/\/247stiri.ro\/index.php\/wp-json\/wp\/v2\/tags?post=18649"}],"curies":[{"name":"wp","href":"https:\/\/api.w.org\/{rel}","templated":true}]}}