{"id":18655,"date":"2024-12-23T13:44:48","date_gmt":"2024-12-23T13:44:48","guid":{"rendered":"https:\/\/247stiri.ro\/index.php\/2024\/12\/23\/de-ce-a-acceptat-crin-antonescu-sa-candideze-la-prezidentiale-din-partea-psd-pnl-udmr\/"},"modified":"2024-12-23T13:44:48","modified_gmt":"2024-12-23T13:44:48","slug":"de-ce-a-acceptat-crin-antonescu-sa-candideze-la-prezidentiale-din-partea-psd-pnl-udmr","status":"publish","type":"post","link":"https:\/\/247stiri.ro\/index.php\/2024\/12\/23\/de-ce-a-acceptat-crin-antonescu-sa-candideze-la-prezidentiale-din-partea-psd-pnl-udmr\/","title":{"rendered":"De ce a acceptat Crin Antonescu s\u0103 candideze la preziden\u021biale din partea PSD-PNL-UDMR"},"content":{"rendered":"<p>\u201eEu nu pot s\u0103 v\u0103 ajut foarte mult s\u0103 v\u0103 ajut de ce \u0219i cum s-a ajuns (s\u0103 fiu eu propus candidat unic, n.red.), eu pot s\u0103 v\u0103 spun doar c\u0103 dup\u0103 ni\u0219te contacte, nici nu pot s\u0103 le spun discu\u021bii, neoficiale, cu lideri ai coali\u021biei, ieri diminea\u021b\u0103 am avut o \u00eent\u00e2lnire la Guvern cu pre\u0219edin\u021bii celor 3 partide \u0219i cu liderul grupului minorit\u0103\u021bilor altele dec\u00e2t cea maghiar\u0103, care au exprimat convingerea c\u0103 sunt o solu\u021bie pe care ar dori s\u0103 o sus\u021bin\u0103 la preziden\u021biale.\u00a0<\/p>\n<p>Eu nu mi-am dorit aceast\u0103 candidatur\u0103, nu am solicitat aceast\u0103 candidatur\u0103, nu am f\u0103cut vreun demers \u00een acest sens. Cred \u0219i eu c\u0103 este o situa\u021bie politic\u0103 foarte complicata, \u00een fa\u021ba acestei propuneri nu m-am dat la o parte \u0219i am acceptat-o\u201d, a declarat, luni, Crin Antonescu.<\/p>","protected":false},"excerpt":{"rendered":"<p>\u201eEu nu pot s\u0103 v\u0103 ajut foarte mult s\u0103 v\u0103 ajut de ce \u0219i cum&hellip;<\/p>\n","protected":false},"author":0,"featured_media":18656,"comment_status":"open","ping_status":"open","sticky":false,"template":"","format":"standard","meta":{"footnotes":""},"categories":[3],"tags":[],"class_list":["post-18655","post","type-post","status-publish","format-standard","has-post-thumbnail","hentry","category-politica"],"_links":{"self":[{"href":"https:\/\/247stiri.ro\/index.php\/wp-json\/wp\/v2\/posts\/18655","targetHints":{"allow":["GET"]}}],"collection":[{"href":"https:\/\/247stiri.ro\/index.php\/wp-json\/wp\/v2\/posts"}],"about":[{"href":"https:\/\/247stiri.ro\/index.php\/wp-json\/wp\/v2\/types\/post"}],"replies":[{"embeddable":true,"href":"https:\/\/247stiri.ro\/index.php\/wp-json\/wp\/v2\/comments?post=18655"}],"version-history":[{"count":0,"href":"https:\/\/247stiri.ro\/index.php\/wp-json\/wp\/v2\/posts\/18655\/revisions"}],"wp:featuredmedia":[{"embeddable":true,"href":"https:\/\/247stiri.ro\/index.php\/wp-json\/wp\/v2\/media\/18656"}],"wp:attachment":[{"href":"https:\/\/247stiri.ro\/index.php\/wp-json\/wp\/v2\/media?parent=18655"}],"wp:term":[{"taxonomy":"category","embeddable":true,"href":"https:\/\/247stiri.ro\/index.php\/wp-json\/wp\/v2\/categories?post=18655"},{"taxonomy":"post_tag","embeddable":true,"href":"https:\/\/247stiri.ro\/index.php\/wp-json\/wp\/v2\/tags?post=18655"}],"curies":[{"name":"wp","href":"https:\/\/api.w.org\/{rel}","templated":true}]}}