{"id":18659,"date":"2024-12-23T13:44:49","date_gmt":"2024-12-23T13:44:49","guid":{"rendered":"https:\/\/247stiri.ro\/index.php\/2024\/12\/23\/cristian-parvulescu-arunca-bomba-de-ce-crede-ca-nicusor-dan-nu-va-mai-candida-la-presedintie\/"},"modified":"2024-12-23T13:44:49","modified_gmt":"2024-12-23T13:44:49","slug":"cristian-parvulescu-arunca-bomba-de-ce-crede-ca-nicusor-dan-nu-va-mai-candida-la-presedintie","status":"publish","type":"post","link":"https:\/\/247stiri.ro\/index.php\/2024\/12\/23\/cristian-parvulescu-arunca-bomba-de-ce-crede-ca-nicusor-dan-nu-va-mai-candida-la-presedintie\/","title":{"rendered":"Cristian P\u00e2rvulescu arunc\u0103 bomba. De ce crede c\u0103 Nicu\u0219or Dan nu va mai candida la pre\u0219edin\u021bie?"},"content":{"rendered":"<p>\u201eAnun\u0163area unui acord pentru sus\u0163inerea unui candidat unic la Pre\u015fedin\u0163ie \u015fi decizia privind noul Guvern sunt \u00eempreun\u0103 \u015fi \u00een felul acesta exist\u0103 o garan\u0163ie c\u0103 va fi un guvern care va dura mai mult. Nu \u015ftiu exact c\u00e2t de mult, dar poate dura p\u00e2n\u0103 \u00een 2028, p\u00e2n\u0103 la viitoarele alegeri. Va depinde \u00een foarte mare m\u0103sur\u0103 de alte lucruri, dar da, poate dura. Asta este ceea ce p\u00e2n\u0103 la urm\u0103 conteaz\u0103. \u015ei \u0103sta este motivul pentru care au mers \u00eempreun\u0103. PSD a vrut s\u0103 aib\u0103 garan\u0163ii\u201d, a declarat Cristian P\u00eervulescu pentru News.ro.<\/p>\n<p><a href=\"https:\/\/www.realitatea.net\/stiri\/actual\/nicusor-dan-anunta-daca-va-candida-sau-nu-la-alegerile-prezidentiale-conferinta-de-presa-la-ora-1800_67603264b590e36400565d82\" target=\"_blank\">Nicu\u0219or Dan A FACUT ANUN\u021aUL: Inten\u021bionez s\u0103 candidez ca INDEPENDENT la pre\u0219edin\u021bie. Sunt deschis la discu\u021bii cu partidele pro-europene &#8211; VIDEO<\/a><\/p>\n<p>Analistul politic spune c\u0103 pentru Marcel Ciolacu era important s\u0103 ocupe o asemenea pozi\u0163ie pentru c\u0103 ea \u201e\u00eei permite s\u0103 ob\u0163in\u0103 \u015fi un sprijin larg din partea PSD. \u201ePentru c\u0103 este o pozi\u0163ie din care, m\u0103 rog, influen\u0163a partidului r\u0103m\u00e2ne \u00een continuare important\u0103, chiar dac\u0103 el nu a devenit pre\u015fedinte. Deci, sunt o mul\u0163ime de avantaje care pot exista din punctul \u0103sta de vedere\u201d, a explicat P\u00eervulescu.<\/p>\n<p>Ce spune despre Nicu\u015for Dan<\/p>\n<p>\u00cen leg\u0103tur\u0103 cu sus\u0163inerea la Pre\u015fedin\u0163ie, de c\u0103tre coali\u0163ie, a lui Crin Antonescu, analistul politic crede c\u0103, \u00een aceste condi\u0163ii, independentul Nicu\u015for Dan nu va mai candida.\u201eEl \u015fi-a anun\u0163at inten\u0163ia de a candida pentru o coali\u0163ie. \u00cen cazul \u00een care acea coali\u0163ie nu cuprinde \u015fi PNL, \u015fansele sale de a intra \u00een turul al doilea sunt mici. Deci nu cred c\u0103 va merge mai departe. Este foarte posibil s\u0103 nu mai candideze, pentru c\u0103 el a spus de la \u00eenceput, din momentul \u00een care \u015fi-a anun\u0163at inten\u0163ia, c\u0103 va candida pentru o coali\u0163ie\u201d, a spus Cristian P\u00eervulescu.\u00cen opinia acestuia, important este c\u0103 USR nu va mai avea \u201edeloc\u201d acelea\u015fi rezultate ca data trecut\u0103.<\/p>\n<p>Candidatul posibil al extremei drepte<\/p>\n<p>Analistul politic a spus, \u00een ceea ce prive\u015fte extrema dreapt\u0103, c\u0103 reprezentan\u0163ii acesteia vor c\u0103uta un candidat cu un profil apropiat de cel al lui C\u0103lin Georgescu.\u201eDac\u0103 nu vor g\u0103si \u015fi dac\u0103 nu vor mai fi liberali care s\u0103 fac\u0103 campanie pe TikTok pentru Georgescu, pentru a-l combate pe Simion, pentru c\u0103 asta s-a \u00eent\u00e2mplat \u00een prima parte a campaniei, aceea de pe TikTok, atunci cel care va candida din partea extremist\u0103 va fi George Simion. Nu v\u0103d pe nimeni altcineva, el a declarat ieri c\u0103 dac\u0103 nu va fi Georgescu, atunci ar putea fi el, dar numai din partea AUR, nu din partea altora\u201d, a explicat P\u00eervulescu.<\/p>","protected":false},"excerpt":{"rendered":"<p>\u201eAnun\u0163area unui acord pentru sus\u0163inerea unui candidat unic la Pre\u015fedin\u0163ie \u015fi decizia privind noul Guvern&hellip;<\/p>\n","protected":false},"author":0,"featured_media":18654,"comment_status":"open","ping_status":"open","sticky":false,"template":"","format":"standard","meta":{"footnotes":""},"categories":[2],"tags":[],"class_list":["post-18659","post","type-post","status-publish","format-standard","has-post-thumbnail","hentry","category-actual"],"_links":{"self":[{"href":"https:\/\/247stiri.ro\/index.php\/wp-json\/wp\/v2\/posts\/18659","targetHints":{"allow":["GET"]}}],"collection":[{"href":"https:\/\/247stiri.ro\/index.php\/wp-json\/wp\/v2\/posts"}],"about":[{"href":"https:\/\/247stiri.ro\/index.php\/wp-json\/wp\/v2\/types\/post"}],"replies":[{"embeddable":true,"href":"https:\/\/247stiri.ro\/index.php\/wp-json\/wp\/v2\/comments?post=18659"}],"version-history":[{"count":0,"href":"https:\/\/247stiri.ro\/index.php\/wp-json\/wp\/v2\/posts\/18659\/revisions"}],"wp:featuredmedia":[{"embeddable":true,"href":"https:\/\/247stiri.ro\/index.php\/wp-json\/wp\/v2\/media\/18654"}],"wp:attachment":[{"href":"https:\/\/247stiri.ro\/index.php\/wp-json\/wp\/v2\/media?parent=18659"}],"wp:term":[{"taxonomy":"category","embeddable":true,"href":"https:\/\/247stiri.ro\/index.php\/wp-json\/wp\/v2\/categories?post=18659"},{"taxonomy":"post_tag","embeddable":true,"href":"https:\/\/247stiri.ro\/index.php\/wp-json\/wp\/v2\/tags?post=18659"}],"curies":[{"name":"wp","href":"https:\/\/api.w.org\/{rel}","templated":true}]}}