{"id":18681,"date":"2024-12-23T14:44:51","date_gmt":"2024-12-23T14:44:51","guid":{"rendered":"https:\/\/247stiri.ro\/index.php\/2024\/12\/23\/ministrul-propus-la-dezvoltare-promite-o-lege-a-capitalei-cat-mai-repede-posibil\/"},"modified":"2024-12-23T14:44:51","modified_gmt":"2024-12-23T14:44:51","slug":"ministrul-propus-la-dezvoltare-promite-o-lege-a-capitalei-cat-mai-repede-posibil","status":"publish","type":"post","link":"https:\/\/247stiri.ro\/index.php\/2024\/12\/23\/ministrul-propus-la-dezvoltare-promite-o-lege-a-capitalei-cat-mai-repede-posibil\/","title":{"rendered":"Ministrul propus la Dezvoltare promite o lege a Capitalei \u201ec\u00e2t mai repede posibil\u201d"},"content":{"rendered":"<p>\u201eBucure\u015ftiul este una dintre capitalele din Uniunea European\u0103 care n-are o lege propriu-zis\u0103. Fi\u0163i sigur, \u015fi textul constitu\u0163ional nu ne ajut\u0103 foarte mult legat de Bucure\u015fti, astfel \u00eenc\u00e2t acest Guvern, \u00ee\u015fi asum\u0103 ca \u00een acest mandat, c\u00e2t mai rapid posibil, s\u0103 aib\u0103 o Lege a Capitalei, care va trebui trecut\u0103 \u015fi \u00een Parlament.<\/p>\n<p>Marile capitale din Uniunea European\u0103 au o asemenea lege, \u00een care se stabilesc toate aceste raporturi \u015fi rela\u0163ii \u00eentre Prim\u0103ria General\u0103 \u015fi prim\u0103ria de sector, at\u00e2t din punct de vedere financiar, c\u00e2t \u015fi din punct de vedere al documenta\u0163iilor de urbanism&#8221;, a declarat Cseke Attila la Parlament, la finalul audierilor din Comisiile reunite de administra\u0163ie.<\/p>\n<p>\u00cen ce prive\u015fte documenta\u0163ia de urbanism, el a amintit c\u0103 \u00een 2021 \u015fi 2022 a avut mai multe dezbateri cu primarul general \u015fi cu primarii de sectoare, cu arhitectul-\u015fef al Capitalei, cu arhitec\u0163ii-\u015fefi de la sectoarele Bucure\u015ftiului, astfel \u00eenc\u00e2t s\u0103 promov\u0103m \u00een Codul urbanismului o solu\u0163ie agreat\u0103 de toat\u0103 lumea.<\/p>\n<p>&#8222;Ast\u0103zi, \u00een Parlament, avem o solu\u0163ie agreat\u0103 atunci, \u00een 2022, de toat\u0103 lumea. Trebuie s\u0103 vedem c\u00e2nd relu\u0103m acest Cod al urbanismului. \u00cen februarie vrem s\u0103-l aprob\u0103m. (&#8230;) \u00cen 2022 am avut o solu\u0163ie agreat\u0103 de toat\u0103 lumea&#8221;, a ad\u0103ugat Cseke Attila.<\/p>\n<p>Pe de alt\u0103 parte, el a precizat c\u0103 autorit\u0103\u0163ile locale \u015fi comunit\u0103\u0163ile locale reprezint\u0103 motorul dezvolt\u0103rii acestei \u0163\u0103ri at\u00e2t la absorb\u0163ia pe fonduri europene, c\u00e2t \u015fi la absorb\u0163ia pe fonduri na\u0163ionale.<\/p>\n<p>&#8222;Nu trebuie s\u0103 \u00eei privim ca fiind numai consumatori de bani. Aduc o dezvoltare. \u00cen al doilea r\u00e2nd, este un serviciu public. Administra\u0163ia public\u0103 nu este o chestiune de profit. Nu vorbim de un agent economic care are 100 lei intrare \u015fi trebuie s\u0103 ias\u0103 cu 101 lei s\u0103 aib\u0103 profit.<\/p>\n<p>Administra\u0163ia public\u0103 local\u0103 \u015fi cea central\u0103 trebuie s\u0103 produc\u0103 calitate \u00een serviciul public pentru cet\u0103\u0163ean. \u015ei aici avem foarte mult de lucru. \u00centr-adev\u0103r, aici avem foarte multe lucruri, at\u00e2t la administra\u0163ia public\u0103 central\u0103, c\u00e2t \u015fi la administra\u0163ia administra\u0163ia local\u0103.<\/p>\n<p>Sunt &#8211; \u015fi a\u0163i v\u0103zut \u00een programul de guvernare &#8211; m\u0103suri de comas\u0103ri de institu\u0163ii publice de la nivel central p\u00e2n\u0103 la nivelul deconcentratelor, pe care le vom face, pentru c\u0103 sunt ast\u0103zi ministere care au patru-cinci deconcentrate \u00een fiecare jude\u0163 \u015fi evident c\u0103 se poate folosi banul public mult mai eficient.<\/p>\n<p>De asemenea, trebuie eficientizat\u0103 administra\u0163ia public\u0103 &#8211; \u015fi central\u0103, \u015fi local\u0103. Salarizarea, din punctul nostru de vedere, trebuie s\u0103 mearg\u0103 spre criterii de performan\u0163\u0103. Performan\u0163a trebuie s\u0103 primeze, pentru c\u0103 nu to\u0163i produc la fel \u00een administra\u0163ia public\u0103 central\u0103 \u015fi local\u0103&#8221;, a explicat el.<\/p>\n<p>\u00centrebat dac\u0103 ar fi mai eficiente jude\u0163ele sau regiunile, Cseke Attila a r\u0103spuns: &#8222;Noi putem s\u0103 punem tot felul de variante. Ideea este c\u0103 ast\u0103zi Constitu\u0163ia nu ne permite s\u0103 facem regiuni. Deci, trebuie s\u0103 mergem cu aceste jude\u0163e pe care le avem. \u00cen momentul \u00een care se modific\u0103 Constitu\u0163ia, sigur putem s\u0103 discut\u0103m de o regionalizare&#8221;.<\/p>","protected":false},"excerpt":{"rendered":"<p>\u201eBucure\u015ftiul este una dintre capitalele din Uniunea European\u0103 care n-are o lege propriu-zis\u0103. Fi\u0163i sigur,&hellip;<\/p>\n","protected":false},"author":0,"featured_media":18670,"comment_status":"open","ping_status":"open","sticky":false,"template":"","format":"standard","meta":{"footnotes":""},"categories":[2],"tags":[],"class_list":["post-18681","post","type-post","status-publish","format-standard","has-post-thumbnail","hentry","category-actual"],"_links":{"self":[{"href":"https:\/\/247stiri.ro\/index.php\/wp-json\/wp\/v2\/posts\/18681","targetHints":{"allow":["GET"]}}],"collection":[{"href":"https:\/\/247stiri.ro\/index.php\/wp-json\/wp\/v2\/posts"}],"about":[{"href":"https:\/\/247stiri.ro\/index.php\/wp-json\/wp\/v2\/types\/post"}],"replies":[{"embeddable":true,"href":"https:\/\/247stiri.ro\/index.php\/wp-json\/wp\/v2\/comments?post=18681"}],"version-history":[{"count":0,"href":"https:\/\/247stiri.ro\/index.php\/wp-json\/wp\/v2\/posts\/18681\/revisions"}],"wp:featuredmedia":[{"embeddable":true,"href":"https:\/\/247stiri.ro\/index.php\/wp-json\/wp\/v2\/media\/18670"}],"wp:attachment":[{"href":"https:\/\/247stiri.ro\/index.php\/wp-json\/wp\/v2\/media?parent=18681"}],"wp:term":[{"taxonomy":"category","embeddable":true,"href":"https:\/\/247stiri.ro\/index.php\/wp-json\/wp\/v2\/categories?post=18681"},{"taxonomy":"post_tag","embeddable":true,"href":"https:\/\/247stiri.ro\/index.php\/wp-json\/wp\/v2\/tags?post=18681"}],"curies":[{"name":"wp","href":"https:\/\/api.w.org\/{rel}","templated":true}]}}