{"id":18687,"date":"2024-12-23T14:44:51","date_gmt":"2024-12-23T14:44:51","guid":{"rendered":"https:\/\/247stiri.ro\/index.php\/2024\/12\/23\/ministrul-propus-la-justitie-aparator-de-proxeneti-si-ce-nu-au-dreptul-la-un-avocat\/"},"modified":"2024-12-23T14:44:51","modified_gmt":"2024-12-23T14:44:51","slug":"ministrul-propus-la-justitie-aparator-de-proxeneti-si-ce-nu-au-dreptul-la-un-avocat","status":"publish","type":"post","link":"https:\/\/247stiri.ro\/index.php\/2024\/12\/23\/ministrul-propus-la-justitie-aparator-de-proxeneti-si-ce-nu-au-dreptul-la-un-avocat\/","title":{"rendered":"Ministrul propus la Justi\u021bie, ap\u0103r\u0103tor de proxene\u021bi: \u201e\u0218i ce, nu au dreptul la un avocat?\u201d"},"content":{"rendered":"<p>Ministrul propus la Justi\u0163ie din partea PSD,\u00a0Radu Marinescu, a declarat luni, dup\u0103 avizul pozitiv primit \u00een comisiile parlamentare, despre faptul c\u0103 a ap\u0103rat ca avocat o persoan\u0103 acuzat\u0103 de proxenetism, c\u0103 oricine are dreptul la ap\u0103rare \u015fi este exclus ca un avocat ajuns \u00eentr-o func\u0163ie de ministru s\u0103 favorizeze pe cineva.<\/p>\n<p>El a explicat c\u0103 este un profesionist al dreptului cu o carier\u0103 de 30 de ani ca avocat \u015fi a ap\u0103rat foarte multe persoane, multe cu notorietate public\u0103 \u0219i c\u0103 orice cet\u0103\u0163ean are dreptul s\u0103 fie ap\u0103rat de un avocat.<\/p>\n<p>\u201eMisiunea mea profesional\u0103 este s\u0103 ap\u0103r un cet\u0103\u0163ean, un justi\u0163iabil, care se afl\u0103 \u00een fa\u0163a justi\u0163iei. Dac\u0103 ne dorim o justi\u0163ie a normalit\u0103\u0163ii, justi\u0163ia nu va trebui s\u0103 constea \u00een etichete lipite pe frun\u0163ile unor oameni ci \u00een hot\u0103r\u00e2ri judec\u0103tore\u015fte de condamnare definitiv\u0103 a unor persoane, de abia \u00een acel moment acea persoan\u0103 put\u00e2nd fi numit\u0103 un infractor sau o persoan\u0103 condamnat\u0103\u201d, a explicat el.<\/p>\n<p>Despre persoana care era acuzat\u0103 de trafic de persoane \u015fi proxenetism, ministrul propus a r\u0103spuns: \u201d\u015ei nu are dreptul la un avocat? Este exclus ca un avocat ajuns \u00eentr-o func\u0163ie de ministru s\u0103 favorizeze \u015fi nici nu are instrumentele, s\u0103 favorizeze nicio persoan\u0103 \u015fi a\u015fa ceva trebuie categoric exclus\u201d.<\/p>\n<p>\u201dFaptul c\u0103 \u00een calitate de avocat am ap\u0103rat nu doar pe domnul ci foarte multe persoane, cu notorietate public\u0103, este o obliga\u0163ie profesional\u0103 pe care mi-o impune legea. Tr\u0103im \u00eentr-un stat de drept, fiecare persoan\u0103, c\u0103 este acuzat de crim\u0103, de loviri (..) fiecare dintre persoanele care sunt \u015fi prezumate ca nevinovate. Apropo de domnul respectiv, nu am cuno\u015ftin\u0163\u0103 s\u0103 existe o hot\u0103r\u00e2re de condamnare\u201d, a mai spus Radu Marinescu.<\/p>\n<p>\u00a0<\/p>","protected":false},"excerpt":{"rendered":"<p>Ministrul propus la Justi\u0163ie din partea PSD,\u00a0Radu Marinescu, a declarat luni, dup\u0103 avizul pozitiv primit&hellip;<\/p>\n","protected":false},"author":0,"featured_media":18674,"comment_status":"open","ping_status":"open","sticky":false,"template":"","format":"standard","meta":{"footnotes":""},"categories":[2],"tags":[],"class_list":["post-18687","post","type-post","status-publish","format-standard","has-post-thumbnail","hentry","category-actual"],"_links":{"self":[{"href":"https:\/\/247stiri.ro\/index.php\/wp-json\/wp\/v2\/posts\/18687","targetHints":{"allow":["GET"]}}],"collection":[{"href":"https:\/\/247stiri.ro\/index.php\/wp-json\/wp\/v2\/posts"}],"about":[{"href":"https:\/\/247stiri.ro\/index.php\/wp-json\/wp\/v2\/types\/post"}],"replies":[{"embeddable":true,"href":"https:\/\/247stiri.ro\/index.php\/wp-json\/wp\/v2\/comments?post=18687"}],"version-history":[{"count":0,"href":"https:\/\/247stiri.ro\/index.php\/wp-json\/wp\/v2\/posts\/18687\/revisions"}],"wp:featuredmedia":[{"embeddable":true,"href":"https:\/\/247stiri.ro\/index.php\/wp-json\/wp\/v2\/media\/18674"}],"wp:attachment":[{"href":"https:\/\/247stiri.ro\/index.php\/wp-json\/wp\/v2\/media?parent=18687"}],"wp:term":[{"taxonomy":"category","embeddable":true,"href":"https:\/\/247stiri.ro\/index.php\/wp-json\/wp\/v2\/categories?post=18687"},{"taxonomy":"post_tag","embeddable":true,"href":"https:\/\/247stiri.ro\/index.php\/wp-json\/wp\/v2\/tags?post=18687"}],"curies":[{"name":"wp","href":"https:\/\/api.w.org\/{rel}","templated":true}]}}