{"id":18707,"date":"2024-12-23T15:44:48","date_gmt":"2024-12-23T15:44:48","guid":{"rendered":"https:\/\/247stiri.ro\/index.php\/2024\/12\/23\/angel-tilvar-a-primit-aviz-favorabil-pentru-functia-de-ministrul-al-apararii\/"},"modified":"2024-12-23T15:44:48","modified_gmt":"2024-12-23T15:44:48","slug":"angel-tilvar-a-primit-aviz-favorabil-pentru-functia-de-ministrul-al-apararii","status":"publish","type":"post","link":"https:\/\/247stiri.ro\/index.php\/2024\/12\/23\/angel-tilvar-a-primit-aviz-favorabil-pentru-functia-de-ministrul-al-apararii\/","title":{"rendered":"Angel T\u00eelv\u0103r a primit aviz FAVORABIL pentru func\u021bia de ministrul al Ap\u0103r\u0103rii"},"content":{"rendered":"<p>T\u00eelv\u0103r a declarat c\u0103 de doi ani num\u0103rul de intr\u0103ri \u00een sistemul Ap\u0103r\u0103rii este mai mare dec\u00e2t cel al ie\u015firilor. De asemenea, a afirmat c\u0103 o parte a programelor de \u00eenzestrare a Armatei vor fi realizate cu implicarea industriei na\u0163ionale.&#8221;Avem motive s\u0103 credem c\u0103 \u00een viitor un num\u0103r tot mai mare de lucruri pe care le vom achizi\u0163iona pentru Ministerul Ap\u0103r\u0103rii Na\u0163ionale vor fi f\u0103cute inclusiv \u00een Rom\u00e2nia, pe l\u00e2ng\u0103 activit\u0103\u0163ile de mentenan\u0163\u0103 pe care le desf\u0103\u015fur\u0103m \u00een leg\u0103tur\u0103 cu anumite echipamente&#8221;, a spus Angel T\u00eelv\u0103r.Acesta a subliniat c\u0103 o prioritate este echiparea corespunz\u0103toare a militarilor rom\u00e2ni.Ministrul propus al Ap\u0103r\u0103rii, care a avut anterior acela\u015fi mandat, a spus c\u0103 execu\u0163ia bugetar\u0103 din 2024 va fi aproape de 100%.\u00a0<\/p>","protected":false},"excerpt":{"rendered":"<p>T\u00eelv\u0103r a declarat c\u0103 de doi ani num\u0103rul de intr\u0103ri \u00een sistemul Ap\u0103r\u0103rii este mai&hellip;<\/p>\n","protected":false},"author":0,"featured_media":18708,"comment_status":"open","ping_status":"open","sticky":false,"template":"","format":"standard","meta":{"footnotes":""},"categories":[3],"tags":[],"class_list":["post-18707","post","type-post","status-publish","format-standard","has-post-thumbnail","hentry","category-politica"],"_links":{"self":[{"href":"https:\/\/247stiri.ro\/index.php\/wp-json\/wp\/v2\/posts\/18707","targetHints":{"allow":["GET"]}}],"collection":[{"href":"https:\/\/247stiri.ro\/index.php\/wp-json\/wp\/v2\/posts"}],"about":[{"href":"https:\/\/247stiri.ro\/index.php\/wp-json\/wp\/v2\/types\/post"}],"replies":[{"embeddable":true,"href":"https:\/\/247stiri.ro\/index.php\/wp-json\/wp\/v2\/comments?post=18707"}],"version-history":[{"count":0,"href":"https:\/\/247stiri.ro\/index.php\/wp-json\/wp\/v2\/posts\/18707\/revisions"}],"wp:featuredmedia":[{"embeddable":true,"href":"https:\/\/247stiri.ro\/index.php\/wp-json\/wp\/v2\/media\/18708"}],"wp:attachment":[{"href":"https:\/\/247stiri.ro\/index.php\/wp-json\/wp\/v2\/media?parent=18707"}],"wp:term":[{"taxonomy":"category","embeddable":true,"href":"https:\/\/247stiri.ro\/index.php\/wp-json\/wp\/v2\/categories?post=18707"},{"taxonomy":"post_tag","embeddable":true,"href":"https:\/\/247stiri.ro\/index.php\/wp-json\/wp\/v2\/tags?post=18707"}],"curies":[{"name":"wp","href":"https:\/\/api.w.org\/{rel}","templated":true}]}}