{"id":18709,"date":"2024-12-23T15:44:48","date_gmt":"2024-12-23T15:44:48","guid":{"rendered":"https:\/\/247stiri.ro\/index.php\/2024\/12\/23\/audieri-ministri-catalin-predoiu-aviz-favorabil-pentru-functia-de-ministru-al-afacerilor-interne\/"},"modified":"2024-12-23T15:44:48","modified_gmt":"2024-12-23T15:44:48","slug":"audieri-ministri-catalin-predoiu-aviz-favorabil-pentru-functia-de-ministru-al-afacerilor-interne","status":"publish","type":"post","link":"https:\/\/247stiri.ro\/index.php\/2024\/12\/23\/audieri-ministri-catalin-predoiu-aviz-favorabil-pentru-functia-de-ministru-al-afacerilor-interne\/","title":{"rendered":"Audieri mini\u015ftri. C\u0103t\u0103lin Predoiu, aviz favorabil pentru func\u0163ia de ministru al Afacerilor Interne"},"content":{"rendered":"<p>Luni, C\u0103t\u0103lin Predoiu a primit aviz favorabil din partea comisiilor de specialitate ale Parlamentului pentru preluarea func\u021biei de ministru al Afacerilor Interne.<\/p>\n<p>De\u0219i avizul acordat de comisii este unul consultativ, acesta reprezint\u0103 un pas important \u00een procesul de validare a numirii \u00een fruntea ministerului.<\/p>\n<p>\u00cen cadrul audierilor, C\u0103t\u0103lin Predoiu a prezentat priorit\u0103\u021bile sale pentru mandat \u0219i a r\u0103spuns \u00eentreb\u0103rilor.<\/p>","protected":false},"excerpt":{"rendered":"<p>Luni, C\u0103t\u0103lin Predoiu a primit aviz favorabil din partea comisiilor de specialitate ale Parlamentului pentru&hellip;<\/p>\n","protected":false},"author":0,"featured_media":18710,"comment_status":"open","ping_status":"open","sticky":false,"template":"","format":"standard","meta":{"footnotes":""},"categories":[3],"tags":[],"class_list":["post-18709","post","type-post","status-publish","format-standard","has-post-thumbnail","hentry","category-politica"],"_links":{"self":[{"href":"https:\/\/247stiri.ro\/index.php\/wp-json\/wp\/v2\/posts\/18709","targetHints":{"allow":["GET"]}}],"collection":[{"href":"https:\/\/247stiri.ro\/index.php\/wp-json\/wp\/v2\/posts"}],"about":[{"href":"https:\/\/247stiri.ro\/index.php\/wp-json\/wp\/v2\/types\/post"}],"replies":[{"embeddable":true,"href":"https:\/\/247stiri.ro\/index.php\/wp-json\/wp\/v2\/comments?post=18709"}],"version-history":[{"count":0,"href":"https:\/\/247stiri.ro\/index.php\/wp-json\/wp\/v2\/posts\/18709\/revisions"}],"wp:featuredmedia":[{"embeddable":true,"href":"https:\/\/247stiri.ro\/index.php\/wp-json\/wp\/v2\/media\/18710"}],"wp:attachment":[{"href":"https:\/\/247stiri.ro\/index.php\/wp-json\/wp\/v2\/media?parent=18709"}],"wp:term":[{"taxonomy":"category","embeddable":true,"href":"https:\/\/247stiri.ro\/index.php\/wp-json\/wp\/v2\/categories?post=18709"},{"taxonomy":"post_tag","embeddable":true,"href":"https:\/\/247stiri.ro\/index.php\/wp-json\/wp\/v2\/tags?post=18709"}],"curies":[{"name":"wp","href":"https:\/\/api.w.org\/{rel}","templated":true}]}}