{"id":18712,"date":"2024-12-23T15:44:49","date_gmt":"2024-12-23T15:44:49","guid":{"rendered":"https:\/\/247stiri.ro\/index.php\/2024\/12\/23\/investirea-noului-guvern-marcel-ciolacu-nu-ne-asteapta-un-drum-usor-nu-vreau-sa-mint-pe-nimeni\/"},"modified":"2024-12-23T15:44:49","modified_gmt":"2024-12-23T15:44:49","slug":"investirea-noului-guvern-marcel-ciolacu-nu-ne-asteapta-un-drum-usor-nu-vreau-sa-mint-pe-nimeni","status":"publish","type":"post","link":"https:\/\/247stiri.ro\/index.php\/2024\/12\/23\/investirea-noului-guvern-marcel-ciolacu-nu-ne-asteapta-un-drum-usor-nu-vreau-sa-mint-pe-nimeni\/","title":{"rendered":"\u00cenvestirea noului Guvern. Marcel Ciolacu: \u201eNu ne a\u0219teapt\u0103 un drum u\u0219or! Nu vreau s\u0103 mint pe nimeni\u201d"},"content":{"rendered":"<p>\u201eVin ast\u0103zi \u00een fa\u021ba dumneavoastr\u0103 cu un program de guvernare pentru urm\u0103torii patru ani, un program care s\u0103 r\u0103spund\u0103 provoc\u0103rilor economice \u0219i sociale pe care le avem \u00een fa\u021b\u0103.<\/p>\n<p>Rom\u00e2nia are nevoie ast\u0103zi de un guvern deplin func\u021bional. Acesta este cel mai a\u0219teptat \u0219i puternic semnal pentru investitori, pentru partenerii externi \u0219i pentru economia rom\u00e2neasc\u0103. Sunt convins c\u0103 va exista un impact imediat la Bursa de Valori de la Bucure\u0219ti. Acolo sunt cele mai importante companii rom\u00e2ne\u0219ti \u0219i acolo sunt investite \u0219i multe zeci de miliarde din fondurile de pensii ale rom\u00e2nilor!<\/p>\n<p>Acesta este primul pas, s\u0103 d\u0103m un impuls pozitiv mediului de afaceri prin stabilitatea oferit\u0103 de guvern \u0219i de coali\u021bia parlamentar\u0103 care \u00eel sus\u021bine.<\/p>\n<p>Al doilea obiectiv major al acestui Cabinet este organizarea rapid\u0103 a alegerilor preziden\u021biale, \u00een siguran\u021b\u0103 deplin\u0103 \u0219i transparen\u021b\u0103 total\u0103. Rom\u00e2nii trebuie s\u0103-\u0219i aleag\u0103 pre\u0219edintele \u00eentr-un climat normal, nu \u00eentr-o realitate hibrid\u0103 construit\u0103 \u00een afara \u021b\u0103rii, de du\u0219mani ai Rom\u00e2niei.<\/p>\n<p>De aceea, al\u0103turi de colegii mei din Guvern, m\u0103 voi asigura c\u0103 alegerile preziden\u021biale vor fi echitabile pentru to\u021bi competitorii \u0219i c\u0103 voin\u021ba rom\u00e2nilor &#8211; \u0219i nu algoritmii re\u021belelor sociale &#8211; vor decide pre\u0219edintele Rom\u00e2niei!<\/p>\n<p>Doamnelor \u0219i domnilor, eu nu cred c\u0103 \u00een aceast\u0103 sal\u0103 exist\u0103 politicieni pro-europeni \u0219i politicieni anti-europeni. La 35 de ani de la Revolu\u021bia \u00een care rom\u00e2nii \u0219i-au dat via\u021ba pentru libertate \u0219i pentru democra\u021bie, mi-e greu s\u0103 cred c\u0103 cineva \u00ee\u0219i dore\u0219te s\u0103 ne \u00eentoarcem \u00een dictatur\u0103.<\/p>\n<p>\u00cen ace\u0219ti 35 de ani, Rom\u00e2nia s-a schimbat radical. La fel, \u0219i via\u021ba rom\u00e2nilor!<\/p>\n<p>Suntem membri NATO, UE \u0219i recent am aderat complet la spa\u021biul Schengen! Iar nimeni nu vrea s\u0103 piard\u0103 tot ce am dob\u00e2ndit p\u00e2n\u0103 acum!<\/p>\n<p>\u0218tiu sigur c\u0103 to\u021bi suntem reprezentan\u021bi ai rom\u00e2nilor, care ne-au legitimat prin votul lor s\u0103 lupt\u0103m pentru Rom\u00e2nia. Eu refuz s\u0103 cred c\u0103 milioanele de rom\u00e2ni din diaspora, care tr\u0103iesc de ani buni conecta\u021bi la civiliza\u021bia european\u0103, sunt anti-europeni! Este un non-sens!<\/p>\n<p>Doamnelor \u0219i domnilor, eu am \u00een\u021beles \u00eens\u0103 votul de protest al rom\u00e2nilor. Nu cred c\u0103 este un vot generat de s\u0103r\u0103cie, a\u0219a cum s-a spus. \u0218i am v\u0103zut reputa\u021bi anali\u0219ti care au pus degetul pe ran\u0103: Rom\u00e2nia nu mai este o \u021bar\u0103 s\u0103rac\u0103!<\/p>\n<p>Problema nu e una de INEGALITATE, ci de INECHITATE \u00eentr-o Rom\u00e2nie care s-a trezit \u00eentr-o nou\u0103 realitate economic\u0103 \u0219i social\u0103, cu o clas\u0103 de mijloc care cre\u0219te constant. \u0218i \u00eemi permit s\u0103 citez acum dintr-o asemenea analiz\u0103 care mi-a atras aten\u021bia pentru c\u0103 surprinde exact esen\u021ba problemei.<\/p>\n<p>\u201e\u00cen interiorul clasei economice de mijloc avem o categorie minoritar\u0103 (\u0219i din ce \u00een ce mai minoritar\u0103) cu putere economic\u0103 \u0219i cu prestigiu social, \u0219i o categorie majoritar\u0103 (\u0219i din ce \u00een ce mai majoritar\u0103) cu o putere economic\u0103 cel pu\u021bin similar\u0103, dar lipsit\u0103 complet de prestigiu social. Iar puterea economic\u0103 nu rabd\u0103 prea mult timp s\u0103 fie lipsit\u0103 de prestigiu social. C\u00e2nd e\u0219ti s\u0103rac, rabzi. N-ai \u00eencotro. Dar c\u00e2nd nu mai e\u0219ti s\u0103rac, nu mai rabzi. Inegalitatea poate fi suportat\u0103, dar inechitatea \u00eentre egali, nu!<\/p>\n<p>Iar concluzia este c\u0103, \u00een Rom\u00e2nia, prestigiul social \u2013 cu toate beneficiile care decurg din el \u2013 apar\u021bine exclusiv clasei educate\u201d.<\/p>\n<p>\u00a0<\/p>","protected":false},"excerpt":{"rendered":"<p>\u201eVin ast\u0103zi \u00een fa\u021ba dumneavoastr\u0103 cu un program de guvernare pentru urm\u0103torii patru ani, un&hellip;<\/p>\n","protected":false},"author":0,"featured_media":18698,"comment_status":"open","ping_status":"open","sticky":false,"template":"","format":"standard","meta":{"footnotes":""},"categories":[2],"tags":[],"class_list":["post-18712","post","type-post","status-publish","format-standard","has-post-thumbnail","hentry","category-actual"],"_links":{"self":[{"href":"https:\/\/247stiri.ro\/index.php\/wp-json\/wp\/v2\/posts\/18712","targetHints":{"allow":["GET"]}}],"collection":[{"href":"https:\/\/247stiri.ro\/index.php\/wp-json\/wp\/v2\/posts"}],"about":[{"href":"https:\/\/247stiri.ro\/index.php\/wp-json\/wp\/v2\/types\/post"}],"replies":[{"embeddable":true,"href":"https:\/\/247stiri.ro\/index.php\/wp-json\/wp\/v2\/comments?post=18712"}],"version-history":[{"count":0,"href":"https:\/\/247stiri.ro\/index.php\/wp-json\/wp\/v2\/posts\/18712\/revisions"}],"wp:featuredmedia":[{"embeddable":true,"href":"https:\/\/247stiri.ro\/index.php\/wp-json\/wp\/v2\/media\/18698"}],"wp:attachment":[{"href":"https:\/\/247stiri.ro\/index.php\/wp-json\/wp\/v2\/media?parent=18712"}],"wp:term":[{"taxonomy":"category","embeddable":true,"href":"https:\/\/247stiri.ro\/index.php\/wp-json\/wp\/v2\/categories?post=18712"},{"taxonomy":"post_tag","embeddable":true,"href":"https:\/\/247stiri.ro\/index.php\/wp-json\/wp\/v2\/tags?post=18712"}],"curies":[{"name":"wp","href":"https:\/\/api.w.org\/{rel}","templated":true}]}}