{"id":18722,"date":"2024-12-23T15:44:50","date_gmt":"2024-12-23T15:44:50","guid":{"rendered":"https:\/\/247stiri.ro\/index.php\/2024\/12\/23\/crin-antonescu-nu-l-a-speriat-pe-nicusor-dan-gradul-meu-de-notorietate-e-de-90\/"},"modified":"2024-12-23T15:44:50","modified_gmt":"2024-12-23T15:44:50","slug":"crin-antonescu-nu-l-a-speriat-pe-nicusor-dan-gradul-meu-de-notorietate-e-de-90","status":"publish","type":"post","link":"https:\/\/247stiri.ro\/index.php\/2024\/12\/23\/crin-antonescu-nu-l-a-speriat-pe-nicusor-dan-gradul-meu-de-notorietate-e-de-90\/","title":{"rendered":"Crin Antonescu nu l-a speriat pe Nicu\u0219or Dan: \u201eGradul meu de notorietate e de 90%\u201d"},"content":{"rendered":"<p>Primarul general al Capitalei,\u00a0Nicu\u0219or Dan, a spus, luni, c\u0103 nu renun\u021b\u0103 la candidatur\u0103 dup\u0103 anun\u021bul venit dintre partidele pro-europene, care au anun\u021bat c\u0103-l propun \u0219i sus\u021bin pe Crin Antonescu.<\/p>\n<p>Eu \u00eemi men\u021bin candidatura. E vorba de dou\u0103 lucruri, echilibru \u0219i reform\u0103.<\/p>\n<p>Exist\u0103 reformi\u0219ti \u00een cadrul celor trei partide, dar i unii care spun c\u0103 lucrurile merg \u0219i a\u0219a. Cei din urm\u0103 au fost cei care au mers cu ideea de Crin Antonescu.<\/p>\n<p>Mergem \u00een fa\u021ba rom\u00e2nilor s\u0103 le cerem votul. E de la sine \u00een\u021beles c\u0103 orientarea pro UE n-o s\u0103 fie \u00een discu\u021bie de niciunul dintre candida\u021bii din aceast\u0103 zon\u0103.<\/p>\n<p>Am mai fost \u00een situa\u021bia asta \u00een urma cu 9 luni, la alegerile locale. Nu cred c\u0103 noi trebuie s\u0103 facem calcule pe seama aleg\u0103torilor. Au timpul s\u0103 se informeze.\u00a0<\/p>\n<p>Trebuie s\u0103 l\u0103murim de ce s-au anulat alegerile din 24 noiembrie. A fost o m\u0103sur\u0103 a CCR, dar aleg\u0103torii trebuie s\u0103 \u00een\u021beleag\u0103 c\u0103 a fost m\u0103sura corect\u0103. Mai e nevoie de dovezi.<\/p>\n<p>Prin prisma faptului c\u0103 alegerile din Bucure\u0219ti au fost \u00een aten\u021bia presei, gradul meu de notorietate e la 90 la sut\u0103&#8221;, a spus Nicu\u0219or Dan la un post TV.<\/p>","protected":false},"excerpt":{"rendered":"<p>Primarul general al Capitalei,\u00a0Nicu\u0219or Dan, a spus, luni, c\u0103 nu renun\u021b\u0103 la candidatur\u0103 dup\u0103 anun\u021bul&hellip;<\/p>\n","protected":false},"author":0,"featured_media":18706,"comment_status":"open","ping_status":"open","sticky":false,"template":"","format":"standard","meta":{"footnotes":""},"categories":[2],"tags":[],"class_list":["post-18722","post","type-post","status-publish","format-standard","has-post-thumbnail","hentry","category-actual"],"_links":{"self":[{"href":"https:\/\/247stiri.ro\/index.php\/wp-json\/wp\/v2\/posts\/18722","targetHints":{"allow":["GET"]}}],"collection":[{"href":"https:\/\/247stiri.ro\/index.php\/wp-json\/wp\/v2\/posts"}],"about":[{"href":"https:\/\/247stiri.ro\/index.php\/wp-json\/wp\/v2\/types\/post"}],"replies":[{"embeddable":true,"href":"https:\/\/247stiri.ro\/index.php\/wp-json\/wp\/v2\/comments?post=18722"}],"version-history":[{"count":0,"href":"https:\/\/247stiri.ro\/index.php\/wp-json\/wp\/v2\/posts\/18722\/revisions"}],"wp:featuredmedia":[{"embeddable":true,"href":"https:\/\/247stiri.ro\/index.php\/wp-json\/wp\/v2\/media\/18706"}],"wp:attachment":[{"href":"https:\/\/247stiri.ro\/index.php\/wp-json\/wp\/v2\/media?parent=18722"}],"wp:term":[{"taxonomy":"category","embeddable":true,"href":"https:\/\/247stiri.ro\/index.php\/wp-json\/wp\/v2\/categories?post=18722"},{"taxonomy":"post_tag","embeddable":true,"href":"https:\/\/247stiri.ro\/index.php\/wp-json\/wp\/v2\/tags?post=18722"}],"curies":[{"name":"wp","href":"https:\/\/api.w.org\/{rel}","templated":true}]}}