{"id":18729,"date":"2024-12-23T16:46:28","date_gmt":"2024-12-23T16:46:28","guid":{"rendered":"https:\/\/247stiri.ro\/index.php\/2024\/12\/23\/george-simion-avertisment-in-parlament-aveti-grija-sa-nu-fie-cu-varsare-de-sange-romanii-va-vor-pedepsi\/"},"modified":"2024-12-23T16:46:28","modified_gmt":"2024-12-23T16:46:28","slug":"george-simion-avertisment-in-parlament-aveti-grija-sa-nu-fie-cu-varsare-de-sange-romanii-va-vor-pedepsi","status":"publish","type":"post","link":"https:\/\/247stiri.ro\/index.php\/2024\/12\/23\/george-simion-avertisment-in-parlament-aveti-grija-sa-nu-fie-cu-varsare-de-sange-romanii-va-vor-pedepsi\/","title":{"rendered":"George Simion, avertisment \u00een Parlament: Ave\u021bi grij\u0103 s\u0103 nu fie cu v\u0103rsare de s\u00e2nge! Rom\u00e2nii v\u0103 vor pedepsi"},"content":{"rendered":"<p>\u201eIpocrizia este la ea acas\u0103! Avem un premier duplicitar, care prima dat\u0103 ne-a spus c\u0103 demisioneaz\u0103 de la \u0219efia PSD, c\u0103 nu va mai guverna. Ast\u0103zi suntem \u00een Parlament la \u00eenvestirea Guvernului Ciolacu 2. Tot ce ieri a\u021bi spus c\u0103 este alb, ast\u0103zi este negru.<\/p>\n<p>Dac\u0103 nu ne \u00eentoarcem la comunism de ce nu avem alegeri libere? Din cauza TikTok? A\u021bi spus despre dovezi \u0219i nu a\u021bi prezentat nimic. Cine s\u0103 s\u0103 mai cread\u0103, cine s\u0103 mai cread\u0103 c\u0103 ve\u021bi asigura o tranzi\u021bie pa\u0219nic\u0103 pentru schimbarea puterii?<\/p>\n<p>Ar\u0103ta\u021bi dispre\u021b \u0219i ar\u0103ta\u021bi c\u0103 nu a\u021bi auzit vocea rom\u00e2nilor! Rom\u00e2nii or s\u0103 v\u0103 taxeze! Ave\u021bi grij\u0103 c\u0103 de data aceasta, de acest Cr\u0103ciun a\u021bi sc\u0103pat! Ave\u021bi grij\u0103 ca dictatura s\u0103 nu fie instalat\u0103 \u00een cele mai ur\u00e2te forme ale ei! Ave\u021bi grij\u0103 s\u0103 nu existe v\u0103rsare de s\u00e2nge!\u201d, a spus George Simion, \u00een Parlament.<\/p>","protected":false},"excerpt":{"rendered":"<p>\u201eIpocrizia este la ea acas\u0103! Avem un premier duplicitar, care prima dat\u0103 ne-a spus c\u0103&hellip;<\/p>\n","protected":false},"author":0,"featured_media":18727,"comment_status":"open","ping_status":"open","sticky":false,"template":"","format":"standard","meta":{"footnotes":""},"categories":[2],"tags":[],"class_list":["post-18729","post","type-post","status-publish","format-standard","has-post-thumbnail","hentry","category-actual"],"_links":{"self":[{"href":"https:\/\/247stiri.ro\/index.php\/wp-json\/wp\/v2\/posts\/18729","targetHints":{"allow":["GET"]}}],"collection":[{"href":"https:\/\/247stiri.ro\/index.php\/wp-json\/wp\/v2\/posts"}],"about":[{"href":"https:\/\/247stiri.ro\/index.php\/wp-json\/wp\/v2\/types\/post"}],"replies":[{"embeddable":true,"href":"https:\/\/247stiri.ro\/index.php\/wp-json\/wp\/v2\/comments?post=18729"}],"version-history":[{"count":0,"href":"https:\/\/247stiri.ro\/index.php\/wp-json\/wp\/v2\/posts\/18729\/revisions"}],"wp:featuredmedia":[{"embeddable":true,"href":"https:\/\/247stiri.ro\/index.php\/wp-json\/wp\/v2\/media\/18727"}],"wp:attachment":[{"href":"https:\/\/247stiri.ro\/index.php\/wp-json\/wp\/v2\/media?parent=18729"}],"wp:term":[{"taxonomy":"category","embeddable":true,"href":"https:\/\/247stiri.ro\/index.php\/wp-json\/wp\/v2\/categories?post=18729"},{"taxonomy":"post_tag","embeddable":true,"href":"https:\/\/247stiri.ro\/index.php\/wp-json\/wp\/v2\/tags?post=18729"}],"curies":[{"name":"wp","href":"https:\/\/api.w.org\/{rel}","templated":true}]}}