{"id":18741,"date":"2024-12-23T17:45:51","date_gmt":"2024-12-23T17:45:51","guid":{"rendered":"https:\/\/247stiri.ro\/index.php\/2024\/12\/23\/a-inceput-votul-pentru-investirea-guvernului-ciolacu-2-sunt-necesare-cel-putin-234-de-voturi-favorabile\/"},"modified":"2024-12-23T17:45:51","modified_gmt":"2024-12-23T17:45:51","slug":"a-inceput-votul-pentru-investirea-guvernului-ciolacu-2-sunt-necesare-cel-putin-234-de-voturi-favorabile","status":"publish","type":"post","link":"https:\/\/247stiri.ro\/index.php\/2024\/12\/23\/a-inceput-votul-pentru-investirea-guvernului-ciolacu-2-sunt-necesare-cel-putin-234-de-voturi-favorabile\/","title":{"rendered":"A \u00eenceput votul pentru \u00eenvestirea guvernului Ciolacu 2. Sunt necesare cel pu\u021bin 234 de voturi favorabile"},"content":{"rendered":"<p>Marcel Ciolacu a prezentat, luni programul de guvernare \u00eentr-o ceremonie de \u00eenvestire a noului Guvern.<\/p>\n<p>\u201e\u0218tiu sigur c\u0103 to\u021bi suntem reprezentan\u021bi ai rom\u00e2nilor, care ne-au legitimat prin votul lor s\u0103 lupt\u0103m pentru Rom\u00e2nia. Eu refuz s\u0103 cred c\u0103 milioanele de rom\u00e2ni din diaspora, care tr\u0103iesc de ani buni conecta\u021bi la civiliza\u021bia european\u0103, sunt anti-europeni! Este un non-sens!<\/p>\n<p>Doamnelor \u0219i domnilor, eu am \u00een\u021beles \u00eens\u0103 votul de protest al rom\u00e2nilor. Nu cred c\u0103 este un vot generat de s\u0103r\u0103cie, a\u0219a cum s-a spus. \u0218i am v\u0103zut reputa\u021bi anali\u0219ti care au pus degetul pe ran\u0103: Rom\u00e2nia nu mai este o \u021bar\u0103 s\u0103rac\u0103!<\/p>\n<p>Problema nu e una de INEGALITATE, ci de INECHITATE \u00eentr-o Rom\u00e2nie care s-a trezit \u00eentr-o nou\u0103 realitate economic\u0103 \u0219i social\u0103, cu o clas\u0103 de mijloc care cre\u0219te constant. \u0218i \u00eemi permit s\u0103 citez acum dintr-o asemenea analiz\u0103 care mi-a atras aten\u021bia pentru c\u0103 surprinde exact esen\u021ba problemei\u201d, a spus Marcel Ciolacu \u00een discursul s\u0103u.<\/p>\n<p>Dup\u0103 votarea noului Executiv, \u00een aceast\u0103 sear\u0103 va avea loc \u0219i prima \u0219edin\u021b\u0103 de Guvern.<\/p>","protected":false},"excerpt":{"rendered":"<p>Marcel Ciolacu a prezentat, luni programul de guvernare \u00eentr-o ceremonie de \u00eenvestire a noului Guvern.&hellip;<\/p>\n","protected":false},"author":0,"featured_media":18738,"comment_status":"open","ping_status":"open","sticky":false,"template":"","format":"standard","meta":{"footnotes":""},"categories":[2],"tags":[],"class_list":["post-18741","post","type-post","status-publish","format-standard","has-post-thumbnail","hentry","category-actual"],"_links":{"self":[{"href":"https:\/\/247stiri.ro\/index.php\/wp-json\/wp\/v2\/posts\/18741","targetHints":{"allow":["GET"]}}],"collection":[{"href":"https:\/\/247stiri.ro\/index.php\/wp-json\/wp\/v2\/posts"}],"about":[{"href":"https:\/\/247stiri.ro\/index.php\/wp-json\/wp\/v2\/types\/post"}],"replies":[{"embeddable":true,"href":"https:\/\/247stiri.ro\/index.php\/wp-json\/wp\/v2\/comments?post=18741"}],"version-history":[{"count":0,"href":"https:\/\/247stiri.ro\/index.php\/wp-json\/wp\/v2\/posts\/18741\/revisions"}],"wp:featuredmedia":[{"embeddable":true,"href":"https:\/\/247stiri.ro\/index.php\/wp-json\/wp\/v2\/media\/18738"}],"wp:attachment":[{"href":"https:\/\/247stiri.ro\/index.php\/wp-json\/wp\/v2\/media?parent=18741"}],"wp:term":[{"taxonomy":"category","embeddable":true,"href":"https:\/\/247stiri.ro\/index.php\/wp-json\/wp\/v2\/categories?post=18741"},{"taxonomy":"post_tag","embeddable":true,"href":"https:\/\/247stiri.ro\/index.php\/wp-json\/wp\/v2\/tags?post=18741"}],"curies":[{"name":"wp","href":"https:\/\/api.w.org\/{rel}","templated":true}]}}