{"id":18744,"date":"2024-12-23T17:45:52","date_gmt":"2024-12-23T17:45:52","guid":{"rendered":"https:\/\/247stiri.ro\/index.php\/2024\/12\/23\/ministrul-propus-la-finante-resursele-publice-trebuie-sa-fie-gestionate-responsabil-fara-a-crea-poveri-suplimentare-pentru-cetateni\/"},"modified":"2024-12-23T17:45:52","modified_gmt":"2024-12-23T17:45:52","slug":"ministrul-propus-la-finante-resursele-publice-trebuie-sa-fie-gestionate-responsabil-fara-a-crea-poveri-suplimentare-pentru-cetateni","status":"publish","type":"post","link":"https:\/\/247stiri.ro\/index.php\/2024\/12\/23\/ministrul-propus-la-finante-resursele-publice-trebuie-sa-fie-gestionate-responsabil-fara-a-crea-poveri-suplimentare-pentru-cetateni\/","title":{"rendered":"Ministrul propus la Finan\u021be: \u201eResursele publice trebuie s\u0103 fie gestionate responsabil, f\u0103r\u0103 a crea poveri suplimentare pentru cet\u0103\u0163eni\u201d"},"content":{"rendered":"<p>&#8222;Situa\u0163ia bugetului este cea care este, cu un deficit de probabil peste 8% la sf\u00e2r\u015fitul anului, motiv pentru care Ministerul de Finan\u0163e s-a adresat Comisiei Europene pentru a ob\u0163ine acordul Comisiei pentru un plan fiscal de 7 ani \u00een care redresarea s\u0103 fie f\u0103cut\u0103 \u00eentr-un mod \u00een care s\u0103 nu afecteze negativ nici pl\u0103\u0163ile care au fost asumate de guvern, nici cre\u015fterea economic\u0103 de care avem at\u00e2ta nevoie \u015fi s\u0103 putem rezolva probabil \u00een timp \u015fi una dintre cele mai mari probleme ale Rom\u00e2niei, deficitul balan\u0163ei de cont curent. Acest dublu deficit, acest deficit geam\u0103n sau twin, cum se spune, pune o povar\u0103 foarte mare nu doar pe Ministerul de Finan\u0163e, ci \u015fi pe toate ministerele, pe unit\u0103\u0163ile administrativ-teritoriale \u015fi pune o povar\u0103 semnificativ\u0103 \u015fi pe popula\u0163ie, motiv pentru care \u00een momentul \u00een care UDMR a acceptat s\u0103 fac\u0103 parte din aceast\u0103 coali\u0163ie, \u00een momentul \u00een care am acceptat eu personal s\u0103 coordonez acest sector, am dorit s\u0103 fim vocea ra\u0163iunii \u00een toate deciziile \u015fi \u00een gestionarea finan\u0163elor publice, asigur\u00e2nd \u00een primul \u015fi \u00een primul r\u00e2nd stabilitate fiscal\u0103 \u015fi financiar\u0103 pe termen lung. Acest lucru se poate face doar dac\u0103 \u00eentreaga \u0163ar\u0103 \u00ee\u015fi une\u015fte for\u0163ele \u00eentr-un moment deosebit de greu, pentru c\u0103 \u00een ultimii 15 ani, de dou\u0103 ori am avut o asemenea situa\u0163ie: o dat\u0103 dup\u0103 criza economic\u0103 din 2008 \u015fi o dat\u0103 dup\u0103 COVID. Aceast\u0103 perioad\u0103 tensionat\u0103, de alegeri, de an electoral a pus amprenta pe tot ce \u00eenseamn\u0103 buget de stat \u015fi este nevoie de o schimbare de paradigm\u0103 astfel \u00eenc\u00e2t resursele publice s\u0103 fie gestionate responsabil, f\u0103r\u0103 a crea poveri suplimentare pentru cet\u0103\u0163eni&#8221;, a spus Tanczos Barna, la audierile din comisiile de specialitate.<\/p>\n<p>El a afirmat c\u0103 acest obiectiv nu poate fi atins dac\u0103 statul nu-\u015fi schimb\u0103 mentalitatea \u015fi nu va fi al\u0103turi de cet\u0103\u0163eni \u015fi mediul de afaceri.<\/p>\n<p>&#8222;Aceast\u0103 coali\u0163ie are misiunea de a aduce echilibru \u015fi stabilitate \u00eentr-o perioad\u0103 de provoc\u0103ri economice \u015fi sociale. \u015ei cele 16 ministere dintre care o s\u0103 conduc, probabil, cu acceptul dumneavoastr\u0103, un minister, trebuie s\u0103 creeze un parteneriat solid pentru o Rom\u00e2nie mai echitabil\u0103. Acest parteneriat solid, \u00eenc\u0103 o dat\u0103, este cheia succesului pe termen lung. Ca ministru al Finan\u0163elor voi urm\u0103ri trei principii \u015fi obiective generale. Vom avea nevoie pentru predictibilitate \u015fi credibilitate, de un stat mai suplu, un stat care prive\u015fte cet\u0103\u0163enii cum prive\u015fte o companie privat\u0103, clien\u0163ii, un stat care \u00ee\u015fi optimizeaz\u0103 institu\u0163iile \u015fi costurile, cheltuielile a\u015fa cum \u00ee\u015fi fac companiile private. Serviciile publice trebuie s\u0103 fie mai bune din punct de vedere calitativ. A\u015fa cum companiile \u00ee\u015fi respect\u0103 clien\u0163ii \u015fi \u00eencearc\u0103 s\u0103 \u00ee\u015fi p\u0103streze clien\u0163ii prin servicii de calitate sau bunuri de calitate v\u00e2ndute, a\u015fa \u015fi statul trebuie s\u0103 ofere servicii de calitate \u015fi trebuie s\u0103 arate mai mult respect pentru cet\u0103\u0163eni. Companiile private fac acest lucru. \u00cen felul acesta \u00ee\u015fi men\u0163in clien\u0163ii \u015fi \u00ee\u015fi men\u0163in productivitatea, \u00ee\u015fi men\u0163in locul \u00een pia\u0163\u0103 \u015fi statul trebuie s\u0103 se schimbe din acest punct de vedere. Prin administrarea responsabil\u0103 \u015fi eficient\u0103 a resurselor \u015fi prin aceste principii, aceste schimb\u0103ri la nivelul statului rom\u00e2n, cu siguran\u0163\u0103 vom putea asigura un echilibru, predictibilitate \u015fi responsabilitate&#8221;, a declarat Tanczos Barna.<\/p>","protected":false},"excerpt":{"rendered":"<p>&#8222;Situa\u0163ia bugetului este cea care este, cu un deficit de probabil peste 8% la sf\u00e2r\u015fitul&hellip;<\/p>\n","protected":false},"author":0,"featured_media":18740,"comment_status":"open","ping_status":"open","sticky":false,"template":"","format":"standard","meta":{"footnotes":""},"categories":[2],"tags":[],"class_list":["post-18744","post","type-post","status-publish","format-standard","has-post-thumbnail","hentry","category-actual"],"_links":{"self":[{"href":"https:\/\/247stiri.ro\/index.php\/wp-json\/wp\/v2\/posts\/18744","targetHints":{"allow":["GET"]}}],"collection":[{"href":"https:\/\/247stiri.ro\/index.php\/wp-json\/wp\/v2\/posts"}],"about":[{"href":"https:\/\/247stiri.ro\/index.php\/wp-json\/wp\/v2\/types\/post"}],"replies":[{"embeddable":true,"href":"https:\/\/247stiri.ro\/index.php\/wp-json\/wp\/v2\/comments?post=18744"}],"version-history":[{"count":0,"href":"https:\/\/247stiri.ro\/index.php\/wp-json\/wp\/v2\/posts\/18744\/revisions"}],"wp:featuredmedia":[{"embeddable":true,"href":"https:\/\/247stiri.ro\/index.php\/wp-json\/wp\/v2\/media\/18740"}],"wp:attachment":[{"href":"https:\/\/247stiri.ro\/index.php\/wp-json\/wp\/v2\/media?parent=18744"}],"wp:term":[{"taxonomy":"category","embeddable":true,"href":"https:\/\/247stiri.ro\/index.php\/wp-json\/wp\/v2\/categories?post=18744"},{"taxonomy":"post_tag","embeddable":true,"href":"https:\/\/247stiri.ro\/index.php\/wp-json\/wp\/v2\/tags?post=18744"}],"curies":[{"name":"wp","href":"https:\/\/api.w.org\/{rel}","templated":true}]}}