{"id":18745,"date":"2024-12-23T17:45:52","date_gmt":"2024-12-23T17:45:52","guid":{"rendered":"https:\/\/247stiri.ro\/index.php\/2024\/12\/23\/judecatoria-mangalia-a-decis-schimbarea-incadraririi-juridice-in-dosarul-lui-vlad-pascu-in-vatamare-corporala-agravata\/"},"modified":"2024-12-23T17:45:52","modified_gmt":"2024-12-23T17:45:52","slug":"judecatoria-mangalia-a-decis-schimbarea-incadraririi-juridice-in-dosarul-lui-vlad-pascu-in-vatamare-corporala-agravata","status":"publish","type":"post","link":"https:\/\/247stiri.ro\/index.php\/2024\/12\/23\/judecatoria-mangalia-a-decis-schimbarea-incadraririi-juridice-in-dosarul-lui-vlad-pascu-in-vatamare-corporala-agravata\/","title":{"rendered":"Judec\u0103toria Mangalia a decis schimbarea \u00eencadr\u0103ririi juridice \u00een dosarul lui Vlad Pascu \u00een v\u0103t\u0103mare corporal\u0103 agravat\u0103"},"content":{"rendered":"<p>\u201eAdmite cererea de schimbare a \u00eencadr\u0103rii juridice, astfel cum a fost precizat\u0103. Schimb\u0103 \u00eencadrarea juridic\u0103, \u00een ce prive\u015fte infrac\u0163iunea de v\u0103t\u0103mare corporal\u0103 din culp\u0103 pentru care a fost trimis \u00een judecat\u0103 inculpatul Pascu Matei \u2013 Vlad, din infrac\u0163iunea de v\u0103t\u0103mare corporal\u0103 din culp\u0103 prev\u0103zut\u0103 de art. 196 alin.1 \u015fi 4 Cod penal, \u00een infrac\u0163iunea de v\u0103t\u0103mare corporal\u0103 din culp\u0103 prev\u0103zut\u0103 de art. 196 alin.1, 2, 3 \u015fi 4 Cod penal. Dispune schimbarea \u00eencadr\u0103rii juridice din infrac\u0163iunea de conducerea unui vehicul sub influen\u0163a alcoolului sau a altor substan\u0163e prev. de art. art.336 alin.2 Cod penal, \u00een infrac\u0163iunea de conducerea unui vehicul sub influen\u0163a alcoolului sau a altor substan\u0163e prev. de art. 336 alin.2 Cod penal cu aplicarea disp. art. 5 Cod penal. Cu cale de atac o data cu fondul\u201d, se arat\u0103 \u00een minuta Judec\u0103toriei Mangalia.<\/p>\n<p>\u201eVorbim despre o schimbare a \u00eencadr\u0103ririi juridice a faptei din v\u0103t\u0103mare corporal\u0103, respectiv pe anumite considerente pe un alt timp de v\u0103t\u0103mare corporal\u0103, agravant\u0103\u201d, a afirmat avocatul Cuculis.<\/p>\n<p>El a precizat c\u0103, prin aceast\u0103 schimbare de \u00eencadrare juridic\u0103, Vlad Pascu risc\u0103 o pedeaps\u0103 mai mare cu cel pu\u0163in trei ani \u015fi dou\u0103 luni.<\/p>\n<p>\u00cen 19 august 2023, Vlad Pascu a condus un autoturism pe DN 39, iar \u00een jurul orei 5.25, \u00een apropiere de 2 Mai, a intrat \u00eentr-un grup de pietoni. \u00cen urma impactului, doi tineri \u015fi-au pierdut via\u0163a \u015fi al\u0163i trei au fost r\u0103ni\u0163i.<\/p>\n<p>\u00a0Vlad Pascu a fugit de la locul accidentului \u015fi a fost g\u0103sit apoi de poli\u0163i\u015fti \u00een Vama Veche. Anchetatorii au stabilit c\u0103 el se afla sub influen\u0163a mai multor substan\u0163e interzise, printre care cocain\u0103, amfetamin\u0103 \u015fi metamfetamin\u0103.<\/p>","protected":false},"excerpt":{"rendered":"<p>\u201eAdmite cererea de schimbare a \u00eencadr\u0103rii juridice, astfel cum a fost precizat\u0103. Schimb\u0103 \u00eencadrarea juridic\u0103,&hellip;<\/p>\n","protected":false},"author":0,"featured_media":18746,"comment_status":"open","ping_status":"open","sticky":false,"template":"","format":"standard","meta":{"footnotes":""},"categories":[2],"tags":[],"class_list":["post-18745","post","type-post","status-publish","format-standard","has-post-thumbnail","hentry","category-actual"],"_links":{"self":[{"href":"https:\/\/247stiri.ro\/index.php\/wp-json\/wp\/v2\/posts\/18745","targetHints":{"allow":["GET"]}}],"collection":[{"href":"https:\/\/247stiri.ro\/index.php\/wp-json\/wp\/v2\/posts"}],"about":[{"href":"https:\/\/247stiri.ro\/index.php\/wp-json\/wp\/v2\/types\/post"}],"replies":[{"embeddable":true,"href":"https:\/\/247stiri.ro\/index.php\/wp-json\/wp\/v2\/comments?post=18745"}],"version-history":[{"count":0,"href":"https:\/\/247stiri.ro\/index.php\/wp-json\/wp\/v2\/posts\/18745\/revisions"}],"wp:featuredmedia":[{"embeddable":true,"href":"https:\/\/247stiri.ro\/index.php\/wp-json\/wp\/v2\/media\/18746"}],"wp:attachment":[{"href":"https:\/\/247stiri.ro\/index.php\/wp-json\/wp\/v2\/media?parent=18745"}],"wp:term":[{"taxonomy":"category","embeddable":true,"href":"https:\/\/247stiri.ro\/index.php\/wp-json\/wp\/v2\/categories?post=18745"},{"taxonomy":"post_tag","embeddable":true,"href":"https:\/\/247stiri.ro\/index.php\/wp-json\/wp\/v2\/tags?post=18745"}],"curies":[{"name":"wp","href":"https:\/\/api.w.org\/{rel}","templated":true}]}}