{"id":18747,"date":"2024-12-23T17:45:52","date_gmt":"2024-12-23T17:45:52","guid":{"rendered":"https:\/\/247stiri.ro\/index.php\/2024\/12\/23\/barbatul-din-constanta-acuzat-ca-a-ucis-doua-femei-si-le-a-abandonat-trupurile-pe-camp-a-fost-trimis-in-judecata-alaturi-de-partenera-sa-si-de-fiul-minor-al-acesteia\/"},"modified":"2024-12-23T17:45:52","modified_gmt":"2024-12-23T17:45:52","slug":"barbatul-din-constanta-acuzat-ca-a-ucis-doua-femei-si-le-a-abandonat-trupurile-pe-camp-a-fost-trimis-in-judecata-alaturi-de-partenera-sa-si-de-fiul-minor-al-acesteia","status":"publish","type":"post","link":"https:\/\/247stiri.ro\/index.php\/2024\/12\/23\/barbatul-din-constanta-acuzat-ca-a-ucis-doua-femei-si-le-a-abandonat-trupurile-pe-camp-a-fost-trimis-in-judecata-alaturi-de-partenera-sa-si-de-fiul-minor-al-acesteia\/","title":{"rendered":"B\u0103rbatul din Constan\u021ba acuzat c\u0103 a ucis dou\u0103 femei \u015fi le-a abandonat trupurile pe c\u00e2mp a fost trimis \u00een judecat\u0103, al\u0103turi de partenera sa \u015fi de fiul minor al acesteia"},"content":{"rendered":"<p>Reprezentan\u0163ii Parchetului de pe l\u00e2ng\u0103 Tribunalul Constan\u0163a au anun\u0163at, luni, c\u0103 procurorii au dispus trimiterea \u00een judecat\u0103 a b\u0103rbatului acuzat c\u0103 a omor\u00e2t dou\u0103 femei, dup\u0103 care le-a ascuns cadavrele pe c\u00e2mp \u015fi le-a luat ma\u015finile, dar \u015fi alte bunuri. De asemenea, \u00een acela\u015fi dosar au fost trimi\u015fi \u00een judecat\u0103 partenera b\u0103rbatului \u015fi fiul ei minor.\u00a0\u00a0\u201dLa data de 02.07.2024, cu premeditare, inculpatul M.N. a ucis-o prin sugrumare pe victima Avram Delia, dup\u0103 care i-a sustras autoturismul marca Audi A4, cu nr. de \u00eenmatriculare TL &#8230; (omor calificat \u015fi t\u00e2lh\u0103rie). La data de 27.08.2024, cu premeditare \u015fi dup\u0103 ce o ucisese pe victima Avram Delia, acela\u015fi inculpat a ucis-o, prin sugrumare, pe victima V\u0103dean Iana Denisa, dup\u0103 care i-a sustras autoturismul marca BMW cu nr. de \u00eenmatriculare TM &#8230;, dou\u0103 telefoane mobile, suma de 11.000 lei \u015fi bijuteriile personale (omor calificat \u015fi t\u00e2lh\u0103rie)\u201d, au transmis procurorii.\u00a0\u00a0\u00a0Potrivit acestora, \u00eentre 2 iulie \u015fi 3 septembrie, \u00een mai multe zile, b\u0103rbatul a condus ma\u015finile furate de la cele dou\u0103 femei, f\u0103r\u0103 a avea permis de conducere pentru vreo categorie de vehicule.\u00a0\u00a0De asemenea, procurorii au transmis c\u0103, \u00een perioada 28 august \u2013 1 septembrie, b\u0103rbatul a accesat f\u0103r\u0103 drept telefonul victimei Iana Denisa V\u0103dean, \u201dtransmi\u0163\u00e2nd mesaje prin intermediul aplica\u0163iei Whatsapp c\u0103tre dou\u0103 persoane (martori \u00een cauz\u0103), pretinz\u00e2nd c\u0103 era victima, pentru a crea aparen\u0163a fals\u0103 c\u0103 aceasta era \u00eenc\u0103 \u00een via\u0163\u0103\u201d.\u00a0Partenera b\u0103rbatului este acuzat\u0103 c\u0103 nu a anun\u0163at autorit\u0103\u0163ile despre uciderea Ianei Denisa V\u0103dean.\u00a0\u00a0\u201dAceea\u015fi inculpat\u0103 l-a ajutat pe primul inculpat s\u0103 depoziteze \u00een locuin\u0163a sa cadavrul \u015fi bunurile victimei V\u0103dean Iana Denisa, pe care \u00eempreun\u0103 cu un inculpat minor le-a ridicat de la un hotel din municipiul Constan\u0163a, pretinz\u00e2nd \u00een mod mincinos c\u0103 era mama ei, \u015fi s\u0103 transporte \u015fi abandoneze cadavrul pe un c\u00e2mp din extravilanul satului Sinoe, com. Mihai Viteazu, jude\u0163ul Constan\u0163a, cu scopul \u00eempiedic\u0103rii tragerii la r\u0103spundere penal\u0103 a primului inculpat (favorizarea f\u0103ptuitorului). Aceea\u015fi inculpat\u0103 a primit de la primul inculpat telefonul mobil al victimei V\u0103dean Iana Denisa, de\u015fi cuno\u015ftea c\u0103 bunul fusese sustras de la aceasta (t\u0103inuire)\u201d, a transmis sursa citat\u0103.\u00a0Femeia trimis\u0103 \u00een judecat\u0103 mai este acuzat\u0103 c\u0103 i-a permis fiului s\u0103u s\u0103 consume droguri, dar \u015fi c\u0103 a stat \u00een cas\u0103 timp de 40 de ore cu trupul ne\u00eensufle\u0163it al victimei.\u00a0\u00a0\u201dAceea\u015fi inculpat\u0103 \u015fi-a expus fiul s\u0103u minor unor fenomene nocive precum consumul de droguri (at\u00e2t propriu, c\u00e2t \u015fi al primului inculpat), prin: permisiunea acordat\u0103 fiului ei de a consuma droguri at\u00e2t \u00een locuin\u0163\u0103, c\u00e2t \u015fi \u00een afara ei, prin permisiunea acordat\u0103 primului inculpatul s\u0103 \u00eentre\u0163in\u0103 rela\u0163ii sexuale contra cost cu alte femei \u00een apartamentul \u00een care locuia \u015fi minorul, \u00eempreun\u0103 cu care a plecat din locuin\u0163\u0103, tocmai pentru a crea celui dint\u00e2i inculpat condi\u0163iile necesare \u00eentre\u0163inerea rela\u0163iilor sexuale, prin p\u0103strarea \u00een locuin\u0163\u0103 a unui cadavru, \u00een prezen\u0163a copiilor minori, timp de aproximativ 40 de ore, astfel \u00eenc\u00e2t a pus \u00een pericol grav dezvoltarea fizic\u0103, intelectual\u0103 \u015fi moral\u0103 a fiului ei minor (rele tratamente aplicate minorului)\u201d, a mai transmis Parchetul de pe l\u00e2ng\u0103 Tribunalul Constan\u0163a.<\/p>","protected":false},"excerpt":{"rendered":"<p>Reprezentan\u0163ii Parchetului de pe l\u00e2ng\u0103 Tribunalul Constan\u0163a au anun\u0163at, luni, c\u0103 procurorii au dispus trimiterea&hellip;<\/p>\n","protected":false},"author":0,"featured_media":18748,"comment_status":"open","ping_status":"open","sticky":false,"template":"","format":"standard","meta":{"footnotes":""},"categories":[2],"tags":[],"class_list":["post-18747","post","type-post","status-publish","format-standard","has-post-thumbnail","hentry","category-actual"],"_links":{"self":[{"href":"https:\/\/247stiri.ro\/index.php\/wp-json\/wp\/v2\/posts\/18747","targetHints":{"allow":["GET"]}}],"collection":[{"href":"https:\/\/247stiri.ro\/index.php\/wp-json\/wp\/v2\/posts"}],"about":[{"href":"https:\/\/247stiri.ro\/index.php\/wp-json\/wp\/v2\/types\/post"}],"replies":[{"embeddable":true,"href":"https:\/\/247stiri.ro\/index.php\/wp-json\/wp\/v2\/comments?post=18747"}],"version-history":[{"count":0,"href":"https:\/\/247stiri.ro\/index.php\/wp-json\/wp\/v2\/posts\/18747\/revisions"}],"wp:featuredmedia":[{"embeddable":true,"href":"https:\/\/247stiri.ro\/index.php\/wp-json\/wp\/v2\/media\/18748"}],"wp:attachment":[{"href":"https:\/\/247stiri.ro\/index.php\/wp-json\/wp\/v2\/media?parent=18747"}],"wp:term":[{"taxonomy":"category","embeddable":true,"href":"https:\/\/247stiri.ro\/index.php\/wp-json\/wp\/v2\/categories?post=18747"},{"taxonomy":"post_tag","embeddable":true,"href":"https:\/\/247stiri.ro\/index.php\/wp-json\/wp\/v2\/tags?post=18747"}],"curies":[{"name":"wp","href":"https:\/\/api.w.org\/{rel}","templated":true}]}}