{"id":18888,"date":"2024-12-24T10:44:49","date_gmt":"2024-12-24T10:44:49","guid":{"rendered":"https:\/\/247stiri.ro\/index.php\/2024\/12\/24\/pensiile-la-un-pas-sa-fie-inghetate-de-la-1-ianuarie-2025-ministrul-muncii-in-silenzio-stampa-aveti-rabdare-ce-se-intampla-cu-salariile\/"},"modified":"2024-12-24T10:44:49","modified_gmt":"2024-12-24T10:44:49","slug":"pensiile-la-un-pas-sa-fie-inghetate-de-la-1-ianuarie-2025-ministrul-muncii-in-silenzio-stampa-aveti-rabdare-ce-se-intampla-cu-salariile","status":"publish","type":"post","link":"https:\/\/247stiri.ro\/index.php\/2024\/12\/24\/pensiile-la-un-pas-sa-fie-inghetate-de-la-1-ianuarie-2025-ministrul-muncii-in-silenzio-stampa-aveti-rabdare-ce-se-intampla-cu-salariile\/","title":{"rendered":"Pensiile, la un pas s\u0103 fie \u00eenghe\u021bate, de la 1 ianuarie 2025. Ministrul Muncii, \u00een &#8222;silenzio stampa&#8221;: Ave\u021bi r\u0103bdare! &#8211; Ce se \u00eent\u00e2mpl\u0103 cu SALARIILE?"},"content":{"rendered":"<p>Ministrul Muncii a refuzat s\u0103 spun\u0103 dac\u0103 pensiile vor mai cre\u0219te de la 1 ianuarie, conform promisiunilor f\u0103cute \u00een ultimele luni. Simona Bucura-Oprescu a fost asaltat\u0103 de \u00eentreb\u0103ri dup\u0103 ce s-a zvonit c\u0103 pensiile risc\u0103 s\u0103 fie \u00eenghe\u021bate de la \u00eenceputul anului 2025 pentru c\u0103 nu a fost adoptat bugetul de stat.\u00a0<\/p>\n<p>Mai mult, indexarea care trebuia s\u0103 aib\u0103 loc s\u0103pt\u0103m\u00e2na viitoare ar putea fi am\u00e2nat\u0103.<\/p>\n<p>Ministrul Muncii nu a putut s\u0103 explice dac\u0103 pensiile vor fi indexate cu rata infla\u021biei \u0219i jum\u0103tate din cre\u0219terea salariului minim brut.\u00a0<\/p>\n<p>Simona Bucura-Oprescu nu a r\u0103spuns la \u00eentreb\u0103rile jurnali\u0219tilor referitoare la cre\u0219terea pensiilor de la 1 ianuarie 2025, a\u0219a cum a promis. Ministrul Muncii s-a axat \u00een r\u0103spunsuri tot pe major\u0103rile din acest an \u0219i a evitat s\u0103 spun\u0103 c\u00e2nd va avea loc indexarea pensiilor cu rata infla\u021biei.<\/p>\n<p>&#8222;Ministerul Muncii este parte a Guvernului, sunt decizii pe care le vom lua \u00eempreun\u0103 \u00een Guvern. V\u0103 rog s\u0103 ave\u021bi r\u0103bdare&#8221;, spune Simona Bucura Oprescu.<\/p>\n<p>Adrian Solomon, pre\u0219edintele Comisie de Munc\u0103 din Camera Deputa\u021bilor, a confirmat faptul c\u0103 indexarea pensiilor de la 1 ianuarie 2025 nu este posibil\u0103 pentru c\u0103 \u00eenc\u0103 nu a fost adoptat bugetul pe anul viitor. Iar acest lucru \u00eenseamn\u0103 c\u0103 pensionarii vor pierde o sum\u0103 echivalent\u0103 cu 12% din valoarea pensiei din luna ianuarie.<\/p>\n<p>Mai mult dec\u00e2t at\u00e2t, deputatul PSD Adrian Solomon a explicat faptul c\u0103 valoarea punctului nu ar putea fi majorat\u0103 \u00een 2025 deoarece nu exist\u0103 un instrument legal. S-a ajuns la aceast\u0103 situa\u021bie dramatic\u0103 pentru c\u0103 Guvernul condus de Marcel Ciolacu nu a adoptat bugetul de stat, pentru a stabili dac\u0103 exist\u0103 sau nu bani \u0219i pentru major\u0103rile pensiilor.\u00a0<\/p>","protected":false},"excerpt":{"rendered":"<p>Ministrul Muncii a refuzat s\u0103 spun\u0103 dac\u0103 pensiile vor mai cre\u0219te de la 1 ianuarie,&hellip;<\/p>\n","protected":false},"author":0,"featured_media":18889,"comment_status":"open","ping_status":"open","sticky":false,"template":"","format":"standard","meta":{"footnotes":""},"categories":[2],"tags":[],"class_list":["post-18888","post","type-post","status-publish","format-standard","has-post-thumbnail","hentry","category-actual"],"_links":{"self":[{"href":"https:\/\/247stiri.ro\/index.php\/wp-json\/wp\/v2\/posts\/18888","targetHints":{"allow":["GET"]}}],"collection":[{"href":"https:\/\/247stiri.ro\/index.php\/wp-json\/wp\/v2\/posts"}],"about":[{"href":"https:\/\/247stiri.ro\/index.php\/wp-json\/wp\/v2\/types\/post"}],"replies":[{"embeddable":true,"href":"https:\/\/247stiri.ro\/index.php\/wp-json\/wp\/v2\/comments?post=18888"}],"version-history":[{"count":0,"href":"https:\/\/247stiri.ro\/index.php\/wp-json\/wp\/v2\/posts\/18888\/revisions"}],"wp:featuredmedia":[{"embeddable":true,"href":"https:\/\/247stiri.ro\/index.php\/wp-json\/wp\/v2\/media\/18889"}],"wp:attachment":[{"href":"https:\/\/247stiri.ro\/index.php\/wp-json\/wp\/v2\/media?parent=18888"}],"wp:term":[{"taxonomy":"category","embeddable":true,"href":"https:\/\/247stiri.ro\/index.php\/wp-json\/wp\/v2\/categories?post=18888"},{"taxonomy":"post_tag","embeddable":true,"href":"https:\/\/247stiri.ro\/index.php\/wp-json\/wp\/v2\/tags?post=18888"}],"curies":[{"name":"wp","href":"https:\/\/api.w.org\/{rel}","templated":true}]}}