{"id":18894,"date":"2024-12-24T11:44:47","date_gmt":"2024-12-24T11:44:47","guid":{"rendered":"https:\/\/247stiri.ro\/index.php\/2024\/12\/24\/in-plina-iarna-un-turist-a-urcat-cu-bicicleta-pe-munte-si-a-ramas-inzapezit-salvamontistii-intervin-in-forta-pentru-a-i-salva-viata\/"},"modified":"2024-12-24T11:44:47","modified_gmt":"2024-12-24T11:44:47","slug":"in-plina-iarna-un-turist-a-urcat-cu-bicicleta-pe-munte-si-a-ramas-inzapezit-salvamontistii-intervin-in-forta-pentru-a-i-salva-viata","status":"publish","type":"post","link":"https:\/\/247stiri.ro\/index.php\/2024\/12\/24\/in-plina-iarna-un-turist-a-urcat-cu-bicicleta-pe-munte-si-a-ramas-inzapezit-salvamontistii-intervin-in-forta-pentru-a-i-salva-viata\/","title":{"rendered":"\u00cen plin\u0103 iarn\u0103, un turist a urcat cu bicicleta pe munte \u0219i a r\u0103mas \u00eenz\u0103pezit. Salvamonti\u0219tii intervin \u00een for\u021b\u0103 pentru a-i salva via\u021ba"},"content":{"rendered":"<p>Potrivit unei\u00a0<a href=\"https:\/\/www.facebook.com\/permalink.php?story_fbid=pfbid02n7AyssPPdeEczGSt43MkDpDye816HXzjwPWzLBJ1h3k9CRgrneJ6ahURp3wKREuUl&amp;id=100065020651158\" target=\"_blank\">post\u0103ri pe pagina de Facebook a Salvamont Sinaia<\/a>, persoana respectiv\u0103 a g\u0103sit ad\u0103post.\u00cen zon\u0103 este viscol, iar opera\u0163iunea de extragere spre Sinaia a victimei se desf\u0103\u015foar\u0103 \u00een condi\u0163ii meteorologice foarte grele.&#8221;Persoan\u0103 blocat\u0103 \u00een viscol \u00een zona Blana, a g\u0103sit ad\u0103post. Ajuns\u0103 acolo \u00een mod iresponsabil pe vreme extrem de rea. Avertiz\u0103rile s-au adeverit, sus e urgie. Cum a ajuns?! Pe biciclet\u0103!! (&#8230;) La victim\u0103 a ajuns echipajul Salvamont, a \u00eenceput opera\u0163iunea de extragere spre Sinaia \u00een condi\u0163ii meteo foarte grele&#8221;, se men\u0163ioneaz\u0103 \u00een postare.<\/p>\n<p><a title=\"Circulatie blocata temporar pe DN 7 din cauza unui accident. Trei copii au fost transportati la spital\" href=\"https:\/\/www.realitatea.net\/stiri\/actual\/circulatie-blocata-temporar-pe-dn-7-din-cauza-unui-accident-trei-copii-au-fost-transportati-la-spital_676a7abc7e397b0ddc4f37e2\">Circula\u021bie blocat\u0103 temporar pe DN 7 din cauza unui accident. Trei copii au fost transporta\u021bi la spital<\/a><\/p>","protected":false},"excerpt":{"rendered":"<p>Potrivit unei\u00a0post\u0103ri pe pagina de Facebook a Salvamont Sinaia, persoana respectiv\u0103 a g\u0103sit ad\u0103post.\u00cen zon\u0103&hellip;<\/p>\n","protected":false},"author":0,"featured_media":18895,"comment_status":"open","ping_status":"open","sticky":false,"template":"","format":"standard","meta":{"footnotes":""},"categories":[2],"tags":[],"class_list":["post-18894","post","type-post","status-publish","format-standard","has-post-thumbnail","hentry","category-actual"],"_links":{"self":[{"href":"https:\/\/247stiri.ro\/index.php\/wp-json\/wp\/v2\/posts\/18894","targetHints":{"allow":["GET"]}}],"collection":[{"href":"https:\/\/247stiri.ro\/index.php\/wp-json\/wp\/v2\/posts"}],"about":[{"href":"https:\/\/247stiri.ro\/index.php\/wp-json\/wp\/v2\/types\/post"}],"replies":[{"embeddable":true,"href":"https:\/\/247stiri.ro\/index.php\/wp-json\/wp\/v2\/comments?post=18894"}],"version-history":[{"count":0,"href":"https:\/\/247stiri.ro\/index.php\/wp-json\/wp\/v2\/posts\/18894\/revisions"}],"wp:featuredmedia":[{"embeddable":true,"href":"https:\/\/247stiri.ro\/index.php\/wp-json\/wp\/v2\/media\/18895"}],"wp:attachment":[{"href":"https:\/\/247stiri.ro\/index.php\/wp-json\/wp\/v2\/media?parent=18894"}],"wp:term":[{"taxonomy":"category","embeddable":true,"href":"https:\/\/247stiri.ro\/index.php\/wp-json\/wp\/v2\/categories?post=18894"},{"taxonomy":"post_tag","embeddable":true,"href":"https:\/\/247stiri.ro\/index.php\/wp-json\/wp\/v2\/tags?post=18894"}],"curies":[{"name":"wp","href":"https:\/\/api.w.org\/{rel}","templated":true}]}}