{"id":18912,"date":"2024-12-24T12:45:04","date_gmt":"2024-12-24T12:45:04","guid":{"rendered":"https:\/\/247stiri.ro\/index.php\/2024\/12\/24\/bogdan-hossu-de-ce-risca-seniorii-sa-nu-primeasca-majorarea-pensiei-cu-rata-inflatiei-in-luna-ianuarie\/"},"modified":"2024-12-24T12:45:04","modified_gmt":"2024-12-24T12:45:04","slug":"bogdan-hossu-de-ce-risca-seniorii-sa-nu-primeasca-majorarea-pensiei-cu-rata-inflatiei-in-luna-ianuarie","status":"publish","type":"post","link":"https:\/\/247stiri.ro\/index.php\/2024\/12\/24\/bogdan-hossu-de-ce-risca-seniorii-sa-nu-primeasca-majorarea-pensiei-cu-rata-inflatiei-in-luna-ianuarie\/","title":{"rendered":"Bogdan Hossu: De ce risc\u0103 seniorii s\u0103 nu primeasc\u0103 majorarea pensiei cu rata infla\u021biei \u00een luna ianuarie"},"content":{"rendered":"<p>Hossu este de p\u0103rere c\u0103, a\u0219a cum noul Guvern s-a instalat \u00eentr-o singur\u0103 zi, a\u0219a poate fi adoptat \u0219i bugetul pe anul viitor, astfel \u00eenc\u00e2t pensionarii s\u0103 beneficieze de major\u0103rile promise, altfel luna ianuarie e pierdut\u0103 pentru pensionari, a precizat acesta.\u00a0<\/p>\n<p>\u201eIn mod normal, nu ar trebui sa fie amanata. Pe de alta parte, tinand cont de eficienta formarii noii echipe guvernamentale care a constatat ca intr-o zi s-au rezolvat si audierile si depunerea juramantului, si constituirea primei sedinte de\u00a0 guvern, tot asa pana pe 10 ianuarie se poate creiona si valida bugetul pentru 2025, deci implict se pot acorda banii necesari pentru cresterea pensiilor.<\/p>\n<p>Acuma, problema care o justifica este ca daca nu se voteaza bugetul, se merge pe bugetul anului precedent, ceea ce inseamna ca se merge cu banii de pensie pentru o singura luna, ceea ce evident ca nu incape cresterea de 12%.<\/p>\n<p>Daca s-a votat de-a lungul lunii ianuarie poate fi aplicat din luna ianuarie. Deci nu e nicio problema. Numai in momnetul in care este votat si promulgat in luna februarie, luna ianuarie este pierduta pentru pensionari si nu poate fi data retroactiv\u201d, a spus Bogdan Hossu la Realitatea Plus.<\/p>\n<p><a title='Pensiile, la un pas sa fie inghetate, de la 1 ianuarie 2025. Ministrul Muncii, in \"silenzio stampa\": Aveti rabdare! - Ce se intampla cu SALARIILE?' href=\"https:\/\/www.realitatea.net\/stiri\/actual\/pensiile-la-un-pas-sa-fie-inghetate-de-la-1-ianuarie-2025-ministrul-muncii-in-silenzio-stampa-aveti-rabdare-ce-se-intampla-cu-salariile_676a846254950f4095015262\">Pensiile, la un pas s\u0103 fie \u00eenghe\u021bate, de la 1 ianuarie 2025. Ministrul Muncii, \u00een &#8222;silenzio stampa&#8221;: Ave\u021bi r\u0103bdare! &#8211; Ce se \u00eent\u00e2mpl\u0103 cu SALARIILE?<\/a><\/p>","protected":false},"excerpt":{"rendered":"<p>Hossu este de p\u0103rere c\u0103, a\u0219a cum noul Guvern s-a instalat \u00eentr-o singur\u0103 zi, a\u0219a&hellip;<\/p>\n","protected":false},"author":0,"featured_media":18913,"comment_status":"open","ping_status":"open","sticky":false,"template":"","format":"standard","meta":{"footnotes":""},"categories":[2],"tags":[],"class_list":["post-18912","post","type-post","status-publish","format-standard","has-post-thumbnail","hentry","category-actual"],"_links":{"self":[{"href":"https:\/\/247stiri.ro\/index.php\/wp-json\/wp\/v2\/posts\/18912","targetHints":{"allow":["GET"]}}],"collection":[{"href":"https:\/\/247stiri.ro\/index.php\/wp-json\/wp\/v2\/posts"}],"about":[{"href":"https:\/\/247stiri.ro\/index.php\/wp-json\/wp\/v2\/types\/post"}],"replies":[{"embeddable":true,"href":"https:\/\/247stiri.ro\/index.php\/wp-json\/wp\/v2\/comments?post=18912"}],"version-history":[{"count":0,"href":"https:\/\/247stiri.ro\/index.php\/wp-json\/wp\/v2\/posts\/18912\/revisions"}],"wp:featuredmedia":[{"embeddable":true,"href":"https:\/\/247stiri.ro\/index.php\/wp-json\/wp\/v2\/media\/18913"}],"wp:attachment":[{"href":"https:\/\/247stiri.ro\/index.php\/wp-json\/wp\/v2\/media?parent=18912"}],"wp:term":[{"taxonomy":"category","embeddable":true,"href":"https:\/\/247stiri.ro\/index.php\/wp-json\/wp\/v2\/categories?post=18912"},{"taxonomy":"post_tag","embeddable":true,"href":"https:\/\/247stiri.ro\/index.php\/wp-json\/wp\/v2\/tags?post=18912"}],"curies":[{"name":"wp","href":"https:\/\/api.w.org\/{rel}","templated":true}]}}