{"id":19013,"date":"2024-12-24T21:45:04","date_gmt":"2024-12-24T21:45:04","guid":{"rendered":"https:\/\/247stiri.ro\/index.php\/2024\/12\/24\/cinci-persoane-printre-care-un-copil-de-7-ani-implicate-intr-un-accident-intre-o-masina-si-un-microbuz-video\/"},"modified":"2024-12-24T21:45:04","modified_gmt":"2024-12-24T21:45:04","slug":"cinci-persoane-printre-care-un-copil-de-7-ani-implicate-intr-un-accident-intre-o-masina-si-un-microbuz-video","status":"publish","type":"post","link":"https:\/\/247stiri.ro\/index.php\/2024\/12\/24\/cinci-persoane-printre-care-un-copil-de-7-ani-implicate-intr-un-accident-intre-o-masina-si-un-microbuz-video\/","title":{"rendered":"Cinci persoane, printre care un copil de 7 ani, implicate \u00eentr-un accident \u00eentre o ma\u015fin\u0103 \u015fi un microbuz &#8211; VIDEO"},"content":{"rendered":"<p>\u00cen accident au fost implicate o autoutilitar\u0103 \u015fi o ma\u015fin\u0103 al c\u0103rui \u015fofer a r\u0103mas \u00eencarcerat \u015fi care a fost dus la spital \u00een stare de incon\u015ftien\u0163\u0103, potrivit news.ro.<\/p>\n<p>\u201dPompierii au fost solicita\u0163i s\u0103 intervin\u0103 \u00een comuna Pipirig la un accident rutier produs \u00een satul Leghin. \u00cen accidentul rutier au fost implicate un microbuz (autoutilitar\u0103) \u00een care se aflau un b\u0103rbat \u015fi un copil \u015fi un autoturism \u00een care se aflau trei adul\u0163i. \u00cen urma impactului a rezultat o victim\u0103 \u00eencarcerat\u0103 \u00een autoturism. La locul solicit\u0103rii au fost alocate for\u0163e \u015fi mijloace de interven\u0163ie de la SVSU Pipirig, Deta\u015famentul de pompieri T\u00e2rgu-Neam\u0163 \u015fi SAJ\u201d, a transmis ISU Neam\u0163.<\/p>\n\n<p>Pompierii au intervenit pentru descarcerarea victimei. B\u0103rbatul \u00een v\u00e2rst\u0103 de aproximativ 27 de ani a fost predat \u00een stare de incon\u015ftien\u0163\u0103 unui echipaj SAJ \u00een vederea transportului la spital.<\/p>\n<p>Al\u0163i doi b\u0103rba\u0163i \u015fi un b\u0103iat de 7 ani au fost du\u015fi la spital.<\/p>\n<p>\u201dConduc\u0103torul autoturismului, un b\u0103rbat de 22 de ani a necesitat \u00eengrijiri medicale. Acesta a primit \u00eengrijiri medicale de la echipajul SAJ \u015fi ulterior transportat la spital. Conduc\u0103torul microbuzului, un b\u0103rbat de 35 de ani \u015fi pasagerul, un b\u0103iat de 7 ani, au primit \u00eengrijiri medicale de la echipajele SMURD \u015fi SAJ \u015fi ulterior transporta\u0163i la spital\u201d, a mai precizat ISU Neam\u0163.<\/p>\n<p>Urmeaz\u0103 ca poli\u0163i\u015ftii s\u0103 stabileasc\u0103 exact \u00eemprejur\u0103rile \u00een care a avut loc accidentul.<\/p>","protected":false},"excerpt":{"rendered":"<p>\u00cen accident au fost implicate o autoutilitar\u0103 \u015fi o ma\u015fin\u0103 al c\u0103rui \u015fofer a r\u0103mas&hellip;<\/p>\n","protected":false},"author":0,"featured_media":19014,"comment_status":"open","ping_status":"open","sticky":false,"template":"","format":"standard","meta":{"footnotes":""},"categories":[2],"tags":[],"class_list":["post-19013","post","type-post","status-publish","format-standard","has-post-thumbnail","hentry","category-actual"],"_links":{"self":[{"href":"https:\/\/247stiri.ro\/index.php\/wp-json\/wp\/v2\/posts\/19013","targetHints":{"allow":["GET"]}}],"collection":[{"href":"https:\/\/247stiri.ro\/index.php\/wp-json\/wp\/v2\/posts"}],"about":[{"href":"https:\/\/247stiri.ro\/index.php\/wp-json\/wp\/v2\/types\/post"}],"replies":[{"embeddable":true,"href":"https:\/\/247stiri.ro\/index.php\/wp-json\/wp\/v2\/comments?post=19013"}],"version-history":[{"count":0,"href":"https:\/\/247stiri.ro\/index.php\/wp-json\/wp\/v2\/posts\/19013\/revisions"}],"wp:featuredmedia":[{"embeddable":true,"href":"https:\/\/247stiri.ro\/index.php\/wp-json\/wp\/v2\/media\/19014"}],"wp:attachment":[{"href":"https:\/\/247stiri.ro\/index.php\/wp-json\/wp\/v2\/media?parent=19013"}],"wp:term":[{"taxonomy":"category","embeddable":true,"href":"https:\/\/247stiri.ro\/index.php\/wp-json\/wp\/v2\/categories?post=19013"},{"taxonomy":"post_tag","embeddable":true,"href":"https:\/\/247stiri.ro\/index.php\/wp-json\/wp\/v2\/tags?post=19013"}],"curies":[{"name":"wp","href":"https:\/\/api.w.org\/{rel}","templated":true}]}}