{"id":19015,"date":"2024-12-24T22:45:19","date_gmt":"2024-12-24T22:45:19","guid":{"rendered":"https:\/\/247stiri.ro\/index.php\/2024\/12\/24\/clipe-grele-pentru-un-actor-cunoscut-cum-a-invins-lupta-cu-depresia-si-sindromul-bipolar\/"},"modified":"2024-12-24T22:45:19","modified_gmt":"2024-12-24T22:45:19","slug":"clipe-grele-pentru-un-actor-cunoscut-cum-a-invins-lupta-cu-depresia-si-sindromul-bipolar","status":"publish","type":"post","link":"https:\/\/247stiri.ro\/index.php\/2024\/12\/24\/clipe-grele-pentru-un-actor-cunoscut-cum-a-invins-lupta-cu-depresia-si-sindromul-bipolar\/","title":{"rendered":"Clipe grele pentru un actor cunoscut. Cum a \u00eenvins lupta cu depresia \u0219i sindromul bipolar"},"content":{"rendered":"<p>\u00centr-un interviu acordat publica\u021biei La Repubblica, Cognetti, \u00een v\u00e2rst\u0103 de 46 de ani, a vorbit despre experien\u021ba sa \u0219i despre stigmatul <a href=\"https:\/\/www.realitatea.net\/stiri\/lifestyle\/numarul-de-pasi-poate-reduce-riscul-de-depresie-un-medic-a-anuntat-cati-ar-trebui-sa-facem-zilnic_6769a55e645fa0444e043022\" target=\"_blank\">asociat bolilor mintale,<\/a> afirm\u00e2nd c\u0103 drumul spre vindecare \u00eencepe cu acceptarea de sine.<\/p>\n<p>\u201e\u00cen prim\u0103var\u0103 \u0219i var\u0103, f\u0103r\u0103 un motiv aparent, am fost mu\u0219cat de depresie,\u201d a declarat scriitorul, care tocmai a fost externat dup\u0103 o perioad\u0103 dificil\u0103. El a explicat c\u0103 dup\u0103 fazele ini\u021biale de depresie, a intrat \u00eentr-o etap\u0103 de manie, caracterizat\u0103 de hiperactivitate \u0219i comportamente neobi\u0219nuite.<\/p>\n<p>\u201eCobor\u00e2nd de la refugiul meu de pe Monte Rosa, am intrat \u00eentr-o faz\u0103 creativ\u0103 \u0219i euforic\u0103,\u201d a povestit Cognetti. \u201e\u00centr-o zi, am realizat c\u0103 g\u00e2ndirea \u0219i vorbirea mea deveniser\u0103 accelerate, iar prietenii au observat comportamente ciudate. Pe 4 decembrie, medicul a decis c\u0103 este necesar un tratament medical obligatoriu.\u201d<\/p>\n<p>Recompensat \u00een 2017 cu prestigiosul premiu Strega, cea mai \u00eenalt\u0103 distinc\u021bie literar\u0103 din Italia, pentru Cei opt mun\u021bi, succesul a avut un impact semnificativ asupra fragilit\u0103\u021bii emo\u021bionale a scriitorului. Cognetti a recunoscut c\u0103 \u00een fazele maniacale, judecata sa a fost afectat\u0103. \u201eAm pierdut no\u021biunea pudorii \u0219i a banilor. Am trimis prietenilor fotografii cu mine dezbr\u0103cat \u0219i le-am oferit sume mari de bani,\u201d a m\u0103rturisit el.<\/p>\n<p>\u00cen ciuda \u00eengrijor\u0103rii celor din jur, scriitorul a subliniat c\u0103, din perspectiva sa, temerile lor erau exagerate. \u201eToat\u0103 lumea era alarmat\u0103 c\u0103 a\u0219 putea deveni un pericol pentru mine sau pentru al\u021bii, dar eu nu percepeam situa\u021bia a\u0219a.\u201d<\/p>\n<p>Drumul spre recuperare<\/p>\n<p>Descriind via\u021ba \u00een spital, Cognetti a subliniat provoc\u0103rile adapt\u0103rii la un mediu strict. \u201e\u00cenc\u0103 sunt un anarhist, dar \u00een spital trebuie s\u0103 te supui regulilor. Te trezesc la \u0219ase diminea\u021ba \u0219i \u00ee\u021bi administreaz\u0103 tranchilizante. E\u0219ti viu, dar este ca \u0219i cum ai fi mort,\u201d a spus el.<\/p>\n<p>Cu toate acestea, scriitorul este optimist \u00een privin\u021ba procesului de vindecare. \u201ePentru a vedea din nou lumina, este nevoie de timp,\u201d a ad\u0103ugat el, subliniind <a href=\"https:\/\/www.realitatea.net\/stiri\/sanatate\/planta-medicinala-care-combate-simptomele-menopauzei-si-depresia-face-minuni-in-viata-oamenilor_6750ccd53f18d00797250df3\" target=\"_blank\">importan\u021ba demont\u0103rii stigmatului asociat bolilor mintale.<\/a><\/p>\n<p>Paolo Cognetti sper\u0103 c\u0103 m\u0103rturisirea sa va contribui la o mai mare deschidere fa\u021b\u0103 de aceste afec\u021biuni \u0219i va \u00eencuraja oamenii s\u0103 caute ajutor atunci c\u00e2nd au nevoie. \u201eBolile nervoase nu ar trebui s\u0103 fie o ru\u0219ine de ascuns. Acceptarea propriei identit\u0103\u021bi este primul pas spre vindecare.\u201d<\/p>\n<p>\u00a0<\/p>\n<p>\u00a0<\/p>","protected":false},"excerpt":{"rendered":"<p>\u00centr-un interviu acordat publica\u021biei La Repubblica, Cognetti, \u00een v\u00e2rst\u0103 de 46 de ani, a vorbit&hellip;<\/p>\n","protected":false},"author":0,"featured_media":19016,"comment_status":"open","ping_status":"open","sticky":false,"template":"","format":"standard","meta":{"footnotes":""},"categories":[8],"tags":[],"class_list":["post-19015","post","type-post","status-publish","format-standard","has-post-thumbnail","hentry","category-lifestyle"],"_links":{"self":[{"href":"https:\/\/247stiri.ro\/index.php\/wp-json\/wp\/v2\/posts\/19015","targetHints":{"allow":["GET"]}}],"collection":[{"href":"https:\/\/247stiri.ro\/index.php\/wp-json\/wp\/v2\/posts"}],"about":[{"href":"https:\/\/247stiri.ro\/index.php\/wp-json\/wp\/v2\/types\/post"}],"replies":[{"embeddable":true,"href":"https:\/\/247stiri.ro\/index.php\/wp-json\/wp\/v2\/comments?post=19015"}],"version-history":[{"count":0,"href":"https:\/\/247stiri.ro\/index.php\/wp-json\/wp\/v2\/posts\/19015\/revisions"}],"wp:featuredmedia":[{"embeddable":true,"href":"https:\/\/247stiri.ro\/index.php\/wp-json\/wp\/v2\/media\/19016"}],"wp:attachment":[{"href":"https:\/\/247stiri.ro\/index.php\/wp-json\/wp\/v2\/media?parent=19015"}],"wp:term":[{"taxonomy":"category","embeddable":true,"href":"https:\/\/247stiri.ro\/index.php\/wp-json\/wp\/v2\/categories?post=19015"},{"taxonomy":"post_tag","embeddable":true,"href":"https:\/\/247stiri.ro\/index.php\/wp-json\/wp\/v2\/tags?post=19015"}],"curies":[{"name":"wp","href":"https:\/\/api.w.org\/{rel}","templated":true}]}}