{"id":19027,"date":"2024-12-25T05:45:56","date_gmt":"2024-12-25T05:45:56","guid":{"rendered":"https:\/\/247stiri.ro\/index.php\/2024\/12\/25\/ajunul-craciunului-25-decembrie-insemnatatea-speciala-a-acestei-zi-sfinte\/"},"modified":"2024-12-25T05:45:56","modified_gmt":"2024-12-25T05:45:56","slug":"ajunul-craciunului-25-decembrie-insemnatatea-speciala-a-acestei-zi-sfinte","status":"publish","type":"post","link":"https:\/\/247stiri.ro\/index.php\/2024\/12\/25\/ajunul-craciunului-25-decembrie-insemnatatea-speciala-a-acestei-zi-sfinte\/","title":{"rendered":"Ajunul Cr\u0103ciunului, 25 decembrie. \u00censemn\u0103tatea special\u0103 a acestei zi sfinte"},"content":{"rendered":"<p>&#8222;Na\u015fterea lui Iisus Hristos astfel a fost: fiind logodit\u0103 Preacurata Maica Lui, Fecioara Maria, cu Iosif, b\u0103rbat drept \u015fi b\u0103tr\u00e2n cu anii &#8211; c\u0103ci era de 80 de ani \u015fi, sub chipul \u00eenso\u0163irii, dup\u0103 m\u0103rturia Sf\u00e2ntului Grigore de Nissa \u015fi a Sf\u00e2ntului Epifanie al Ciprului, a fost dat\u0103 lui pentru paza fecioriei \u015fi pentru purtarea de grij\u0103 pentru d\u00e2nsa, mai \u00eenainte p\u00e2n\u0103 a nu se aduna ei. Iosif era numai cu p\u0103rerea b\u0103rbat Mariei, iar de fapt era p\u0103zitor al fecioriei ei celei sfin\u0163ite lui Dumnezeu, martor cu ochii \u015fi v\u0103z\u0103tor al vie\u0163ii ei celei f\u0103r\u0103 prihan\u0103. C\u0103ci a\u015fa a vrut Dumnezeu, s\u0103 t\u0103inuiasc\u0103 \u00eenaintea diavolului taina \u00eentrup\u0103rii Sale din Preacurata Fecioar\u0103, acoperind prin logodire fecioria Preasfintei Maicii Sale, ca s\u0103 nu cunoasc\u0103 vr\u0103jma\u015ful c\u0103 aceasta este fecioara aceea, despre care a zis Isaia mai \u00eenainte: Iat\u0103 fecioara va lua \u00een p\u00e2ntece&#8221;. (Vie\u0163ile Sfin\u0163ilor)Potrivit Sfintei Scripturi \u015fi Sfintei Tradi\u0163ii, Sf\u00e2nta Fecioar\u0103 Maria, merg\u00e2nd cu Sf\u00e2ntul \u015fi Dreptul Iosif, care era descendent din casa \u015fi neamul regelui David, de la Nazaret la Betleem, cetatea lui David, spre a se \u00eenscrie, a n\u0103scut pe Iisus \u00eentr-un staul de animale de la marginea cet\u0103\u0163ii.La marginea c\u00e2mpului, \u00een noaptea sf\u00e2nt\u0103, \u00eengerul a vestit p\u0103storilor Na\u015fterea M\u00e2ntuitorului lumii.&#8221;\u00cen preajma pe\u015fterii acelea, \u00een care S-a n\u0103scut Hristos, era un turn ca la o mie de st\u00e2njeni departe, ce se numea Ader, slujind de locuin\u0163\u0103 p\u0103storilor. Acolo \u00een acea noapte s-a \u00eent\u00e2mplat c\u0103 nu dormeau trei p\u0103stori, care \u00ee\u015fi str\u0103juiau turma lor; \u015fi iat\u0103, cel mai \u00eent\u00e2i st\u0103t\u0103tor \u00eentre puterile cere\u015fti, pe care \u00eel socote\u015fte Sf\u00e2ntul Ciprian c\u0103 este binevestitorul Gavriil, s-a ar\u0103tat lor \u00een mare lumin\u0103, str\u0103lucind cu slav\u0103 cereasc\u0103 \u015fi cu aceea\u015fi lumin\u0103 str\u0103lucindu-i \u015fi pe d\u00e2n\u015fii, iar ei, v\u0103z\u00e2ndu-l, foarte s-au \u00eenfrico\u015fat. Dar \u00eengerul ce s-a ar\u0103tat, le-a poruncit s\u0103 lase frica \u015fi s\u0103 nu se team\u0103 \u015fi le-a vestit bucuria ce venise la toat\u0103 lumea prin na\u015fterea M\u00e2ntuitorului. Apoi le-a spus \u015fi semnul bunei sale vestiri, celei nemincinoase: Ve\u0163i afla, zice, un Prunc \u00eenf\u0103\u015fat culcat \u00een iesle.Acestea vorbind \u00eengerul c\u0103tre d\u00e2n\u015fii, \u00eendat\u0103 s-au auzit \u00een v\u0103zduh cete \u00eengere\u015fti, l\u0103ud\u00e2nd pe Dumnezeu \u015fi zic\u00e2nd: &#8216;Slav\u0103 \u00eentru cei de sus lui Dumnezeu \u015fi pe p\u0103m\u00e2nt pace, \u00eentre oameni bun\u0103voire&#8217;. Dup\u0103 vederea aceea a \u00eengerului \u015fi dup\u0103 c\u00e2nt\u0103rile auzite, sf\u0103tuindu-se p\u0103storii, s-au dus degrab\u0103 p\u00e2n\u0103 la Betleem ca s\u0103 vad\u0103 de sunt adev\u0103rate, cele ce li s-au spus lor de c\u0103tre \u00eenger. \u015ei au aflat pe Preacurata Fecioar\u0103 Maria, N\u0103sc\u0103toarea de Dumnezeu, pe Sf\u00e2ntul Iosif, logodnicul ei, precum \u015fi Pruncul \u00eenf\u0103\u015fat \u015fi pus \u00een iesle.Crez\u00e2nd f\u0103r\u0103 \u00eendoial\u0103 c\u0103 Acela este Hristos Domnul, Mesia cel a\u015fteptat, Care a venit \u00een lume s\u0103 m\u00e2ntuiasc\u0103 neamul omenesc, s-au \u00eenchinat Lui \u015fi au spus toate cele ce au auzit \u015fi ceea ce li s-a spus de \u00eenger, despre Pruncul Acela. Atunci to\u0163i cei ce auzeau, adic\u0103 Iosif, Salomeea \u015fi cei ce se \u00eent\u00e2mplaser\u0103 de veniser\u0103 \u00een acea vreme acolo, se mirau de cele gr\u0103ite de p\u0103stori. Mai ales Preacurata Fecioar\u0103 Maria, care n\u0103scuse f\u0103r\u0103 stric\u0103ciune, p\u0103stra toate graiurile acestea pun\u00e2ndu-le \u00een inima sa. \u015ei s-au \u00eentors p\u0103storii, l\u0103ud\u00e2nd \u015fi binecuv\u00e2nt\u00e2nd pe Dumnezeu&#8221;. (surs\u0103: Vie\u0163ile Sfin\u0163ilor).<\/p>\n<p><a title=\"Traditii si obiceiuri de Craciun. Ce sa faci neaparat in prima zi pentru noroc, spor si sanatate\" href=\"https:\/\/www.realitatea.net\/stiri\/lifestyle\/traditii-si-obiceiuri-de-craciun-ce-sa-faci-neaparat-in-prima-zi-pentru-noroc-spor-si-sanatate_676b0b06839caf74fc70c332\">Tradi\u021bii \u0219i obiceiuri de Cr\u0103ciun. Ce s\u0103 faci neap\u0103rat \u00een prima zi pentru noroc, spor \u0219i s\u0103n\u0103tate<\/a><\/p>\n<p>\u00a0<\/p>","protected":false},"excerpt":{"rendered":"<p>&#8222;Na\u015fterea lui Iisus Hristos astfel a fost: fiind logodit\u0103 Preacurata Maica Lui, Fecioara Maria, cu&hellip;<\/p>\n","protected":false},"author":0,"featured_media":19022,"comment_status":"open","ping_status":"open","sticky":false,"template":"","format":"standard","meta":{"footnotes":""},"categories":[2],"tags":[],"class_list":["post-19027","post","type-post","status-publish","format-standard","has-post-thumbnail","hentry","category-actual"],"_links":{"self":[{"href":"https:\/\/247stiri.ro\/index.php\/wp-json\/wp\/v2\/posts\/19027","targetHints":{"allow":["GET"]}}],"collection":[{"href":"https:\/\/247stiri.ro\/index.php\/wp-json\/wp\/v2\/posts"}],"about":[{"href":"https:\/\/247stiri.ro\/index.php\/wp-json\/wp\/v2\/types\/post"}],"replies":[{"embeddable":true,"href":"https:\/\/247stiri.ro\/index.php\/wp-json\/wp\/v2\/comments?post=19027"}],"version-history":[{"count":0,"href":"https:\/\/247stiri.ro\/index.php\/wp-json\/wp\/v2\/posts\/19027\/revisions"}],"wp:featuredmedia":[{"embeddable":true,"href":"https:\/\/247stiri.ro\/index.php\/wp-json\/wp\/v2\/media\/19022"}],"wp:attachment":[{"href":"https:\/\/247stiri.ro\/index.php\/wp-json\/wp\/v2\/media?parent=19027"}],"wp:term":[{"taxonomy":"category","embeddable":true,"href":"https:\/\/247stiri.ro\/index.php\/wp-json\/wp\/v2\/categories?post=19027"},{"taxonomy":"post_tag","embeddable":true,"href":"https:\/\/247stiri.ro\/index.php\/wp-json\/wp\/v2\/tags?post=19027"}],"curies":[{"name":"wp","href":"https:\/\/api.w.org\/{rel}","templated":true}]}}