{"id":19146,"date":"2024-12-25T18:44:49","date_gmt":"2024-12-25T18:44:49","guid":{"rendered":"https:\/\/247stiri.ro\/index.php\/2024\/12\/25\/papa-francisc-a-cerut-in-mesajul-sau-de-craciun-sa-taca-armele-in-ucraina-fasia-gaza-si-sudan\/"},"modified":"2024-12-25T18:44:49","modified_gmt":"2024-12-25T18:44:49","slug":"papa-francisc-a-cerut-in-mesajul-sau-de-craciun-sa-taca-armele-in-ucraina-fasia-gaza-si-sudan","status":"publish","type":"post","link":"https:\/\/247stiri.ro\/index.php\/2024\/12\/25\/papa-francisc-a-cerut-in-mesajul-sau-de-craciun-sa-taca-armele-in-ucraina-fasia-gaza-si-sudan\/","title":{"rendered":"Papa Francisc a cerut \u00een mesajul s\u0103u de Cr\u0103ciun \u201ds\u0103 tac\u0103 armele\u201d \u00een Ucraina, F\u00e2\u015fia Gaza \u015fi Sudan"},"content":{"rendered":"<p>Ca \u00een fiecare an, \u00een tradi\u0163ionalul s\u0103u mesaj &#8222;Urbi et Orbi&#8221; (adresat ora\u015fului Roma \u015fi lumii) transmis \u00een direct prin mondoviziune, liderul celor 1,4 miliarde de catolici a f\u0103cut un tur de orizont al principalelor conflicte \u015fi focare de tensiuni \u00een cele dou\u0103 emisfere, relateaz\u0103 AFP, citat de News.ro.<\/p>\n<p>El a cerut \u201ds\u0103 tac\u0103 armele \u00een Ucraina martirizat\u0103\u201d \u015fi \u201dgesturi de dialog\u201d \u00een vederea unei \u201dp\u0103ci drepte \u015fi durabile\u201d, dup\u0103 ce Rusia a lansat miercuri diminea\u0163a peste 70 de rachete \u00eempotriva re\u0163elei energetice ucrainene \u00een ziua Cr\u0103ciunului.<\/p>\n<p>O \u201dSITUA\u0162IE UMANITAR\u0102 DEZASTRUOAS\u0102\u201d<\/p>\n<p>\u00cen fa\u0163a c\u00e2torva mii de credincio\u015fi, reuni\u0163i \u00een Pia\u0163a Sf\u00e2ntul Petru, la Vatican, Papa \u00een v\u00e2rst\u0103 de 88 de ani, cu o voce g\u00e2f\u00e2it\u0103, a denun\u0163at din nou \u201dsitua\u0163ia umanitar\u0103 dezastruoas\u0103\u201d din F\u00e2\u015fia Gaza \u015fi \u015fi-a reiterat apelul la o \u00eencetare a focului \u015fi la eliberarea ostaticilor israelieni de c\u0103tre Hamas.<\/p>\n<p>Mar\u0163i seara, \u00een slujba de Cr\u0103ciun, el a denun\u0163at \u201dcopiii mitralia\u0163i\u201d, \u201dbombele \u00eempotriva \u015fcolilor sau spitalelor\u201d, referindu-se la atacurile israeliene din F\u00e2\u015fia Gaza, c\u0103rora le-a denun\u0163at s\u0103pt\u0103m\u00e2na aceasta \u201dcruzimea\u201d, declara\u0163ii \u00eempotriva c\u0103rora diploma\u0163ia israelian\u0103 a protestat.<\/p>\n<p>Iezuitul argentinian a cerut facilitarea ajutorului umanitar \u00een Sudan, deavstat de 20 de luni de r\u0103zboi, \u00een care foametea, care afecteaz\u0103 milioane de deplasa\u0163i, risc\u0103 s\u0103 se extind\u0103, avertizeaz\u0103 ONU.<\/p>\n<p>\u00cen R\u0103zboiul din Sudan au fost ucise zeci de mii de oameni, iar 12 milioane de sudanezi au fost dezr\u0103d\u0103cina\u0163i \u00een cea mai mare criz\u0103 a deplasa\u0163ilor din lume denun\u0163\u0103 ONU.<\/p>\n<p>PESTE 18 \u0162\u0102RI CITATE<\/p>\n<p>De la Myanmar la Haiti, trec\u00e2nd prin Mali, Venezuela sau Cipru, Papa Francisc a citat 18 \u0163\u0103ri \u015fi a insistat asupra Orientului Mijlociu \u201dsf\u00e2\u015fiat de conflicte\u201d.<\/p>\n<p>Episcopul Romei s-a declarat \u201dapropiat de comunitatea cre\u015ftin\u0103 din Liban\u201d \u015fi de \u201dcea din Siria \u00een aceast\u0103 perioad\u0103 at\u00e2t de delicat\u0103\u201d, marcat\u0103 de o nou\u0103 putere islamist\u0103, \u00een care cre\u015ftinii se tem cu privire la viitorul lor.<\/p>\n<p>Cu privire la Africa, el s-a rugat pentru \u201dfamiliile miilor de copii care mor de o epidemie de rujeol\u0103 \u00een Republica Democratic\u0103 Congo (RDC)\u201d \u015fi pentru locuitorii din \u201dBurkina Faso, Mali, Niger \u015fi Mozambic\u201d.<\/p>\n<p>\u201dCriza umanitar\u0103 care-o love\u015fte este cauzat\u0103 \u00een principal de conflictele armate \u015fi flagelul terorismului\u201d, a depl\u00e2ns Papa.<\/p>\n<p>\u201dEa este agravt\u0103 de efectele devastatoare ale modific\u0103rilor climatice care antreneaz\u0103 pierderi de vie\u0163i omene\u015fti \u015fi deplaseaz\u0103 milioane de persoane\u201d, a ad\u0103ugat el.<\/p>\n<p>\u201dSPARGEREA ZIDURILOR\u201d<\/p>\n<p>Francisc \u015fi-a evocat continentul american natal \u015fi le-a cerut liderilor s\u0103 depun\u0103 eforturi \u201ds\u0103 construiasc\u0103 \u015fi s\u0103 redescopere demnitatea fiec\u0103rei persoane, dincolo de clivajele politice\u201d.<\/p>\n<p>F\u0103r\u0103 s\u0103 citeze Statele Unite, unde pre\u015fedintele ales Donald Trump amenin\u0163\u0103 s\u0103 expulzeze milioane de migran\u0163i, Francisc a cerut s\u0103 se \u201dsparg\u0103 toate zidurile separ\u0103rii: zidurile ideologice, care marcheaz\u0103 at\u00e2t de adesea via\u0163a politic\u0103, \u015fi zidurile fizice\u201d.<\/p>\n<p>Jorge Bergoglio \u015fi-a reiterat apelul la anularea datoriilor celor mai s\u0103race \u0163\u0103ri, cu ocazia Jubileului 2025, pe care l-a lansat mar\u0163i seara, \u201dAnul Sf\u00e2nt\u201d al Biserii Catolice, organizat o dat\u0103 la un sfert de secol, \u00een cadrul c\u0103ruia sunt a\u015ftepta\u0163i peste 30 de milioane de pelerini la Roma.<\/p>","protected":false},"excerpt":{"rendered":"<p>Ca \u00een fiecare an, \u00een tradi\u0163ionalul s\u0103u mesaj &#8222;Urbi et Orbi&#8221; (adresat ora\u015fului Roma \u015fi&hellip;<\/p>\n","protected":false},"author":0,"featured_media":19143,"comment_status":"open","ping_status":"open","sticky":false,"template":"","format":"standard","meta":{"footnotes":""},"categories":[2],"tags":[],"class_list":["post-19146","post","type-post","status-publish","format-standard","has-post-thumbnail","hentry","category-actual"],"_links":{"self":[{"href":"https:\/\/247stiri.ro\/index.php\/wp-json\/wp\/v2\/posts\/19146","targetHints":{"allow":["GET"]}}],"collection":[{"href":"https:\/\/247stiri.ro\/index.php\/wp-json\/wp\/v2\/posts"}],"about":[{"href":"https:\/\/247stiri.ro\/index.php\/wp-json\/wp\/v2\/types\/post"}],"replies":[{"embeddable":true,"href":"https:\/\/247stiri.ro\/index.php\/wp-json\/wp\/v2\/comments?post=19146"}],"version-history":[{"count":0,"href":"https:\/\/247stiri.ro\/index.php\/wp-json\/wp\/v2\/posts\/19146\/revisions"}],"wp:featuredmedia":[{"embeddable":true,"href":"https:\/\/247stiri.ro\/index.php\/wp-json\/wp\/v2\/media\/19143"}],"wp:attachment":[{"href":"https:\/\/247stiri.ro\/index.php\/wp-json\/wp\/v2\/media?parent=19146"}],"wp:term":[{"taxonomy":"category","embeddable":true,"href":"https:\/\/247stiri.ro\/index.php\/wp-json\/wp\/v2\/categories?post=19146"},{"taxonomy":"post_tag","embeddable":true,"href":"https:\/\/247stiri.ro\/index.php\/wp-json\/wp\/v2\/tags?post=19146"}],"curies":[{"name":"wp","href":"https:\/\/api.w.org\/{rel}","templated":true}]}}