{"id":19157,"date":"2024-12-25T22:45:15","date_gmt":"2024-12-25T22:45:15","guid":{"rendered":"https:\/\/247stiri.ro\/index.php\/2024\/12\/25\/dezvaluirile-care-dinamiteaza-din-temelii-statul-paralel-ce-se-intampla-de-fapt-in-sufrageria-lui-oprea-generalul-cu-4-stele-face-lumina-ce-jocuri-facea-dan-andronic-si-cum-actiona-florian-colde\/"},"modified":"2024-12-25T22:45:15","modified_gmt":"2024-12-25T22:45:15","slug":"dezvaluirile-care-dinamiteaza-din-temelii-statul-paralel-ce-se-intampla-de-fapt-in-sufrageria-lui-oprea-generalul-cu-4-stele-face-lumina-ce-jocuri-facea-dan-andronic-si-cum-actiona-florian-colde","status":"publish","type":"post","link":"https:\/\/247stiri.ro\/index.php\/2024\/12\/25\/dezvaluirile-care-dinamiteaza-din-temelii-statul-paralel-ce-se-intampla-de-fapt-in-sufrageria-lui-oprea-generalul-cu-4-stele-face-lumina-ce-jocuri-facea-dan-andronic-si-cum-actiona-florian-colde\/","title":{"rendered":"Dezv\u0103luirile care dinamiteaz\u0103 din temelii Statul Paralel: ce se \u00eent\u00e2mpla, de fapt, \u00een sufrageria lui Oprea? Generalul cu 4 stele face lumin\u0103 &#8211; ce jocuri f\u0103cea Dan Andronic \u0219i cum ac\u021biona Florian Coldea &#8211; VIDEO"},"content":{"rendered":"<p>Alexia Ditcov: Este un interviu special cu o persoan\u0103 special\u0103. Spun asta pentru c\u0103 s-au \u00eenv\u00e2rtit foarte multe controverse pe care ast\u0103zi le vom l\u0103muri. Se vor da c\u0103r\u021bile pe fa\u021b\u0103, pentru c\u0103 este un fost politician care a f\u0103cut parte din cercurile puterii, dar \u0219i un militar cu o experien\u021b\u0103 extraordinar\u0103 recunoscut\u0103 at\u00e2t la nivel na\u021bional, c\u00e2t \u0219i la nivel interna\u021bional.<\/p>\n<p>\u00a0<\/p>\n<p>General de patru stele \u00een rezerv\u0103, av\u00e2nd \u00een vedere c\u0103 eu cred c\u0103 un important punct \u00een aceast\u0103 carier\u0103 l-a avut \u0219i tat\u0103l acestuia, care a murit pe c\u00e2nd el avea 10 ani. Fiindc\u0103 ast\u0103zi vreau s\u0103 l\u0103murim foarte multe aspecte controversate \u0219i mai ales s\u0103 d\u0103m c\u0103r\u021bile pe fa\u021b\u0103<\/p>\n<p>\u00a0<\/p>\n<p>Gabriel Oprea: Este pentru prim\u0103 oar\u0103 c\u00e2nd vorbesc exact despre toate aceste lucruri. Vreau s\u0103 v\u0103 mul\u021bumesc \u0219i vreau s\u0103-i salut pe rom\u00e2nii, telespectatorii dumneavoastr\u0103, telespectatorii Realitatea.<\/p>\n\n<p>\u00ceNTREBARE: Domnule general, sunt foarte multe controverse. De-a lungul timpului, au fost foarte multe discu\u021bii despre cariera dumneavoastr\u0103 politic\u0103, despre cariera militar\u0103, despre sufrageria lui Oprea. A\u021bi scris inclusiv o carte despre acest lucru. Dar \u00een special v-a\u021bi p\u0103strat deviza: Dumnezeu patrie, familie, onoare.<\/p>\n<p>\u00a0<\/p>\n<p>G.O.: Ca s\u0103 vorbesc despre momentul, cum dumneavoastr\u0103 a\u021bi spus, sufrageria lui Oprea, de acest moment de tip intelligence, de tip securist, trebuie s\u0103 vorbesc de anul 2015. \u00cen anul 2015, ca vicepremier pe Securitate Na\u021bional\u0103, ministru de Interne, chiar premier interimar, eram pre\u0219edintele UNPR-ului, un partid de peste 500.000 de membri, un partid, eram pe contrasens politic evident, un partid de interes na\u021bional, imnul partidului era, este \u0219i va fi Noi suntem rom\u00e2ni, cu ceea ce reprezint\u0103 mai ales ast\u0103zi. Aveam 65 de parlamentari, 43 de deputa\u021bi \u0219i 22 de senatori. Cu alte cuvinte, stabileam majoritatea \u00een Parlamentul Rom\u00e2niei, cu ceea ce \u00eenseamn\u0103 putere. \u0218i am adus o stabilitate. Vreau s\u0103 v\u0103 spun c\u0103 am f\u0103cut parte din patru guverne, dou\u0103 guverne de centru-dreapta \u0219i dou\u0103 guverne de centru-st\u00e2nga. Dou\u0103 guverne de centru-dreapta, m\u0103 refer la guvernul Boc \u0219i guvernul Ungureanu, \u00eentr-o perioad\u0103 complicat\u0103 din punct de vedere economic, f\u0103r\u0103 s\u0103 spunem vorbe mari, \u021b\u0103ri \u00een lume s-au prebu\u0219it economic, chiar l\u00e2ng\u0103 noi, Bulgaria atunci. \u0218i noi am pus um\u0103rul din greu s\u0103 dep\u0103\u0219im aceast\u0103 perioad\u0103 complicat\u0103 \u0219i grea pentru Rom\u00e2nia. \u0218i dou\u0103 guverne de centru-st\u00e2nga, guvernul PSD-UNPR, dou\u0103 guverne Ponta, \u00een care, vreau s\u0103 v\u0103 spun c\u0103 acest guvern a fost apreciat din punct de vedere economic de rom\u00e2ni. \u00cen aceast\u0103 calitate, eu, ca militar, cum a\u021bi spus \u0219i dumneavoastr\u0103, sunt copil de militar. Tat\u0103l meu, capitanul Oprea Marin, a murit c\u00e2nd aveam 10 ani \u0219i a murit la unitate, la datorie, \u00een misiune. Am f\u0103cut \u00een primul r\u00e2nd Legea 223 pentru militari \u0219i poli\u021bi\u0219ti. C\u00e2nd vorbesc de militari \u0219i poli\u021bi\u0219ti, vorbesc de militarii din Ministerul Ap\u0103r\u0103rii Na\u021bionale, militarii din Ministerul de Interne, jandarmi, pompieri, vorbesc de militari din celelalte structuri de securitate na\u021bional\u0103, SRI, SIE, SPP, STS \u0219i vorbesc de poli\u021bi\u0219ti, poli\u021bi\u0219ti de frontier\u0103 \u0219i poli\u021bi\u0219ti de penitenciar.<\/p>\n<p>\u00a0<\/p>\n<p>Ace\u0219ti oameni, \u0219i cred c\u0103 acum to\u021bii rom\u00e2ni, \u0219i-au dat seama \u00een acest context complicat, cu r\u0103zboi la grani\u021b\u0103, cu ce se \u00eent\u00e2mpl\u0103 \u00een Orientul Mijlociu, reprezint\u0103 \u00een orice stat NATO sau membru al Uniunii Europene. \u0218i acum vorbim de Rom\u00e2nia, coloana vertebral\u0103 a statului rom\u00e2n. Adic\u0103, cu alte cuvinte, siguran\u021ba noastr\u0103, a copiilor no\u0219tri \u00een interior \u0219i siguran\u021ba la grani\u021bele \u021b\u0103rii&#8230;<\/p>\n<p>\u00a0<\/p>\n<p>\u0218i acum cred c\u0103 \u00een\u021belegem to\u021bi mai bine ce \u00eenseamn\u0103 asta. Aceast\u0103 securitate, care \u00eentr-adev\u0103r cost\u0103, e asigurat\u0103 de ace\u0219ti oameni. E asigurat\u0103 de militarii \u0219i poli\u021bi\u0219tii activi, pe care totdeauna trebuie s\u0103-i dot\u0103m bine \u0219i s\u0103 fie cu drepturile la zi, ca s\u0103 poat\u0103 s\u0103-\u0219i \u00eendeplineasc\u0103 misiunile, adic\u0103 asigur\u0103 siguran\u021ba na\u021bional\u0103 \u00een interior, lini\u0219tea noastr\u0103, a grani\u021bei \u021b\u0103rii. \u0218i cei \u00een rezerv\u0103 \u0219i \u00een retragere. De ce spun \u00een rezerv\u0103? E bine s\u0103 se \u00een\u021beleag\u0103. Datoria s\u0103-\u021bi aperi \u021bara este \u0219i un drep \u0219i o obliga\u021bie scris\u0103 \u00een Constitu\u021bie. \u00cen caz de r\u0103zboi, tinerii \u00eentre 18 \u0219i 35 de ani, spune Constitu\u021bia, trebuie s\u0103 mearg\u0103 s\u0103-\u0219i apere \u021bara. Militarii \u0219i poli\u021bi\u0219tii \u00een rezerv\u0103 p\u00e2n\u0103 la 62 de ani \u00eemplini\u021bi au acest drept \u0219i aceast\u0103 obliga\u021bie. Au jurat s\u0103-\u0219i apere \u021bara, chiar cu pre\u021bul vie\u021bii.<\/p>\n<p>\u00a0<\/p>\n<p>\u0218i vreau s\u0103 v\u0103 spun, primiii care au plecat s\u0103-\u0219i apere \u021bara \u0219i au murit \u00een Ucraina, de exemplu, au fost militarii \u0219i poli\u021bi\u0219tii activi \u0219i \u00een rezerv\u0103 din Ucraina. De aceea v\u0103 spun c\u0103 oric\u00e2nd se face un sondaj, oric\u00e2nd \u0219i oriunde \u00een Rom\u00e2nia ast\u0103zi, \u00een primele locuri sunt armata \u0219i biserica. Principiul, de regul\u0103, \u00een general, al rom\u00e2nilor patrio\u021bi, \u0219i \u00een special al militarilor \u0219i poli\u021bi\u0219tilor activi \u00een rezerv\u0103 \u0219i \u00een retragere, este Dumnezeu, patrie, familie, care-i patria mic\u0103, \u0219i onoare.<\/p>\n<p>\u00a0<\/p>\n<p>Cred c\u0103, f\u0103r\u0103 s\u0103 folosim cuvinte mari, Rom\u00e2nia are ast\u0103zi nevoie mai mult ca oric\u00e2nd de onoare \u0219i de demnitate.<\/p>\n<p>\u00a0<\/p>\n<p>Acest sector de securitatea na\u021bional\u0103, militarii \u0219i poli\u021bi\u0219tii activi \u00een rezerv\u0103 \u0219i \u00een retragere, sunt aproximativ 500 de mii de oameni. Aproximativ 300 de mii activi \u0219i 200 de mii \u00een rezerv\u0103.<\/p>\n<p>\u00a0<\/p>\n<p>\u00cen acest context, s-a f\u0103cut un sondaj \u00een august 2015, \u00een care eu, ca ministru, vicepremier, ministru de Interne, premier interimar, aveam \u00eencredere \u0219i mult\u0103 \u00eencredere, 53%. A fost f\u0103cut de IRES, preluat de mass media \u0219i de principalele televiziuni, inclusiv de Realitatea TV. Era printre cele mai mari, dac\u0103 nu cea mai mare la momentul respectiv.<\/p>\n<p>\u00a0<\/p>\n<p>\u00cen acest context, \u0219i de prosperitate economic\u0103, am f\u0103cut Legea 223. O lege dreapt\u0103 \u0219i corect\u0103. Parc\u0103 \u00eentrez\u0103ream ce se \u00eent\u00e2mpl\u0103 acum \u00een lume.<\/p>\n<p>\u00a0<\/p>\n<p>\u00cemi spun unii speciali\u0219ti militari c\u0103 ne apropiem, sunt convins c\u0103 va fi pace, de Al Treilea R\u0103zboi Mondial. Parca am \u00eentrez\u0103rit, \u00een sensul s\u0103 dot\u0103m militarii \u0219i poli\u021bi\u0219tii, sectorul de securitate, \u0219i s\u0103 le d\u0103m drepturile la zi. Am f\u0103cut Legea 223, am trecut-o ca premier \u00een func\u021bie \u0219i ca senator \u00een Senatul Rom\u00e2niei, f\u0103r\u0103 niciun vot \u00eempotriv\u0103, \u0219i a func\u021bionat \u00eentre 1 ianuarie 2016 \u0219i 15 septembrie 2017. Un an \u0219i nou\u0103 luni. Spuneam o lege dreapt\u0103, \u00een sensul c\u0103 pensiile militare, de exemplu, sunt pensii, nu speciale, sunt ocupa\u021bionale de la Cuza, plec\u00e2nd. \u0218i astea oriunde \u00een lume, \u00een orice stat NATO.<\/p>\n<p>\u00a0<\/p>\n<p>Spuneam c\u0103 a r\u0103mas f\u0103r\u0103 tat\u0103 la 10 ani. Te marcheaz\u0103. Mi-am dorit s\u0103 ajung ofi\u021ber de justi\u021bie militar\u0103, c\u0103 am aflat c\u0103 doar ei afl\u0103 \u00eentotdeauna adev\u0103rul, fiindc\u0103 a murit tata, a r\u0103mas mama v\u0103duv\u0103 cu doi copii, la 33 de ani, f\u0103r\u0103 niciun sprijin. \u0218i spunea cineva acolo, c\u00e2nd \u00eel duceam pe tata la cimitir, c\u0103 doar justi\u021bia militar\u0103 \u0219tie ce s-a \u00eent\u00e2mplat, fiindc\u0103 dac\u0103, ar fi trebuit s\u0103 ne dea ni\u0219te drepturi.<\/p>\n<p>\u00a0<\/p>\n<p>Am \u00een\u021beles, s-a mu\u0219amalizat. Am \u00een\u021beles contextul de atunci, important ce am f\u0103cut eu. Via\u021ba a f\u0103cut s\u0103 ajung \u0219i ofi\u021ber de justi\u021bie militar\u0103. Am f\u0103cut o \u0219coal\u0103 de ofi\u021beri la Sibiu, ofi\u021ber de logistic\u0103, apoi m-am intrat la Drept la stat, 36 pe loc Universitatea Bucure\u0219ti. Am ajuns \u0219i ofi\u021ber de justi\u021bie militar\u0103, am ajuns \u0219i ministru al Ap\u0103r\u0103rii, important ce am f\u0103cut. Am schimbat legile.<\/p>\n<p>\u00a0<\/p>\n<p>\u00centotdeauna trebuie privi\u021bi cu pu\u021bin mai mult\u0103 aten\u021bie ace\u0219ti oameni care jur\u0103 pe ceva sacru. Pe \u021bar\u0103, pe Rom\u00e2nia. S\u0103-\u0219i apere \u021bara cu pre\u021bul vie\u021bii.<\/p>\n<p>\u00a0<\/p>\n<p>Se bazeaz\u0103 \u00eentotdeauna pe unitate de corp, pe camaraderie. Le-am angajat la cerere. V\u0103d, de obicei, femeile, mor b\u0103rba\u021bii \u00een teatrele de opera\u021bii sau pe teritoriu na\u021bional.<\/p>\n<p>\u00a0<\/p>\n<p>Le-am angajat la cerere, adic\u0103 imediat armata i-a primit, sau poli\u021bia, ca s\u0103 nu se mai simt\u0103 singure. Iar copiilor care vreau, v\u0103 da\u021bi seama, \u00een contextul c\u00e2nd le moare un p\u0103rinte, totu\u0219i vor s\u0103 urmeze cariera p\u0103rintelui. Intr\u0103 \u0219i acum \u00een \u0219colile de ofi\u021beri, academii militare, de poli\u021bie, f\u0103r\u0103 examen.<\/p>\n<p>\u00a0<\/p>\n<p>Am schimbat soarta&#8230; Coloana vertebral\u0103 a armatei rom\u00e2ne o reprezint\u0103 militarii profesioni\u0219ti. Sunt aproximativ 50.000 de oameni \u00een toate structurile de securitate, cei mai mul\u021bi la Ministerul Ap\u0103r\u0103rii Na\u021bionale. Ace\u0219ti oameni \u00eenainte se numeau solda\u021bi \u0219i grada\u021bi voluntari, \u00een sensul c\u0103 f\u0103cea armata cu ei un contract, de regul\u0103 le folosea resursa, c\u00e2t erau tineri, p\u00e2n\u0103 la 40 de ani.<\/p>\n<p>\u00a0<\/p>\n<p>La 40 de ani, cu familie, cu datorii la b\u0103nci \u0219i copii mici, erau da\u021bi afar\u0103. Am luat modelul american, le-am schimbat acestor oameni soarta, ca s\u0103 spun a\u0219a, demnitatea, numindu-i militari profesioni\u0219ti \u0219i, \u00een trei trepte, p\u00e2n\u0103 la 55 de ani, pot r\u0103m\u00e2ne, dup\u0103 ce \u00ee\u0219i dau \u0219i toate testele fizice, cu drept la pensie \u0219i le-am redat onoarea, \u00een sensul c\u0103 sunt militari profesioni\u0219ti. Conteaz\u0103 foarte mult onoarea \u00een aceast\u0103 zon\u0103 de securitate na\u021bional\u0103.<\/p>\n<p>\u00a0<\/p>\n<p>Deci spuneam c\u0103, \u00een august 2015, se poate verifica, aveam cea mai mult\u0103 \u00eencredere, Rom\u00e2nia avea cea mai mult\u0103 \u00eencredere \u0219i mult\u0103 \u00eencredere \u00een mine. \u00cen momentul, acela mi s-a propus s\u0103-l dau jos pe Victor Ponta, primul ministru al Rom\u00e2niei. Eu mai fusesem premier de mai multe ori, chiar cu decret preziden\u021bial. Am refuzat s\u0103 fac acest lucru. Am refuzat \u00een primul r\u00e2nd, sunt cunoscu\u021bi \u0219i v\u0103 rog s\u0103 v\u0103 interesa\u021bi, \u0219i prietenii \u0219i oameni care nu sunt prieteni, \u201cDomule, dac\u0103 ba\u021bi palma cu Oprea, se \u021bine de cuv\u00e2nt\u201d. \u00centr-adev\u0103r, acum am mai mult\u0103 experien\u021b\u0103, nu mai \u00eemi dau cuv\u00e2ntul oricui. Am refuzat c\u0103 a\u0219a era corect.<\/p>\n<p>\u00a0<\/p>\n<p>Guvernarea PSD-UNPR mergea foarte bine, \u00eemi f\u0103ceam treaba ca vicepremier pe securitate na\u021bional\u0103, mai fusesem prim ministru, cu decret preziden\u021bial, a\u0219a face un om de onoare. \u00ce\u0219i \u021bine cuv\u00e2ntul. Am refuzat.<\/p>\n<p>\u00a0<\/p>\n<p>\u00ceNTREBARE: \u0218i crede\u021bi c\u0103 atunci a\u021bi devenit o \u021bint\u0103?<\/p>\n<p>\u00a0<\/p>\n<p>G.O: Eu cred \u00een Dumnezeu, fiindc\u0103 m-a ajutat la greu. Am plecat \u00een Statele Unite ale Americii, am avut o vizit\u0103 oficial\u0103 cu Loretta Lynch, ministrul Justi\u021biei, procurorul general al Statelor Unite, \u00een care s-au ridicat ultimele condi\u021bii tehnice \u00eendeplinite de Rom\u00e2nia. Dup\u0103 mai erau condi\u021bii politice ale Congresului, care de fapt s-au \u00eendeplinit.<\/p>\n<p>Prin munca celor de la Ministerul de Externe \u0219i mai ales din Ministerul de Interne de ast\u0103zi s-au \u00eendeplinit \u0219i deja Departamentul de Stat a f\u0103cut anun\u021bul c\u0103 din ianuarie rom\u00e2nii vor intra f\u0103r\u0103 viz\u0103 \u00een Statele Unite. Un foarte mare obiectiv realizat dup\u0103 Schengen, de exemplu.<\/p>\n<p>\u00a0<\/p>\n<p>Dup\u0103 ce m-am \u00eentors, \u00een octombrie, s-au \u00eent\u00e2mplat dou\u0103 lucruri ciudate. De ce le spun ciudate? C\u0103 a\u0219a am declarat \u0219i \u00een instan\u021b\u0103, sau la parchet.<\/p>\n<p>\u00a0<\/p>\n<p>A avut loc un accident ciudat \u0219i punct, \u00een dispozitivul meu de \u00eenso\u021bire, \u0219i a murit un poli\u021bist care a c\u0103zut \u00eentr-o groap\u0103 \u0219i la dou\u0103 s\u0103pt\u0103m\u00e2ni s-a \u00eent\u00e2mplat un incendiu ciudat. Am spus-o \u0219i la parchet c\u00e2nd m-am dus ca martor. Ciudat \u0219i punct. \u0218i via\u021ba va demonstra dac\u0103 am dreptate sau nu. Cert este c\u0103 dup\u0103 aceste dou\u0103 lucruri, ca s\u0103 citez un clasic \u00een via\u021b\u0103, s-a creat guvernul meu. Pentru c\u0103 au murit oameni.<\/p>\n<p>\u00a0<\/p>\n<p>Victor Ponta \u0219i-a dat demisia, dac\u0103 nu m\u0103 \u00een\u0219el pe 5 noiembrie 2015. \u00cen acea secund\u0103 mi-am dat demisia cu el. Noi doi ne-am dat demisiile din solidaritate. Puteam s\u0103 mai r\u0103m\u00e2n c\u00e2teva s\u0103pt\u0103m\u00e2ni. Eram pre\u0219edinte de partid, consult\u0103ri cu pre\u0219edintele, Parlament&#8230; Mai dura guvernul c\u00e2teva s\u0103pt\u0103m\u00e2ni. Nu. Din onoare \u0219i demnitate m-am dat demisia. Mi-am dat la via\u021ba mea de multe ori demisia. M-am dat demisia al\u0103turi de Victor Ponta. Pe urm\u0103, am v\u0103zut c\u0103 sunt \u021binta piept, cum se spune, adic\u0103 principala \u021bint\u0103&#8230;<\/p>\n<p>\u00a0<\/p>\n<p>\u00ceNTREBARE: Pentru cine a\u021bi reprezentat o \u021bint\u0103?<\/p>\n<p>\u00a0<\/p>\n<p>G.B: Nu \u0219tiu. Haide\u021bi s\u0103 facem o analiz\u0103 la sf\u00e2r\u0219it. V-am spus c\u0103 eram cel mai tare la \u00eencredere \u0219i mult\u0103 \u00eencredere. V-am spus realiz\u0103ri, mai ales \u00een domeniul de securitate na\u021bional\u0103, s-au \u00eent\u00e2mplat aceste lucruri. A \u00eenceput unul din, cred, cele mai mizerabile lin\u0219aje mediatice din Rom\u00e2nia. A fost \u00eempotriva lui Gabriel Oprea, omul care, cu c\u00e2tva timp \u00een urm\u0103, st\u0103tea cel mai bine la \u00eencredere \u0219i mult\u0103 \u00eencredere \u00een decizia rom\u00e2nilor. Atunci mi-am dat \u0219i demisia din pre\u0219edinte al UNPR-ului, c\u0103 a\u0219a era corect, a\u0219a face un om de onoare. Nu m-am ascuns dup\u0103 acest lucru. \u0218i mi-am dat demisia \u0219i din Senatul Rom\u00e2niei. Vreau s\u0103 v\u0103 spun un lucru: \u0219i-au mai dat demisia c\u00e2\u021biva parlamentari dup\u0103 1990, dar nimeni nu \u0219i-a dat demisia dup\u0103 un vot favorabil. Eu am avut un vot favorabil \u00een Senat, \u00een care senatorii de la toate partidele, unii \u00eemi erau amici, al\u021bii nu-mi erau amici, dar au zis: Dom&#8221;le, de noaptea min\u021bii, nu se poate ca un om s\u0103 fie trimis \u00een judecat\u0103 pentru ucidere din culp\u0103 dac\u0103 st\u0103tea pe bancheta din spate. \u0218i am pornit pe drumul cel mai greu.<\/p>\n<p>\u00a0<\/p>\n<p>Vreau s\u0103 v\u0103 spun c\u0103 au spus, nu dom&#8221;le, au fost c\u00e2teva sute de oameni care au protestat. P\u0103i eu am v\u0103zut demonstra\u021bii de peste o sut\u0103 \u0219i ceva de mii de oameni \u00een fa\u021ba guvernului. \u0218i n-a mai demisionat absolut nimeni. Vorbesc de oamenii politici. Am demisionat \u0219i v\u0103 spun de ce, c\u0103 m\u0103 vede Dumnezeu. M-am dus acas\u0103, so\u021bia mea e foarte credincioas\u0103. \u0218i mi-a spus: D\u0103-\u021bi demisia, nu te ascunde dup\u0103 imunitate. D\u0103-\u021bi demisia c\u0103 te vede Dumnezeu.<\/p>\n<p>\u00a0<\/p>\n<p>Eu am spus pu\u021bin a\u0219a&#8230; \u0219i eu sunt credincios. P\u00e2n\u0103 la Dumnezeu, te m\u0103n\u00e2nc\u0103 sfin\u021bii. Dar mi-am dat-o \u0219i cred c\u0103 am f\u0103cut bine. Am pornit pe drumul cel mai greu, f\u0103r\u0103 s\u0103 m\u0103 victimizez. 8 ani de zile am stat \u00een instan\u021b\u0103. \u0218i instan\u021ba de la Tribunal, la Curtea de Apel, la \u00cenalta Curte, au dat o singur\u0103 decizie: fapta nu exist\u0103. Mi-a luat ap\u0103rarea pe plan interna\u021bional James Clapper, \u0219eful Comunit\u0103\u021bii de Informa\u021bii, cu care chiar m\u0103 \u00eent\u00e2lnisem c\u00e2nd am fost \u00een Statele Unite: \u201cNu pute\u021bi s\u0103-l acuza\u021bi pe generalul Oprea pentru a\u0219a ceva.\u201d Un lucru important pentru mine la acel moment.<\/p>\n<p>\u00a0<\/p>\n<p>\u00cen 2016 spuneam c\u0103&#8230; \u0218i acum revenind la sufragia lui Oprea, era necesar s\u0103 v\u0103 spun toate aceste lucruri, ca s\u0103 \u00een\u021belegem despre ce vorbim. Eram \u00een 2016. Domnul Andronic avea de pl\u0103tit ni\u0219te poli\u021be mai vechi domnului Coldea \u0219i doamnei Kovesi, \u00een sensul c\u0103 considera c\u0103 i s-au f\u0103cut ni\u0219te dosare, a vrut, a prins el ca jurnalist, atunci, momentul s\u0103 l-o trag\u0103, cum se spune pe rom\u00e2ne\u0219te. A \u00eencercat s\u0103 m\u0103 angreneze \u0219i pe mine \u0219ii i-am spus: eu nu fac a\u0219a ceva. Ai fost cu mine&#8230; \u0218i o s\u0103 povestesc sufrageria lui Oprea. Nu fac a\u0219a ceva. \u0218tii bine ce a fost acolo. A fost ceva privat \u0219i eu nu vorbesc c\u0103 un om de onoare nu face a\u0219a ceva. Pe de alt\u0103 parte, eu pe Dan Andronic l-am cunoscut \u00eencep\u00e2nd din 2003, c\u00e2nd eram ministru pe administra\u021bie \u00een Guvernul N\u0103stase, unul dintre cele mai bune guverne ale Rom\u00e2niei, \u00een care am intrat \u00een NATO \u0219i am \u00eencheiat prin profesorul Pu\u0219ca\u0219 toate capitolele de aderare.<\/p>\n<p>\u00a0<\/p>\n<p>\u00ceNTREBARE: \u00cen ce conjunctur\u0103 l-a\u021bi cunoscut pe Andronic?<\/p>\n<p>\u00a0<\/p>\n<p>G.O: Andronic oferea consultan\u021b\u0103. Pe la PSD, pe la Guvern. \u00cen aceast\u0103 conjunctur\u0103 l-am cunoscut. Am devenit amici. Dar aten\u021bie! \u00cen 2015, \u00een august, cred c\u0103 pe 14 august, era cu moralul la p\u0103m\u00e2nt.<\/p>\n<p>\u00a0<\/p>\n<p>\u00ceNTREBARE: Vorbim despre acel eveniment c\u00e2nd urma s\u0103 fie arestat?<\/p>\n<p>\u00a0<\/p>\n<p>G.O: Da. Era \u00een depresie. Asta \u00eent\u00e2mpl\u0103 multor oameni. \u0218i mi-a spus c\u0103 urmeaz\u0103 s\u0103 fie arestat \u0219i l-am \u00eentrebat: C\u00e2nd te aresteaz\u0103? M\u00e2ine, la ora 6.<\/p>\n<p>\u00a0<\/p>\n<p>Era 15. Trebuia s\u0103 plec, eram vicepremier, ministru de Interne, la ziua Marinei militare. \u0218i am zis: Dac\u0103 te aresteaz\u0103 m\u00e2ine la 6, omul era \u00een depresie, vino la mine la 5.30 diminea\u021ba. A venit cu so\u021bia, eu am plecat cu so\u021bia mea, l-am luat cu mine, ne-am dus la ziua marinei \u0219i l-am pus \u00een tribun\u0103, l\u00e2ng\u0103 mine. Sunt imagini. \u0218i i-am redat \u00eencredere, l-am scos din depresie. A\u0219a face s\u0103 spunem un prieten.<\/p>\n<p>\u00a0<\/p>\n<p>Iar \u00een 2009, \u0219i acum intr\u0103m \u00een sufrageria lui Oprea, uita\u021bi aici cartea, Confesiuni din sufrageria lui Oprea, \u00een care maestrul Cristoiu mi-a f\u0103cut prefa\u021ba, sunt singurul om, a f\u0103cut cercetare istoric\u0103, 26 de pagini, \u0219i Cuv\u00e2nt \u00eenainte al celebrului scriitor Radu Theodoru, 101 ani, care a scris trilogia Mihai Viteazul. \u0218i intr\u0103m acum la sufrageria lui Oprea, \u00een 2009 l-am \u00eemp\u0103cat cu B\u0103sescu, erau certa\u021bi. Andronic a lucrat \u0219i cu T\u0103riceanu, \u0219i cu B\u0103sescu, \u0219i cu N\u0103stase, \u0219i cu mai mul\u021bi. Momentul 2009.<\/p>\n<p>\u00a0<\/p>\n<p>Momentul 2009 pe mine m-a g\u0103sit deputat independent. De ce? Fiindc\u0103 \u00een 2008, eram ministru de Interne \u00een guvernarea PDL-PSD, \u0219i l-am numit, ca ministru de Interne, pe generalul Virgil Ardelean, \u0219ef al Serviciului secret al Ministerului de Interne.<\/p>\n<p>\u00a0<\/p>\n<p>Cel pu\u021bin atunci, politic, adic\u0103 la partide, se numeau secretarii de stat. Restul direc\u021biilor, oamenilor activi, din sistem de for\u021b\u0103, ministerul ap\u0103r\u0103rii, ministerul interne, etc., se numeau de ministrul \u00een func\u021bie. L-am numit. De ce l-am numit? Nu eram prieten cu Virgil Ardelean. Sunt un om serios.<\/p>\n<p>\u00a0<\/p>\n<p>Virgil Ardelean era un om respectat \u00een comunitatea de informa\u021bii, \u00een perioada de securitate \u00een Rom\u00e2nia, \u0219i mai ales \u00een general, \u00een MAI, fiindc\u0103 era un profesionist. Dup\u0103 ce l-am numit, au fost ni\u0219te discu\u021bii la PSD \u0219i mi-a cerut Mircea Geoan\u0103 s\u0103-l demit. \u0218i n-am f\u0103cut-o.<\/p>\n<p>\u00a0<\/p>\n<p>Am refuzat. Atunci mi-a cerut Mircea Geoan\u0103 s\u0103 plec din partid, s\u0103-mi dau demisia din guvern. \u0218i am f\u0103cut-o cu onoare. Mi-am dat demisia. Eram \u0219i pre\u0219edinte, eram \u0219eful Departamentului de Ap\u0103rare, Ordine Public\u0103, Siguran\u021b\u0103 Na\u021bional\u0103 al PSD-ului \u0219i eram pre\u0219edintele PSD Ilfov. Vreau s\u0103 v\u0103 spun c\u0103 atunci oamenii \u021bineau la mine. Sunt \u0219i imagini. Peste 3.000 de oameni au venit \u00eentr-o demonstra\u021bie la Kiseleff. Cei de la PSD atunci \u00ee\u0219i f\u0103ceau \u0219edin\u021bele pe la senat, nu mai st\u0103tau pe la PSD. Asta ca s\u0103 v\u0103 spun c\u0103 aveam o echip\u0103 puternic\u0103 \u0219i eram respectat \u0219i \u00een Partidul Social-Democrat. Dar mi-am dat demisia.<\/p>\n<p>\u00a0<\/p>\n<p>\u0218i din Ministru de Interne. \u0218i am plecat. Deci, momentul, 6 decembrie 2009 m-a prins deputat independent.<\/p>\n<p>\u00a0<\/p>\n<p>\u0218i acum v\u0103 spun, m\u0103 vede Dumnezeu. Diminea\u021ba pe 6 decembrie, pentru c\u0103 erau alegerile, \u00een prima parte a zile am sunat c\u00e2\u021biva prieteni, amici-prieteni. L-am sunat pe Vasile D\u00eencu. Am fost coleg de guvern cu el \u00een guvernul Adrian N\u0103stase. Era \u00een Bucure\u0219ti \u0219i l-am invitat la mas\u0103 dup\u0103 ora 17. Chiar a\u0219a a fost invita\u021bia. L-am sunat pe primarul On\u021banu, pe care \u00eel cuno\u0219team de c\u00e2nd eram prefect al Bucure\u0219tiului \u0219i cu care ulterior am f\u0103cut proiectul UNPR. L-am sunat pe generalul Anghel Iord\u0103nescu, cu care m\u0103 leag\u0103 o prietenie de zeci de ani, care a \u0219i fost senator UNPR, l-am sunat pe Dan Andronic, care chiar a venit cu so\u021bia, \u0219i l-am sunat pe George Maior. Vreau s\u0103 v\u0103 spun c\u0103 eu stau \u00een Cotroceni. Sufrageria lui Oprea este \u00een Cotroceni. Sediul SRI-ului, dar \u0219i al parchetului general, este \u00een aceea\u0219i cl\u0103dire. Distan\u021ba \u00eentre Cotroceni \u0219i Sediu, l\u00e2ng\u0103 parcul Izvor, l\u00e2ng\u0103 Parlament, este de aproximativ, \u00een linie dreapt\u0103, 800 de metri.<\/p>\n<p>\u00a0<\/p>\n<p>L-am sunat pe Maior \u0219i am zis: Te invit la mas\u0103. Eram prieteni. Zic: Am mici de la Coco\u0219atu. \u0218i zice: Gabi, n-am cum s\u0103 vin. Sunt alegeri, stau la birou. Bine. Au venit ceilal\u021bi la ora fixat\u0103, \u00een jur de ora 17. Am \u00eenceput s\u0103 m\u00e2nc\u0103m, am b\u0103ut \u0219i un pahar de vin, ne uitam la televizor. \u00cen jur de ora 18, m\u0103 sun\u0103 George Maior. \u0218i m-a \u00eentrebat: Gabi, mai ai m\u00e2ncare? Mai am. E \u00een regul\u0103. Mai vin cu doi invita\u021bi.<\/p>\n<p>\u00a0<\/p>\n<p>\u00ceNTREBARE: Nu v-au spus la momentul respectiv cine sunt?<\/p>\n<p>\u00a0<\/p>\n<p>G.O: Nu. \u0218i chiar dac\u0103 \u00eemi spuneau, oricum veneau, nu? Dar nu mi-a spus. A venit cu Coldea \u0219i cu Kovesi. Pe Coldea \u00eel \u0219tiam. Eu eram \u0219i membru al Comisiei de Controlul al SRI. Ca parlamentar. Deci \u00eel \u0219tiam pe Coldea, \u0219tiam cine e. Ulterior eu am fost conduc\u0103tor de doctorat lui Florian Coldea. Pe Kovesi o cuno\u0219team mai pu\u021bin, mai mult din spa\u021biul public.<\/p>\n<p>\u00a0<\/p>\n<p>Ne-am a\u0219ezat la mas\u0103, am m\u00e2ncat, am b\u0103ut \u0219i un pahar. Acum, ca fapt divers, singurul care vorbea de orice altceva era domnul Andronic, amicul meu. Printre altele vorbea la mas\u0103, dar s\u0103 se fac\u0103 auzit, mai ales c\u0103 erau Maior, Coldea \u0219i cu&#8230; El are o du\u0219m\u0103nie mai veche cu V\u00e2ntu. \u0218i spunea de V\u00e2ntu c\u0103 e infractor, c\u0103 ar merita s\u0103 fie arestat.<\/p>\n<p>\u00a0<\/p>\n<p>Vreau s\u0103 v\u0103 spun c\u0103 nu l-a b\u0103gat nimeni, \u00eenseamn\u0103. Chiar la un moment dat i-am spus: B\u0103, relaxeaz\u0103-te, ia \u0219i m\u0103n\u00e2nc\u0103, bea un pahar de vin. \u00cen jur, \u0219i m\u0103 jur pe Dumnezeu, \u00een jur de 9:30, 10 f\u0103r\u0103 un sfert nu a mai fost nimeni \u00een sufrageria lui Oprea.<\/p>\n<p>\u00a0<\/p>\n<p>Acesta este mitul de tip securist al sufrageriei lui Oprea, creat de domnul Andronic. Aten\u021bie, a vorbit de a\u0219a ceva \u00een 2016-2017, dup\u0103&#8230; din 2009, dup\u0103 6-7 ani de zile.<\/p>\n<p>\u00a0<\/p>\n<p>De ce? \u00cenc\u0103 o dat\u0103 repet, ca s\u0103 pl\u0103teasc\u0103 ni\u0219te poli\u021be mai vechi lui Coldea \u0219i lui Kovesi \u0219i&#8230; tocmai candida pentru un partid, nu-i dau numele, ca parlamentar&#8230; Nu a ajuns parlamentar. Acesta este mitul sufrageriei lui Oprea \u0219i m\u0103 vede Dumnezeu, cum spun, n-am vorbit direct de toate aceste mizerii fiindc\u0103 sunt un om de onoare. Nu vorbe\u0219ti de o cin\u0103 privat\u0103.<\/p>\n<p>\u00a0<\/p>\n<p>Poate \u0219i eu, la r\u00e2ndul meu, eram sup\u0103rat cu anumite personaje ulterior, care au fost la mas\u0103. Dar n-am vorbit de a\u0219a ceva.<\/p>\n<p>\u00a0<\/p>\n<p>V\u0103 spuneam c\u0103 maestrul Ion Cristoiu, \u0219i m\u0103 laud cu faptul c\u0103 sunt singurul politician din Rom\u00e2nia c\u0103ruia i-a f\u0103cut o prefa\u021b\u0103, a\u0219 putea spune o cercetare istoric\u0103. E foarte serios, mai ales la cercet\u0103ri istorice. V\u0103 spun trei r\u00e2nduri. Finalul. \u201cSe explic\u0103 pr\u0103bu\u0219irea lui Gabriel Oprea doar prin credin\u021ba sa de militar \u00een onoare \u0219i demnitate? Greu de crezut. Au fost \u0219i multe alte cauze. Sigur e \u00eens\u0103 c\u0103 \u00een 2015 a refuzat s\u0103-l tr\u0103deze pe Victor Fonta \u0219i asta l-a costat.\u201d Chiar m-a costat. Mi-am schimbat destinul.<\/p>\n<p>\u00a0<\/p>\n<p>Acest om merit\u0103 toat\u0103 onoarea \u0219i respectul nostru. Cred c\u0103 reprezint\u0103 tot ce \u00eenseamn\u0103 militari, poli\u021bi\u0219ti, activi, \u00een rezerv\u0103 \u0219i retragere, dar cred c\u0103 reflect\u0103 ceva sacru ca simbol. Romanismul. M\u0103 refer la scritorul \u0219i la veteranul de r\u0103zboi, Radu Theodoru, 101 ani. \u201cPentru mine, lucrarea, lansarea acestei c\u0103r\u021bi, Confesiuni in sufrageria lui Oprea, dep\u0103\u0219e\u0219te cu mult obi\u0219nuitul. Vreau s\u0103 m\u0103 opresc asupra unui subtitlu: Demnitate pentru Rom\u00e2nia. Noi reprezent\u0103m, noi militari, noi reprezent\u0103m o categorie social\u0103 care \u0219i credem \u00een ceea ce spunem. Atunci c\u00e2nd noi am jurat pe drapel credin\u021b\u0103 \u021b\u0103rii rom\u00e2ne\u0219ti, am \u0219i pus \u00een practic\u0103 \u0219i am \u00een\u021beles profunzimea acestui jur\u0103m\u00e2nt.<\/p>\n<p>\u00a0<\/p>\n<p>Sunt veteran de r\u0103zboi, genera\u021bia mea a pierdut tone de s\u00e2nge \u0219i \u00een r\u0103s\u0103rit \u0219i \u00een apus, iar atunci c\u00e2nd am delegat, spune el, pentru c\u0103 noi l-am delegat pe Gabriel Oprea s\u0103 reprezinte aceste subtexte ale jur\u0103m\u00e2ntului, ne-am pus \u0219i \u00eencrederea c\u0103 ceea ce am jertfit noi pe c\u00e2mpul de lupt\u0103, el va des\u0103v\u00e2r\u0219i \u00een social, \u00een politic, \u00een economic \u0219i a\u0219a mai departe. Ne-am \u00eentrebat atunci c\u00e2nd a avut aceast\u0103 ascensiune fulger\u0103toare, rachet\u0103, care l-a propulsat \u00een politic \u0219i \u00een social, oare c\u00e2t, p\u00e2n\u0103 unde \u0219i cum va r\u0103spunde obliga\u021biilor pe care \u0219i le-a asumat fa\u021b\u0103 de noi, fa\u021b\u0103 de ceea ce militeaz\u0103, demnitate pentru Rom\u00e2nia. Demnitate este un termen foarte larg.<\/p>\n<p>\u00a0<\/p>\n<p>Nu este doar o chestiune de onoare. Iat\u0103 c\u0103 \u00eencep s\u0103 vorbesc despre ni\u0219te lucruri care ast\u0103zi sunt marginalizate. Onoare. Ce este aceast\u0103 onoare? Aceast\u0103 ascensiune putea s\u0103 urmeze dou\u0103 c\u0103i. S\u0103 mearg\u0103 mai departe, s\u0103 coboare \u00een picaj, eu sunt aviator, \u0219i s\u0103 piard\u0103 fa\u021b\u0103 de acolo, de unde a pornit.<\/p>\n<p>\u00a0<\/p>\n<p>Ei bine, s-a \u00eent\u00e2mplat un moment, eu \u00eei spun astral, \u00een aceast\u0103 curb\u0103 profesional\u0103, momentul 2015, c\u00e2nd Gabriel Oprea, general, cu func\u021bii politice pe care le cunoa\u0219tem cu to\u021bii, putea s\u0103 salte dincolo de termenul acesta demnitate-onoare \u0219i s\u0103 profite de oferta care i s-a f\u0103cut s\u0103 devin\u0103 premier \u0219i s\u0103 se asocieze unei tendin\u021be politice care nu \u00eel reprezenta \u0219i care nu ne reprezentau. Nu a f\u0103cut-o. \u00cen acel moment, Gabriel Oprea a c\u00e2\u0219tigat adeziunea camarazilor lui de toate armele, care nu sunt altceva dec\u00e2t cet\u0103\u021beni acestei \u021b\u0103ri cu o profesie pu\u021bin mai restrictiv\u0103 \u0219i mai dur\u0103.<\/p>\n<p>\u00a0<\/p>\n<p>Pentru noi, Gabriel Oprea nu a c\u0103zut. El s-a ridicat. S-a ridicat deasupra obi\u0219nuitului, deasupra banalului, deasupra meschin\u0103riei \u0219i ne-a reprezentat \u00een ceea ce suntem esen\u021biali.<\/p>\n<p>\u00a0<\/p>\n<p>Aceasta este cartea care dep\u0103\u0219e\u0219te o lansare obi\u0219nuit\u0103, are un mesaj de onoare dincolo de ceea ce se \u00eent\u00e2mpl\u0103 ast\u0103zi c\u00e2nd trefelim, def\u0103in\u0103m. Noi suntem noi \u00een\u0219ine, iar uniforma pe care o purtam reprezint\u0103 esen\u021ba rom\u00e2nismului, care este eroic.\u201d<\/p>\n<p>\u00a0<\/p>\n<p>Pe mine m\u0103 cople\u0219e\u0219te acest mesaj, aceste cuvinte \u0219i vreau s\u0103 v\u0103 spun cu adev\u0103rat c\u0103 at\u00e2t eu, dar de regul\u0103, militarii \u0219i poli\u021bi\u0219tii, dar \u0219i rom\u00e2nii patrio\u021bi avem acest sistem de valori care ast\u0103zi se vede mai mult ca oric\u00e2nd, dar este \u0219i nevoie mai mult ca oric\u00e2nd, Dumnezeu, patrie, familie care reprezint\u0103 patria mic\u0103. \u0218i onoare.<\/p>\n<p>\u00a0<\/p>\n<p>Uita\u021bi aici, Asocia\u021bia Militarilor \u0219i Poli\u021bi\u0219tilor Mihai Viteazul, eu m\u0103 trag din Mihai Viteazul, peste tot am pus statuile lui Mihai Viteazul, fiindc\u0103 reprezint\u0103 cel care a unit, simbolic, pentru prima oar\u0103, \u0219i mi-a dat un mesaj clar, de acum c\u00e2teva sute de ani, Rom\u00e2nia. A unit \u021aara Rom\u00e2neasc\u0103, Ardealul \u0219i Moldova.<\/p>\n<p>\u00a0<\/p>\n<p>Am avut tot timpul \u0219i sunt, \u00eei reprezint, sunt singura asocia\u021bie care reprezint\u0103 militarii activi, \u00een rezerv\u0103 \u0219i \u00een retragere, din toate categoriile, \u0219i din toate institu\u021biile pe linia securit\u0103\u021bii na\u021bionale: Dumnezeu, onoare, patrie. Am introdus \u00eentre timp, \u0219i la asocia\u021bie, \u0219i la partid, familia, fiindc\u0103 familia este patria mic\u0103, \u0219i \u00eentotdeauna familia are un rol foarte important.<\/p>\n<p>\u00a0<\/p>\n<p>\u00ceNTREBARE: Domnule General, toate aceste cuvinte din deviza dumneavoastr\u0103, Dumnezeu, patrie, familie \u0219i onoare, nu sunt numai cuvinte puse numai pe h\u00e2rtie, sau puse \u00eentr-un anumit context, \u0219i le-a\u021bi sim\u021bit, \u0219i mai ales v\u0103 ghida\u021bi \u00een fiecare din via\u021ba dumneavoastr\u0103.<\/p>\n<p>\u00a0<\/p>\n<p>G.O: Cred c\u0103 orice om de bun\u0103 credin\u021b\u0103 care-mi studiaz\u0103 tot ce am f\u0103cut, a v\u0103zut c\u0103 am fost p\u0103truns, \u00eentotdeauna, \u0219i faptele \u00eentotdeauna vorbesc, \u0219i cred c\u0103 orice rom\u00e2n de bun\u0103 credin\u021b\u0103 spuneam c\u0103 armata \u0219i biserica sunt pe primul loc \u00eentotdeauna, g\u00e2ndesc \u0219i caut\u0103 s\u0103 pun\u0103 \u00een practic\u0103 aceste simboluri.<\/p>\n<p>\u00a0<\/p>\n<p>MILITARII \u00ceN REZERV\u0102 \u0218I \u00ceN RETRAGERE TREBUIE S\u0102 PRIMEASC\u0102 RESPECTUL CUVENIT SOCIET\u0102\u021aII\u00a0<\/p>\n<p>\u00ceNTREBARE: Este \u00een mod cert \u0219i asta s-a v\u0103zut \u00een cariera dumneavoastr\u0103 extraordinar\u0103, \u0219i \u00een domeniul militar, dar \u0219i din domeniul politic, faptul c\u0103 v-a\u021bi luptat pentru cre\u0219terea pensiilor militarilor, dar \u0219i poli\u021bi\u0219ilor. Cu cine v-a\u021bi luptat? Cine se \u00eempotrivea? Cine nu era de acord \u00een acest context?<\/p>\n<p>\u00a0<\/p>\n<p>G.O: \u00cen primul r\u00e2nd acum, mai mult c\u0103 oric\u00e2nd, ce vor rom\u00e2nii \u0219i din \u021bar\u0103 \u0219i din diaspora? Vor siguran\u021b\u0103 pentru ei \u0219i copiii lor \u0219i vor prosperitate. Toate aceste lucruri se pot realiza doar \u00een pace. Pacea \u00eentotdeauna este asigurat\u0103 de securitatea na\u021bional\u0103. De armat\u0103. C\u00e2nd spun armat\u0103, spun tot sistemul de securitate na\u021bional\u0103.<\/p>\n<p>\u00a0<\/p>\n<p>De militarii \u0219i poli\u021bi\u0219tii activi \u00een primul r\u00e2nd, care trebuie s\u0103 \u00eei dot\u0103m ca s\u0103 poat\u0103 s\u0103-\u0219i \u00eendepleasc\u0103 misiunile, spuneam, non-stop \u0219i s\u0103 le d\u0103m dreptul la zi, iar militarii \u00een rezerv\u0103 \u0219i \u00een retragere trebuie s\u0103 primeasc\u0103 respectul cuvenit societ\u0103\u021bii. Cei \u00een rezerv\u0103 p\u00e2n\u0103 la 62 de ani au depus jur\u0103m\u00e2ntul \u0219i conform Constitu\u021biei au dreptul \u0219i obliga\u021bia s\u0103 \u00ee\u0219i apere \u021bara cu arma m\u00e2n\u0103. M-am luptat, de exemplu, fiindc\u0103 era prost \u00een\u021beles\u0103 pentru unii politicieni, care \u0219i acum \u00ee\u0219i bat joc de ace\u0219ti militari \u0219i poli\u021bi\u0219ti, spun\u00e2ndu-i c\u0103 au pensii nesim\u021bite \u0219i pensii speciale.<\/p>\n<p>\u00a0<\/p>\n<p>\u00ceNTREBARE: Tocmai, se \u00eencearc\u0103 al\u0103turarea de pensiile speciale a pensiilor militarilor, a pensiilor poli\u021bi\u0219tilor&#8230; <\/p>\n<p>\u00a0<\/p>\n<p>G.O: Se \u00eencearc\u0103 pentru unii care a\u0219a-\u0219i doresc \u00een doctrina lor politic\u0103. S\u0103 \u0219ti\u021bi c\u0103 c\u00e2nd vrei s\u0103 distrugi o na\u021biune, \u00eei distrugi simbolurile. De aceea, repet, rom\u00e2nii cred \u00een dou\u0103 simboluri, \u00een primul r\u00e2nd, \u00een Dumnezeu, deci \u00een Biseric\u0103, \u0219i \u00een armata rom\u00e2n\u0103. De aceea se d\u0103 \u00een aceste simboluri. De aceea este necesar \u0219i asocia\u021bia mea, \u0219i partidul. Vreau s\u0103 v\u0103 spun, pro-NATO, pro-UE, \u0219i am pus \u0219i eu um\u0103rul \u00een toate func\u021biile \u00een care am fost, dar pe baza interesului na\u021bional al Rom\u00e2niei. S\u0103 lu\u0103m pu\u021bin exemplu de la polonezi, de la unguri, de la italieni. Suntem oameni serio\u0219i, dar nu yes-men.<\/p>\n<p>\u00a0<\/p>\n<p>Trebuie s\u0103 stai drept \u0219i cu pieptul \u00een fa\u021b\u0103. S\u0103 te ba\u021bi. To\u021bi se bat pentru interesul \u021b\u0103rilor.<\/p>\n<p>\u00a0<\/p>\n<p>Chiar dac\u0103 suntem \u00een UE, chiar dac\u0103 suntem \u00een NATO, to\u021bi se bat pentru \u021bara lor. Noi trebuie s\u0103 ne batem. Acesta este interesul na\u021bional al Rom\u00e2niei.<\/p>\n<p>\u00a0<\/p>\n<p>De aceea unii lovesc. Uita\u021bi, c\u00e2t\u0103 nevoie de&#8230; \u0219i nu o spun acum, cred c\u0103 to\u021bi \u00eei \u00een\u021belegem, cu r\u0103zboi la grani\u021b\u0103.<\/p>\n<p>\u00a0<\/p>\n<p>Ce importan\u021bi sunt ace\u0219ti oameni care cred&#8230;Se duc s\u0103-\u0219i dea \u0219i via\u021ba, fiindc\u0103 trebuie s\u0103-\u0219i o dea. Au jurat. Iar acest jur\u0103m\u00e2nt, s\u0103 v\u0103 spun, \u00eel por\u021bi toat\u0103 via\u021ba. Greutatea lui, \u00eel por\u021bi toat\u0103 via\u021ba. Nu sunt vorbe \u00een v\u00e2nt.<\/p>\n<p>\u00a0<\/p>\n<p>\u00ceNTREBARE: C\u00e2t de important\u0103 este consolidarea puterii armatei rom\u00e2ne \u00een acest context politic foarte delicat, \u00een context politic interna\u021bional, pentru c\u0103 avem un r\u0103zboi la grani\u021b\u0103.<\/p>\n<p>\u00a0<\/p>\n<p>Vreau s\u0103 v\u0103 spun din experien\u021b\u0103. Am fost de dou\u0103 ori ministrul ap\u0103r\u0103rii na\u021bionale, am trecut de vreo patru ori pe la interne, vice-premier pe Securitate \u0219i chiar prim-ministru. \u0218i \u0219tiu ce vorbesc.<\/p>\n<p>\u00a0<\/p>\n<p>Rom\u00e2nia are ast\u0103zi, datorit\u0103 sacrificiului militarilor \u0219i poli\u021bi\u0219tilor, o umbrel\u0103 de securitate. Suntem la grani\u021b\u0103.<\/p>\n<p>\u00a0<\/p>\n<p>S\u0103 avem aceast\u0103 umbrel\u0103 de securitate. S\u0103 avem NATO. Rom\u00e2nia nu este \u00een b\u0103taia v\u00e2ntului, cum este Ucraina, din p\u0103cate, ast\u0103zi. Rom\u00e2nia este \u00a0un stat de drept, este un stat membru al Uniunii Europene \u0219i membru NATO. Deci avem aceast\u0103, da, societate. Vede\u021bi ce a cerut acum Trump, 5% din PIB \u00eenarmare. C\u00e2nd am intrat \u00een NATO \u0219i am fost \u00een guvernul Adrian N\u0103stase, noi ne-am angajat c\u0103 vom da 2,38 din PIB pentru Armata Rom\u00e2n\u0103. Greu s-a ajuns, dar abia acum, de c\u00e2\u021biva ani de zile, se d\u0103 2,5.<\/p>\n<p>\u00a0<\/p>\n<p>S\u0103 \u0219ti\u021bi c\u0103 securitatea na\u021bional\u0103 cost\u0103. Spuneam c\u0103 militarii trebuie s\u0103 aib\u0103 drepturile la zi \u0219i s\u0103 fie dota\u021bi. Oriunde \u00een lume, cu asta se asigur\u0103 lini\u0219tea copiilor no\u0219tri, siguran\u021ba noastr\u0103. De aceea trebuie s\u0103 \u00eei dot\u0103m \u0219i trebuie s\u0103 le d\u0103m drepturile la zi \u0219i s\u0103 \u00eei respect\u0103m pe ace\u0219ti oameni. S\u0103 \u0219ti\u021bi c\u0103 pentru ace\u0219ti oameni conteaz\u0103, nu sunt vorbe \u00een v\u00e2nt, onoarea, camaraderia, respectul. Ai nevoie de ideal, ai nevoie de camaraderie ca s\u0103 fii puternic \u0219i ca s\u0103-\u021bi aperi copiii. Trebuie s\u0103 te lup\u021bi.<\/p>\n<p>\u00a0<\/p>\n<p>\u00ceNTREBARE: Este important s\u0103 analiz\u0103m \u0219i s\u0103 vedem cine are interes acum s\u0103 plafoneze sau chiar s\u0103 scad\u0103 pensiile militarilor \u0219i ale poli\u021bi\u0219tilor, av\u00e2nd \u00een vedere c\u0103 este un drept c\u00e2\u0219tigat.<\/p>\n<p>\u00a0<\/p>\n<p>G.O: Vreau s\u0103 v\u0103 spun, \u0219i \u00eemi pare r\u0103u s\u0103 v\u0103 spun c\u0103 a fost un joc, a\u0219 putea spune, josnic al unor politicieni. C\u00e2nd au v\u0103zut c\u0103 militarii \u0219i poli\u021bi\u0219tii pe bun\u0103 dreptate se lupt\u0103 pentru dreptul lor, ies \u00een strad\u0103, mai ales cu r\u0103zboi la grani\u021b\u0103. Nu-\u021bi vine s\u0103 crezi a\u0219a ceva.<\/p>\n<p>\u00a0<\/p>\n<p>Au promis c\u0103 rezolv\u0103. Ceea ce fac ei acum este o mic\u0103 parte din Legea 223, pe care eu am trecut-o f\u0103r\u0103 niciun vot \u00eempotriv\u0103 \u0219i care a fost m\u0103cel\u0103rit\u0103 prima dat\u0103 de guvernul Ciolo\u0219 \u0219i pe urm\u0103 de toate guvernele, de la toate partidele. Au promis c\u0103 rezolv\u0103 o mic\u0103 parte \u0219i au f\u0103cut o ordonan\u021b\u0103 de urgen\u021b\u0103. Pe de alt\u0103 parte, aici e meschin\u0103ria, pe la spate au chemat avocatul poporului din concediu \u0219i a trimis \u0219i a blocat aceast\u0103 lege la Curtea Constitutional\u0103. Ce s\u0103 mai cread\u0103 ace\u0219ti oameni? Eu nu m-a\u0219 juca cu simbolurile rom\u00e2nilor, aici vorbesc de armat\u0103, \u00een aceast\u0103 perioad\u0103.<\/p>\n<p>\u00a0<\/p>\n<p>Trebuie s\u0103 nu-i mai batjocorim pe militari \u0219i pe poli\u021bi\u0219ti. Trebuie s\u0103 le d\u0103m drepturile la zi, fiindc\u0103 oamenii ace\u0219tia reprezint\u0103 garan\u021bia noastr\u0103 \u00een NATO c\u0103 \u021bara noastr\u0103 este \u00een deplin\u0103 securitate \u0219i este \u00een deplin\u0103 securitate.<\/p>\n<p>\u00a0<\/p>\n<p>\u00ceNTREBARE: Vreau s\u0103 r\u0103m\u00e2nem \u00een zona politic\u0103, este un context extrem de delicat cu privire la alegerile preziden\u021biale, cele mai importante alegeri. Am v\u0103zut \u0219i decizia Cur\u021bii Constitutionale a celor nou\u0103 judec\u0103tori \u00een care chiar \u00een prima zi a votului din diaspora, pentru turul al doilea de scrutin, s-au anulat alegerile preziden\u021biale. S-au oprit aceste alegeri chiar \u00een timpul jocului. Crede\u021bi c\u0103 a fost o coinciden\u021b\u0103, c\u0103 a fost \u00eentr-adev\u0103r o amenin\u021bare din partea unui factor str\u0103in sau a fost un ordin venit din de sus, s\u0103 spunem, fiindc\u0103 reprezenta cineva o amenin\u021bare?<\/p>\n<p>\u00a0<\/p>\n<p>G.O: Din experien\u021b\u0103 v\u0103 spun c\u0103 pot fi luate \u00een calcul tot ceea ce a spus dumneavoastr\u0103. Pe de alt\u0103 parte, \u00een schimb, eu cred \u00een statul de drept din Rom\u00e2nia. Cred \u0219i \u00eentotdeauna am crezut \u00een institu\u021biile statului rom\u00e2n. Cred c\u0103 a fost o gre\u0219eal\u0103 totu\u0219i c\u0103 pe baza informa\u021biilor date \u00een CSAT s-a blocat turul 2 \u00een timpul desf\u0103\u0219urii votului. Este un fapt nemaiv\u0103zut. \u00cencepuse votarea. Diaspora deja vota. S\u0103 \u00eentrerupi exerci\u021biul democratic, cel mai important, \u00a0votul, \u00een timpul votului nu cred c\u0103 s-a mai v\u0103zut \u00een a\u0219a ceva \u0219i ne creeaz\u0103 anumite probleme de percep\u021bie pe plan interna\u021bional fiindc\u0103 Rom\u00e2nia e v\u0103zut\u0103 ca un stat solid, un stat de drept, membru pe bun\u0103 dreptate, cu drepturi depline \u00een Uniunea European\u0103 \u0219i \u00een NATO.<\/p>\n<p>\u00a0<\/p>\n<p>\u00ceNTREBARE: Deci a fost un ordin?<\/p>\n<p>\u00a0<\/p>\n<p>G.O: N-a\u0219 putea s\u0103 spun fiindc\u0103 n-am date s\u0103 spun c\u0103 a fost un ordin. Vreau s\u0103 v\u0103 spun c\u0103 e un fapt, \u00een opinia mea, nemai\u00eent\u00e2lnit. Mai bine se bloca \u00een baza acelor informa\u021bii atunci luni, prima oar\u0103. Adic\u0103 atunci c\u00e2nd s-a f\u0103cut CSAT-ul, spun eu, dec\u00e2t s\u0103 se blocheze printr-o hot\u0103r\u00e2re \u00een timpul votului. Este f\u0103r\u0103 precedent.<\/p>\n<p>\u00a0<\/p>\n<p>Pe de alt\u0103 parte, hai de s\u0103 a\u0219tept\u0103m. Este \u0219i o contesta\u021bie la Curtea de Apel. \u00cen\u021beleg c\u0103 terminul e undeva \u00een ianuarie.<\/p>\n<p>\u00a0<\/p>\n<p>Eu cred cu adev\u0103rat \u00een patriotism, pro-NATO, pro-UE. Niciodat\u0103 n-am crezut \u00een extremism.<\/p>\n<p>\u00a0<\/p>\n<p>Extremismul \u00eentotdeauna duce la violen\u021b\u0103. Eu nu cred \u00een a\u0219a ceva. De aceea, eu cred c\u0103 trebuie s\u0103 a\u0219tept\u0103m.<\/p>\n<p>\u00a0<\/p>\n<p>Dar eu v\u0103 spun un lucru. \u0218i asta \u00eel spun fiindc\u0103 sunt militar. Eu \u00een momentul c\u00e2nd, \u0219i asta fac de 20 de ani&#8230; Nu m-am trezit. Unii au devenit patrio\u021bi chiar peste noapte. C\u0103 \u0103sta-i trendul.<\/p>\n<p>\u00a0<\/p>\n<p>Eu de acum 20 de ani c\u00e2nd eram chiar \u00eempotriva curentului. Dar eu am fost tot timpul patriot. Am spus \u0219i public de c\u00e2nd am ajuns \u00een anumite demnit\u0103\u021bi, eu am vorbit doar de Dumnezeu, patrie, familie \u0219i onoare. Nu m-am schimbat \u0219i nu m\u0103 schimb.<\/p>\n<p>\u00a0<\/p>\n<p>\u00cen momentul c\u00e2nd am auzit \u00een 2024 cuvintele Dumnezeu, patrie, familie, onoare, eu am rezonat cu a\u0219a ceva \u0219i vreau s\u0103 v\u0103 spun c\u0103 rom\u00e2nii patrio\u021bi, dar \u0219i militarii \u0219i poli\u021bi\u0219tii activi, \u00een rezerv\u0103 \u0219i \u00een retragere au rezonat \u0219i rezoneaz\u0103 \u00eentotdeauna cu aceste simboluri care fac parte din sistemul lor de valori.<\/p>\n<p>\u00a0<\/p>\n<p>\u00ceNTREBARE: Avem un nou guvern \u00eentr-o perioad\u0103 foarte delicat\u0103, nu doar pentru scena politic\u0103, ci \u00een toate domeniile sociale. Dar \u00een principal acest guvern trebuie s\u0103 fixeze calendarul alegerilor preziden\u021biale. Mai putem pune \u00een discu\u021bie faptul c\u0103 a existat controversa c\u0103 s-ar fi dus cu alegerile preziden\u021biale? Este o variant\u0103, un scenariu \u00een care s\u0103 fie organizate tocmai \u00een iunie pentru a potoli valul suveranist. Ce p\u0103rere ave\u021bi despre acest lucru? C\u00e2nd am putea avea din nou alegeri preziden\u021biale?<\/p>\n<p>\u00a0<\/p>\n<p>G.O: \u00cen opinia mea, fostul guvern trebuia urgent, fiindc\u0103 era urgen\u021b\u0103 maxim\u0103, s\u0103 stabileasc\u0103 calendarul alegerilor \u0219i trebuiau f\u0103cute c\u00e2t mai urgent.<\/p>\n<p>\u00a0<\/p>\n<p>Asta e p\u0103rerea mea. Pe de alt\u0103 parte, acum, eu cred c\u0103 una din priorit\u0103\u021bile, ca au multe, ale noului guvern, deci Ciolacu 2, este s\u0103 stabileasc\u0103 data alegerilor c\u00e2t mai urgent, fiindc\u0103 este una din marile a\u0219tept\u0103ri ale rom\u00e2nilor ast\u0103zi, din diaspora \u0219i din \u021bar\u0103. Eu sper s\u0103 fie c\u00e2t mai urgent stabilit\u0103 data alegerilor.<\/p>\n<p>\u00a0<\/p>\n<p>\u00ceNTREBARE: \u00cel cuno\u0219te\u021bi foarte bine pe Victor Ponta. A revenit pe scen\u0103 politic\u0103, \u00een lumina scenei politice \u0219i este parlamentar, deputat de D\u00e2mbovi\u021ba. Poate fi o coinciden\u021b\u0103 sau nu. \u00cens\u0103, ce p\u0103rere ave\u021bi despre ultima lui vizit\u0103 \u00een America, la Mar-a-Lago, acea \u00eent\u00e2lnire cu Donald Trump? Dac\u0103 or fi fost sau nu mai multe discu\u021bi \u00eentre ei doi, nu s-au dat foarte multe detalii \u00een spa\u021biu public. Dar crede\u021bi c\u0103 a \u00eencercat s\u0103 se ca\u021bere pe valul suveranist, av\u00e2nd \u00een vedere c\u0103 erau anumite scenarii, c\u0103 ar fi intrat \u00een cursa pentru preziden\u021biale?<\/p>\n<p>\u00a0<\/p>\n<p>G.O: Eu vreau s\u0103 v\u0103 spun un lucru. Ca un om care \u00eel cunosc bine pe Victor Ponta, am lucrat cu Victor Ponta \u0219i \u00een cadrul Partidului Social Democrat \u0219i \u00een guverne. Ponta a avut patru guverne. \u00cen guvernul Ponta III \u0219i Ponta IV am fost colegi, l-am sprijinit total \u0219i mi-am pus destinul \u00een joc \u0219i mi-am respectat cuv\u00e2ntul c\u0103 era simplu s\u0103-i iau locul, probabil aveam alt destin. Dar cum spunea \u0219i domnul General veteran de r\u0103zboi celebrul Radu Theodoru, nu \u0103sta a fost destinul meu. N m-a dus Dumnezeu pe calea aia.<\/p>\n<p>\u00a0<\/p>\n<p>Victor este un om foarte inteligent. Este un om de\u0219tept. Vorbe\u0219te c\u00e2teva limbi str\u0103ine. Are instinct politic cu adev\u0103rat. Victor Ponta nu \u0219tiu dac\u0103 e adeptul total al acestor simboluri: Dumnezeu, patrie, familie, onoare.<\/p>\n<p>\u00a0<\/p>\n<p>\u00ceNTREBARE: Dar care este p\u00e2n\u0103 la urm\u0103 scopul? Fiindc\u0103 nimeni nu \u00een\u021belege mi\u0219c\u0103rile lui pe scena politic\u0103.<\/p>\n<p>\u00a0<\/p>\n<p>G.O: Repet, Victor Ponta este un om inteligent. E un om care are rela\u021bii, \u0219i le-a f\u0103cut \u0219i le-a p\u0103strat la nivel \u00eenalt. El e prieten cu pre\u0219edintele Vucic, cu pre\u0219edintele Erdogan. Are o rela\u021bie special\u0103. Erdogan care este un mare juc\u0103tor politic al scenei interna\u021bionale. Dovedit. Victor Ponta sunt convins c\u0103 s-a dus \u00een America&#8230; Ce a vrut s\u0103 simbolizeze? C\u0103 d\u0103 m\u00e2na cu omul planetei. Cel mai puternic om al planetei acum. Pre\u0219edintele Trump.<\/p>\n<p>\u00a0<\/p>\n<p>Vreau s\u0103 v\u0103 spun c\u0103 eu i-am scris la greu patru scrisori pre\u0219edintelui Trump: 2021, 22, 23 \u0219i 24 dup\u0103 ce a fost \u00eempu\u0219cat. \u0218i a cincea, o am, am pus-o o public\u0103, i-am trimis-o, n-am primit \u00eenc\u0103 r\u0103spuns, dar am dat-o \u0219i public, \u00een care am explicat foarte clar \u0219i c\u0103 s-au blocat alegerile printre altele. Victor Ponta cred c\u0103 s-a dus s\u0103 arate c\u0103 este juc\u0103tor. C\u0103 este juc\u0103torul momentului \u00een Rom\u00e2nia, care el d\u0103 m\u00e2na cu Trump.<\/p>\n<p>\u00a0<\/p>\n<p>Victor Ponta, vreau s\u0103 v\u0103 mai spun un lucru \u0219i \u00eel spun cu greutate, c\u0103 tot vorbeam de sufrageria lui Oprea: eu mi-am schimbat destinul pentru el. Eu m-am schimbat \u0219i nu l-am schimbat \u0219i am stat l\u00e2ng\u0103 el la greu.<\/p>\n<p>\u00a0<\/p>\n<p>El ulterior \u0219i-a f\u0103cut partid cu ni\u0219te oameni cu care s-a certat ulterior \u00een Pro Rom\u00e2nia, chiar i-a pus pe list\u0103 de candida\u021bi care \u00eemi f\u0103ceau dosare penale, \u00eemi f\u0103ceau pl\u00e2ngeri penale. A\u021bi \u00een\u021beles? Este durerea mea de prieten al lui Victor Ponta, un om care chiar crede \u00een onoare \u0219i \u00een demnitate.<\/p>\n<p>\u00a0<\/p>\n<p>\u00ceNTREBARE: Deci Victor Ponta a tr\u0103dat?<\/p>\n<p>\u00a0<\/p>\n<p>G.O: Deci spuneam c\u0103 Victor Ponta, ulterior, el probabil a crezut \u00een ce \u00eei spuneau unii, c\u0103 vreau s\u0103 iau locul. Via\u021ba a demonstrat, indubitabil, c\u0103 eu am onoare, c\u0103 nu am vrut s\u0103-i iau locul. Este indubitabil. Cu ace\u0219ti oameni \u00een Pro Rom\u00e2nia, \u0219i m\u0103 refer aici la dl general Predoiu, printre altele ex-SIE, sau alt general care \u00eemi f\u0103ceau pl\u00e2ngeri penale.<\/p>\n<p>\u00a0<\/p>\n<p>Victor Ponta e un juc\u0103tor politic. Victor Ponta e un om de\u0219tept. A avut o guvernare bun\u0103, am fost \u0219i eu acolo. Bun\u0103 din punct de vedere economic pentru Rom\u00e2nia. Victor Ponta s-a dus \u00een Statele Unite s\u0103 arate rom\u00e2nilor&#8230; S-a mai dus \u0219i Dragnea, chiar \u0219i cu Grindeanu, a dat noroc peste mas\u0103 cu pre\u0219edintele Trump. Victor Ponta s-a dus acolo s\u0103 arate c\u0103 este juc\u0103tor. Victor Ponta este un juc\u0103tor politic.<\/p>\n<p>\u00a0<\/p>\n<p>\u00ceNTREBARE: Ce p\u0103rere ave\u021bi despre candidatura lui Crin Antonescu \u00een acest context la alegerile preziden\u021biale din partea coali\u021biei PSD-PNL-UDMR? Av\u00e2nd \u00een vedere c\u0103 \u00ee\u0219i creioneaz\u0103 o imagine de independent, vine din PNL.<\/p>\n<p>\u00a0<\/p>\n<p>G.O: A fost chiar pre\u0219edintele PNL-ului. \u00cel cunosc pe domnul Antonescu. Vreau s\u0103 v\u0103 spun c\u0103 domnul Antonescu este unul dintre cei mai buni oratori politici pe care i-am cunoscut.<\/p>\n<p>\u00a0<\/p>\n<p>Nu cred c\u0103 \u00eent\u00e2mpl\u0103tor a fost ales acum de actuala coali\u021bie fiindc\u0103 este unul dintre cei care trec sticla. Sunt mul\u021bi politicieni, dar nu trec sticla. Trece sticla. Cum se c\u00e2\u0219tig\u0103 alegerile? Alegerile se c\u00e2\u0219tig\u0103 \u00eentotdeauna pe emo\u021bie. Pe sentimente, pe ur\u0103, pe \u00eencr\u00e2ncenare. Ca s\u0103 po\u021bi s\u0103 crezi toate aceste lucruri, trebuie s\u0103 treci sticla. Televizorul, cum s-a zis. S\u0103 ajungi la sufletul rom\u00e2nilor. Antonescu este un bun orator. Eu cred c\u0103 a fost pus, fiind un bun orator, ca s\u0103 fie un adversar, de exemplu, domnului Georgescu, care e un bun orator.<\/p>\n<p>\u00a0<\/p>\n<p>\u00ceNTREBARE: Dar crede\u021bi c\u0103 are \u0219ans\u0103 ca s\u0103 c\u00e2\u0219tige aceast\u0103 curs\u0103 foarte important\u0103 \u0219i foarte dificil\u0103?<\/p>\n<p>\u00a0<\/p>\n<p>G.O: Eu a\u0219 vrea s\u0103 m\u0103 chema\u021bi \u00eenainte de aceste alegeri \u0219i dac\u0103 m\u0103 chema\u021bi, eu atunci v\u0103 dau chiar \u0219i un pronostic. P\u00e2n\u0103 atunci, \u00een schimb. V\u0103 spun c\u0103, nu \u00eent\u00e2mpl\u0103tor, a fost ales Crin Antonescu.<\/p>\n<p>\u00a0<\/p>\n<p>\u00ceNTREBARE: Este valul independen\u021bilor?<\/p>\n<p>\u00a0<\/p>\n<p>G.O: Este valul independen\u021bilor \u0219i trebuie un om care trece sticla, care este un bun orator. Crin Antonescu \u00eendepline\u0219te aceste condi\u021bii. Are experien\u021ba politic\u0103, se d\u0103 drept \u0219i trebuie un om inteligent, trece sticla.<\/p>\n<p>\u00a0<\/p>\n<p>\u00ceNTREBARE: Av\u00e2nd \u00een vedere situa\u021bia de la alegerile preziden\u021biale, crede\u021bi c\u0103 cineva \u00eencearc\u0103 s\u0103 opreasc\u0103 candidatura lui C\u0103lin Georgescu? Crede\u021bi c\u0103 pentru cineva reprezint\u0103 o amenin\u021bare? Crede\u021bi c\u0103 va fi, p\u00e2n\u0103 la urm\u0103, l\u0103sat s\u0103 candideze la urm\u0103toarele alegeri?<\/p>\n<p>\u00a0<\/p>\n<p>G.O: Am v\u0103zut toate informa\u021biile care au fost \u00een CSAT fiindc\u0103 s\u0103 \u0219ti\u021bi c\u0103 a\u0219a se \u00eent\u00e2mpl\u0103 \u00eentr-un stat de drept. Pe de alt\u0103 parte, am v\u0103zut \u0219i r\u0103spunsul organelor de anchet\u0103, a institu\u021biilor statului. Eu cred c\u0103, \u00een momentul de fa\u021b\u0103, eu sper c\u0103 domnul Georgescu i se va da voie s\u0103 candideze. E normal c\u0103 trebuiau cercetate. Chiar \u0219i domnul Georgescu a spus c\u0103 e foarte bine s\u0103 fie cercetate ca a\u0219a este corect. Dac\u0103 tot s-a blocat \u00een timpul jocului candidatura \u0219i s-a blocat turul 2 al alegerilor.<\/p>\n<p>\u00a0<\/p>\n<p>Eu cred c\u0103 domnul Georgescu va candida, fiindc\u0103 e greu. Nu cred c\u0103 exist\u0103 deocamdat\u0103, din ce este public. N-am alte informa\u021bii s\u0103 fie blocat, s\u0103 i se blocheze candidatura.<\/p>\n<p>\u00a0<\/p>\n<p>Eu cred \u00eentr-o final\u0103 Antonescu, chiar \u0219i rimeaz\u0103, Antonescu cu Georgescu, am\u00e2ndoi buni oratori.<\/p>\n<p>\u00a0<\/p>\n<p>\u00ceNTREBARE: Indiferent de cine mai intr\u0103 \u00een curs\u0103 ulterior?<\/p>\n<p>\u00a0<\/p>\n<p>G.O: Vorbeam de turul 2. Eu cred c\u0103 finala \u00een turul 2 va fi \u00eentre doi buni oratori. \u00centre domnul Georgescu \u0219i domnul Antonescu.<\/p>\n<p>\u00a0<\/p>\n<p>MITUL SUFRAGERIEI LUI OPREA: N-a fost dec\u00e2t dorin\u021ba unui individ s\u0103 pl\u0103teasc\u0103 ni\u0219te poli\u021be vechi<\/p>\n<p>\u00a0<\/p>\n<p>\u00ceNTREBARE: Domnule general, se mai negocioaz\u0103 puterea \u00een sufrageria lui Oprea?<\/p>\n<p>\u00a0<\/p>\n<p>G.O: Vorbim ca principiu sau ca ce vorbim?<\/p>\n<p>\u00a0<\/p>\n<p>Din ce perspectiv\u0103 dori\u021bi dumneavoastr\u0103 s\u0103 o explica\u021bi.<\/p>\n<p>\u00a0<\/p>\n<p>Cred c\u0103 am demolat acest mit al sufrageriei lui Oprea. N-a fost dec\u00e2t dorin\u021ba unui individ s\u0103 pl\u0103teasc\u0103 ni\u0219te poli\u021be vechi, faptul c\u0103 era jurnalist.<\/p>\n<p>\u00a0<\/p>\n<p>\u00ceNTREBARE: Oarecum se c\u0103uta senza\u021bionalul?<\/p>\n<p>\u00a0<\/p>\n<p>G.O: Nu. Se c\u0103uta senza\u021bionalul pentru ziarul lui pe care \u00eel avea sau pe care nu-l are \u00een\u021beleg de fapt. Era momentul s\u0103 pl\u0103teasc\u0103 ni\u0219te poli\u021be \u0219i dorea \u0219i un senza\u021bional care s\u0103 \u00eel propulseze fiindc\u0103 erau alegeri \u0219i candida pentru un mandat de parlamentar.<\/p>\n<p>\u00a0<\/p>\n<p>Sunt ingredientele care s\u0103 te ajute \u00een politic\u0103. S\u0103 \u0219ti\u021bi c\u0103 \u00een general acum s\u0103 discut\u0103m \u00een afar\u0103 de tot ce se vede public sau simbolizeaz\u0103 institu\u021biile, Parlamentul Rom\u00e2niei, Guvernul Rom\u00e2niei, Pre\u0219edin\u021bia Rom\u00e2niei, alte simboluri, s\u0103 \u0219ti\u021bi c\u0103 oamenii sunt totu\u0219i oameni. Oamenii se \u00eent\u00e2lnesc, vorbesc, mai m\u0103n\u00e2nc\u0103 ceva, mai beau un bar de vin.<\/p>\n<p>\u00a0<\/p>\n<p>Cele mai importante momente sunt momentele intime. Momentele \u00een care discut\u0103 \u00eentre ei. \u00cen momentul \u00een care, v\u0103 dau un exemplu pe plan interna\u021bional, c\u00e2nd cu un oficial stai doar \u0219i vorbe\u0219ti la mas\u0103 oficial\u0103 \u0219i nu te duci cu el \u00eentr-un col\u021b \u0219i beu cafea \u0219i ai un tete-a-tete, nu se creeaz\u0103 \u0219i acele lianturi \u00eentre oameni \u00een care \u00eencepi s\u0103 te respecti mai mult, s\u0103 te \u00een\u021belegi \u0219i chiar s\u0103 te aju\u021bi reciproc.<\/p>\n<p>\u00a0<\/p>\n<p>\u00centotdeauna exist\u0103, ca s\u0103 spun a\u0219a, o sufragerie pentru discu\u021bii politice. Important ca aceste discu\u021bii s\u0103 fie constructive, s\u0103 fie corecte, s\u0103 fie juste \u0219i \u00een ce ne prive\u0219te pe noi rom\u00e2nii. Ce vor rom\u00e2nii? Vor siguran\u021b\u0103 \u0219i prosperitate \u0219i cred c\u0103 vor pace. Vreau s\u0103 v\u0103 mai spun un lucru foarte important. Cine \u00een\u021belege, dup\u0103 tot ce s-a \u00eent\u00e2mplat \u00een aceste alegeri p\u00e2n\u0103 acum parlamentale, preziden\u021biale, blocate, cine \u00een\u021belege c\u0103 acum, decembrie 2024 \u0219i ne vede Dumnezeu&#8230; Cine nu \u00een\u021belege c\u0103 rom\u00e2nii \u00ee\u0219i doresc mai mult ca oric\u00e2nd patriotism \u0219i demnitate \u0219i onoare. Asta e cheia politic\u0103. Cine nu \u00een\u021belege a\u0219a ceva, \u00eenseamn\u0103 c\u0103 nu a \u00een\u021beles nimic.<\/p>\n<p>\u00a0<\/p>\n<p>\u00ceNTREBARE: Trebuie s\u0103 ne \u00eentoarcem un pic pentru c\u0103 foarte multe \u00eentreb\u0103ri au fost \u00een decursul anului legat de acest mit, sufrageria lui Oprea. S-a vehiculat pe la col\u021buri, prin pres\u0103, c\u0103 ar fi fost anumite secrete \u00een sufrageria lui Oprea. C\u0103 ar fi fost mai mul\u021bi politicieni, c\u0103 ar fi fost de mai multe ori Florian Coldea, George Maior, Laura Codru\u021ba Kovesi dar \u0219i Liviu Dragnea, care ar fi negociat ce-ar fi f\u0103cut negocierile puterii.<\/p>\n<p>\u00a0<\/p>\n<p>G.O: Liviu Dragnea n-a fost niciodat\u0103 la mine \u00een cas\u0103. Asta ca s\u0103 termin\u0103m discu\u021bia. Pe de alt\u0103 parte, Kovesi\u00a0 a venit la mine \u00een cas\u0103 doar atunci c\u00e2nd v-am povestit. George Maior a venit de mai multe ori la mine \u00een cas\u0103 \u0219i eu am fost la el \u00een cas\u0103, aveam o rela\u021bie de prietenie.<\/p>\n<p>\u00a0<\/p>\n<p>Florian Coldea n-a venit dec\u00e2t atunci la mine \u00een cas\u0103 \u0219i cred c\u0103 am stabilit foarte clar toate acestea. A fost un mit. A fost o mizerie ordinar\u0103 care al\u0103turi de dosarele politice, mizerabile, care mi s-au f\u0103cut, a fost un mit, eram \u021bint\u0103 politic\u0103.<\/p>\n<p>\u00a0<\/p>\n<p>Eu \u00eentotdeauna am mers pe calea patriotismului. Am dovedit. \u00centotdeauna am crezut \u00een securitatea na\u021bional\u0103.<\/p>\n<p>\u00a0<\/p>\n<p>\u00centotdeauna m-am b\u0103tut pentru dotarea lor. \u00centotdeauna m-am b\u0103tut crez\u00e2nd \u00een Rom\u00e2nia \u0219i \u00eentotdeauna am c\u0103utat s\u0103 \u0219ti\u021bi s\u0103 stau \u00een picioare, s\u0103 stau drepti, s\u0103 m\u0103 uit \u00een ochii oamenilor c\u00e2teodat\u0103 p\u00e2n\u0103 las\u0103 ochi \u00een jos. Vreau s\u0103 v\u0103 spun, m\u0103 vede Dumnezeu, nu-mi e fric\u0103 de nimeni \u0219i de nimic, cum spun toat\u0103 lumea, de Dumnezeu. M\u0103 uit \u00een ochii oricui p\u00e2n\u0103 \u00eei las\u0103 \u00een jos. Pe mine nu aveau cu ce s\u0103 m\u0103 ia. Chiar eram un om serios. V\u0103 spuneam de aceast\u0103 statuie. Vorbim de simbol, \u00eentotdeauna \u00een via\u021b\u0103 trebuie s\u0103 ai un simbol, s\u0103 dovede\u0219ti ceva.<\/p>\n<p>\u00a0<\/p>\n<p>Am f\u0103cut aceast\u0103 statuie cu Piedone. Era primar la sectorul 4 \u0219i mi-a dat un loc foarte bun. Fa\u021b\u0103 \u00een fa\u021b\u0103 cu Palatul Copilor. E singurul monument construit dup\u0103 1990, \u00een afar\u0103 de statuia soldatului necunoscut.<\/p>\n<p>\u00a0<\/p>\n<p>Totdeauna ceremoniale militare se fac la acest monument care reprezint\u0103 militarii \u0219i poli\u021bi\u0219tii c\u0103zu\u021bi la datorie \u00een timpul statului rom\u00e2n modern \u0219i cu militarii \u0219i poli\u021bi\u0219tii care au c\u0103zut \u00een teatrele de opera\u021bii \u0219i care ni s-au cerut milioane de euro \u0219i s-a f\u0103cut sub un milion de euro \u0219i pe care am donat-o Armatei Rom\u00e2ne.<\/p>\n<p>\u00a0<\/p>\n<p>Nu am deschis \u00eent\u00e2mpl\u0103tor acest subiect pentru c\u0103 vreau s\u0103 punem cap\u0103t controverselor. Av\u00e2nd \u00een vedere c\u0103 se spunea c\u0103 s-a discutat despre r\u0103sturnarea scorului \u00een favoarea lui Traian B\u0103sescu, dar dumneavoastr\u0103 a spus foarte clar c\u0103 p\u00e2n\u0103 la urm\u0103 acea \u00eent\u00e2lnire a luat sf\u00e2r\u0219it \u00een jur de ora 9.<\/p>\n<p>\u00a0<\/p>\n<p>\u00cenc\u0103 o dat\u0103, repet, nici nu o programasem. Am dat diminea\u021b\u0103 telefon, am chemat c\u00e2\u021biva prieteni. Niciodat\u0103 n-am crezut c\u0103 vine. Am b\u0103ut un \u0219pri\u021b \u0219i am m\u00e2ncat. A fost o cin\u0103 privat\u0103, simpl\u0103. Aceasta este marea demagogie a domnului Andronic. Acesta, fiindc\u0103 a creat, fiind jurnalist, av\u00e2nd nevoie de senza\u021bional atunci, am explicat contextul, s\u0103 pl\u0103tesc\u0103 ni\u0219te poli\u021be \u0219i s\u0103 candideze \u0219i s\u0103 c\u00e2\u0219tige faim\u0103, ca s\u0103 spun a\u0219a, senza\u021bional, s\u0103 urce \u0219i s\u0103 intre \u00een Parlament. Uita\u021bi c\u0103 Dumnezeu nu l-a ajutat \u0219i n-a intrat \u00een Parlament. Restul e un mit. Restul e o mizerie.<\/p>\n<p>\u00a0<\/p>\n<p>Puteam s\u0103-i acuz pe Coldea \u0219i pe Kovesi. Mi s-a f\u0103cut un dosar mizerabil. Toat\u0103 \u021bara \u0219tia.<\/p>\n<p>\u00a0<\/p>\n<p>\u00ceNTREBARE: Din partea statului paralel?<\/p>\n<p>\u00a0<\/p>\n<p>G.O: Toat\u0103 \u021bara \u0219tia c\u0103 a fost o nedreptate. Cum po\u021bi s\u0103 fii acuzat de ucidere din culp\u0103 de pe bancheta din spate? Uita\u021bi c\u0103 am putut. De aceea am avut \u00eencredere \u00een Dumnezeu, \u00een justi\u021bie \u0219i mi s-a f\u0103cut dreptate.<\/p>\n<p>\u00a0<\/p>\n<p>\u00ceNTREBARE: A\u021bi dep\u0103\u0219it toat\u0103 aceast\u0103 perioad\u0103 extrem de dificil\u0103 din via\u021ba dumneavoastr\u0103, care a durat foarte mul\u021bi ani, a\u0219a cum a\u021bi men\u021bionat aproximativ 8 ani, dar \u0219i \u00een spa\u021biul public. Deci, practic, vi s-a pl\u0103nuit acest dosar penal la comand\u0103 de c\u0103tre statul paralel, de c\u0103tre persoane care au stat la mas\u0103 cu dumneavoastr\u0103?<\/p>\n<p>G.O: Repet: \u00een momentul \u00een care am refuzat s\u0103-l dau jos pe Ponta&#8230;<\/p>\n<p>\u00ceNTREBARE: Cine v-a propus acest lucru?<\/p>\n<p>G.O: Pre\u0219edintele Rom\u00e2niei. \u00cen momentul c\u00e2nd mi s-a propus s\u0103-l dau jos pe Ponta \u0219i s\u0103 devin prim-ministru am refuzat. Am spus totdeauna UNPR-ul \u0219i eu l-am sprijinit pe B\u0103sescu. De Traian B\u0103sescu po\u021bi s\u0103 spui orice, dar s\u0103 nu spui a avut un rol strategic pentru \u00eent\u0103rirea parteneriatului strategic cu Statele Unite ale Americei. Ca s\u0103 fie clar. De siguran\u021b\u0103 pentru Rom\u00e2nia. L-am sprijinit pe probleme de securitate na\u021bional\u0103. Pe Klaus Iohannis l-am sprijinit pe acelea\u0219i probleme, fiindc\u0103 cred \u00een a\u0219a ceva, mai ales ca militar. V-am spus. Nici n-am negociat. Al\u021bi oameni care joac\u0103 biliard politic puneau condi\u021bii. N-am pus nicio condi\u021bie. \u00cen ordine. L-am sprijinit, l-am numit pe Edi Hellvig, pe Ungureanu, lucruri complicate, grele.<\/p>\n<p>\u00a0<\/p>\n<p>Am trecut strategia de securitate na\u021bional\u0103 pe care eu ca militar am \u00een\u021beles-o. Rom\u00e2nia avea nevoie de a\u0219a ceva. Nu trebuia s\u0103 m\u0103 t\u00e2rguiesc, mai d\u0103-mi ceva ca s\u0103 o trec.<\/p>\n<p>\u00a0<\/p>\n<p>\u00cen tot ceea ce am f\u0103cut, vreau s\u0103 v\u0103 spun, chiar am crezut \u0219i cred \u00een a\u0219a ceva. De aceea mi s-au \u00eent\u00e2mplat dou\u0103 lucruri ciudate: un accident ciudat, un incendiu ciudat. S-a realizat guvernul meu. Ne-am dat demisiile, mi-am dat demisia \u00een aceea secund\u0103 cu Victor Ponta, mi-am dat demisia de peste dou\u0103 \u0219i m-am pus la dispozi\u021bie a instan\u021bei.<\/p>\n<p>\u00a0<\/p>\n<p>E lucru dovedit. Am primit vot favorabil \u00een Senat s\u0103 nu plec din Senat. Mi-am dat \u0219i demisia din Senat. De ce? Nu c\u0103 au ie\u0219it politic c\u00e2teva sute de demonstran\u021bii. V-am spus c\u0103 am v\u0103zut demonstra\u021bie de 150.000 de oameni, nu? Mi-am dat demisia. \u0218i Dumnezeu m-a ajutat \u0219i dreptatea, fiindc\u0103 eram, de\u021bineam adev\u0103rul, eram total nevinovat, eram o \u021bint\u0103 politic\u0103 pe un dosar politic mizerabil.<\/p>\n<p>\u00a0<\/p>\n<p>Problema e s\u0103 rezi\u0219ti la a\u0219a ceva, s\u0103 ai t\u0103ria. De aceea unitatea de corp, valorile acestea, sistemul de valori te \u021bin \u00een via\u021b\u0103 \u0219i mergi cu credin\u021ba c\u0103 vei c\u00e2\u0219tiga.<\/p>\n<p>\u00a0<\/p>\n<p>\u00ceNTREBARE: A\u021bi adus men\u021biune de foarte multe ori p\u00e2n\u0103 acum de securitatea na\u021bional\u0103. Vreau s\u0103 v\u0103 \u00eentreb dac\u0103 securitatea na\u021bional\u0103 a fost pus\u0103 \u00een pericol \u00een de-a lungul timpului de statul paralel.<\/p>\n<p>G.O: \u00centotdeauna c\u00e2nd nu sunt respectate legile \u021b\u0103rii, \u00eentotdeauna c\u00e2nd, de exemplu, oameni de afaceri rom\u00e2ni sunt bloca\u021bi, \u00eentotdeauna \u0219i poate unii str\u0103ini sunt favoriza\u021bi, \u00eentotdeauna c\u00e2nd se face o nedreptate \u0219i ultimului om care \u00eei se face o nedreptate este o problem\u0103 de securitate na\u021bional\u0103, de siguran\u021b\u0103 na\u021bional\u0103.<\/p>\n<p>\u00ceNTREBARE: \u0218i cine r\u0103spunde pentru acest lucru?<\/p>\n<p>G.O: Statul rom\u00e2n trebuie s\u0103 dovedeasc\u0103. \u00cen\u021beleg c\u0103 sunt dosare \u00een justi\u021bie. Statul rom\u00e2n trebuie s\u0103 dovedeasc\u0103, parchetul s\u0103 acuze iar instan\u021ba, \u00een \u00een\u021belepciunea ei, s\u0103 dea o decizie corect\u0103, just\u0103 \u0219i dreapt\u0103.<\/p>\n<p>\u00a0<\/p>\n<p>OPREA: N-AM FOST NICIODAT\u0102 PRIETEN CU COLDEA, L-AM CUNOSCUT, ERA O RELA\u021aIE AMICAL\u0102<\/p>\n<p>\u00a0<\/p>\n<p>\u00ceNTREBARE: A\u021bi avut o rela\u021bie apropiat\u0103 cu Florian Coldea? O rela\u021bie de prietenie?<\/p>\n<p>\u00a0<\/p>\n<p>Gabriel Oprea: La momentul 2009 ne cuno\u0219team, nu eram amici. Ulterior i-am devenit conduc\u0103tor de doctorat, pentru c\u0103 am fost unul dintre oamenii care am pus um\u0103rul la crea domenului de securitate na\u021bional\u0103 la Academia Na\u021bional\u0103 de Informa\u021bie.<\/p>\n<p>\u00a0<\/p>\n<p>La Academia de Poli\u021bie am f\u0103cut domeniul de ordine public\u0103, iar la Academia Na\u021bional\u0103 de Informa\u021bie \u201cMihai Viteazul\u201d domeniul de informa\u021bie \u0219i securitate na\u021bional\u0103. \u00cen momentul c\u00e2nd i-am devenit coordinator de doctorat am devenit o rela\u021bie mai apropiat\u0103. Cu Florian Coldea n-am fost prieten niciodat\u0103, dar\u00a0 l-am cunoscut, era o rela\u021bie amical\u0103.<\/p>\n<p>\u00a0<\/p>\n<p>\u00ceNTREBARE: Oamenii de acas\u0103 trebuie s\u0103 \u00een\u021beleag\u0103 dac\u0103 a\u021bi avut discu\u021bii cu Florian Coldea despre cine ar fi trebuit s\u0103 fie arestat \u00een perioada de gloria statului paralel, \u00een perioada acelor protocole?<\/p>\n<p>\u00a0<\/p>\n<p>G.O: Acele protocole au fost stabilite \u00een CSAT, \u00eemi aduc aminte c\u0103 parc\u0103 dup\u0103 2016. Eu mi-am dat demisia la 5 noiembrie 2015. Nu? Deci, cu Florian Coldea am avut doar discu\u021bii, din c\u00e2nd \u00een c\u00e2nd, pe teme de doctorat. Eu \u00a0am avut o rela\u021bie de amici\u021bie doar cu George Maior, cu care m\u0103 mai \u00eent\u00e2lneam, fiindc\u0103 eram vicepremier pe securitatea na\u021bional\u0103 \u0219i ministru de Interne.<\/p>\n<p>\u00a0<\/p>\n<p>OPREA: PENTRU MAIOR M-AM B\u0102TUT, DIN PUNCT DE VEDERE POLITIC. I-AM OB\u021aINUT S\u0102 FIE AMBASADOR \u00ceN SUA<\/p>\n<p>\u00a0<\/p>\n<p>G.O: Florian Coldea, ca s\u0103 fie clar pentru toat\u0103 lumea, n-a fost niciodat\u0103 prietenul meu. Eu nu prea discutam cu el. Nu aveam rela\u021bii de prieteni, nu o spun ca s\u0103 m\u0103 delimiteze de el, dac\u0103 eram prieteni, v\u0103 spuneam. Eu am avut o rela\u021bie de prietenie, cel pu\u021bin din punctul meu de vedere, cu George Maior. \u00a0Eu am crezut mult \u00een Maior, de aceea, de exemplu, m-am b\u0103tut pentru el, ca \u0219i am f\u0103cut pentru to\u021bi prietenii mei, m-am b\u0103tut pentru el, din punct de vedere politic, spun, c\u00e2nd i-am ob\u021binut s\u0103 fie ambasador \u0219i am \u0219i contrasemnat ca premier \u00een func\u021bie s\u0103 fie ambasadorul Rom\u00e2niei \u00een Statele Unite.<\/p>\n<p>\u00a0<\/p>\n<p>\u00ceNTREBARE: Un pas important, \u00eens\u0103, ce rela\u021bii mai ave\u021bi acum cu domnul Maior?<\/p>\n<p>G.O: Vorbim mai rar.<\/p>\n<p>\u00ceNTREBARE: La un moment dat era situa\u021bia c\u0103 era\u021bi certa\u021bi, c\u0103 ar fi fost mai multe ne\u00een\u021belegeri \u00eentre dumneavoastr\u0103 \u0219i domnul Maior?<\/p>\n<p>G.O: Aten\u021bie! Poate am fost dezam\u0103git de domnul Maior, \u00een contextul \u00een care eu altfel v\u0103d simbolul prieteniei. Dar poate doar eu, un militar din Ministerul Ap\u0103r\u0103rii Na\u021bionale, v\u0103d lucrurile a\u0219a, bazat \u00a0pe onoare. Poate am fost dezam\u0103git de domnul Maior. Nu m-am certat, ca s\u0103 fie clar, cu George Maior. Nu prea m-am mai v\u0103zut \u00een ultimul timp, dar, repet, ca s\u0103 fie clar, nu sunt certat cu George Maior.<\/p>\n<p>\u00a0<\/p>\n<p>\u00ceNTREBARE: V-a vorbit vreodat\u0103 acesta (Coldea \u2013 N. R.) \u00eentr-o discu\u021bie, la telefon sau fa\u021b\u0103-\u00een fa\u021b\u0103, despre \u00eent\u00e2lnirile pe care le avea cu Laura Codru\u021ba Kovesi? Au fost foarte multe controversii de acest gen.<\/p>\n<p>\u00a0<\/p>\n<p>G.O: Cred c\u0103 nu suntem copii. \u00cen primul r\u00e2nd, v\u0103 spun, nu eram prieten cu Florian Coldea.<\/p>\n<p>Doi, crede\u021bi dumneavoastr\u0103 c\u0103 un adjunct al Serviciului Rom\u00e2n de Informa\u021bii, indiferent cum \u00eel chem\u0103, poate Coldea, \u00eemi povestea mie de ce discu\u021bii avea el cu Laura Codru\u021ba Kovesi?<\/p>\n<p>Nu. Niciodat\u0103. Eu n-am fost prieten nici cu Kovesi, n-am fost prieten nici cu Florian Coldea.<\/p>\n<p>\u00a0<\/p>\n<p>Am fost prieten, cel pu\u021bin, \u00eemi crezut eu, cu domnul Maior. Ne \u00eent\u00e2lneam la K2, de exemplu, cu conducerea Serviciului Rom\u00e2n, dar nu numai, cu toate institu\u021biile pe linia Securit\u0103\u021bii Na\u021bionale, dup\u0103 25 octombrie, dup\u0103 1 Decembrie sau la ziua de na\u0219tere a domnului Maior, de exemplu, am fost la K2.<\/p>\n<p>\u00a0<\/p>\n<p>Cred c\u0103 am fost o dat\u0103 \u0219i cred c\u0103 a fost \u0219i domnul Dragnea cu celebra t\u0103ier\u0103 de porc. Dar sunt ni\u0219te lucruri normale. Trebuie privite \u00een modul simplu.<\/p>\n<p>\u00a0<\/p>\n<p>Sunt rela\u021bii tradi\u021bionale. Nu am discutat niciodat\u0103 \u0219i vreau s\u0103 fie foarte clar, despre arest\u0103ri sau de prostii de genul acesta, da?<\/p>\n<p>Vreau s\u0103 \u0219ti\u021bi c\u0103 \u00een domeniul acesta de Securitate Na\u021bional\u0103, dac\u0103 dai ordine din birou \u0219i spui, \u0219i faci pe un omul integru, dar \u00een acela\u0219i timp pe la spate iei \u0219p\u0103gi \u0219i faci orice alte lucruri, vreau s\u0103 v\u0103 spun c\u0103 nu ai niciun pic de autoritate.<\/p>\n<p>\u00a0<\/p>\n<p>Eu sunt un om, vreau s\u0103 verifica\u021bi, care am avut autoritate. Eu am avut integritate. Eu am fost un om respectat, fiindc\u0103 am respectat la r\u00e2ndul meu.<\/p>\n<p>Eu ceea ce am spus, am f\u0103cut. De aceea poate am reprezentat la un moment dat&#8230; Niciodat\u0103 nu mi-am propus altceva.<\/p>\n<p>Sunt un om care am luptat, am fost mul\u021bumit, am spus, am avut toate func\u021biile mai pu\u021bin pre\u0219edinte \u00een Rom\u00e2nie. Nu mi-am propus niciodat\u0103 \u0219i niciodat\u0103 n-am avut \u00een obiectiv a\u0219a ceva. M-a preocupat \u00een schimb, \u0219i cred, \u0219i m-a preocupat \u00een continuare, dotarea Armatei Rom\u00e2ne \u0219i acest sistem de valori. \u0218i cred c\u0103 am dreptat.<\/p>\n<p>OPREA: AM DOVEDIT C\u0102 NU AM PLAGIAT \u0218I AU SCHIMBAT DIN MERS REGUILILE JOCULUI<\/p>\n<p>\u00a0<\/p>\n<p>\u00ceNTREBARE: \u00cen perioada 2015, c\u00e2nd inclusiv \u00een cartea dumneavoastr\u0103, vorbind despre acea perioad\u0103 neagr\u0103 din justi\u021bie, cu arest\u0103rile la comand\u0103, protocolele SRI-DNA, venirea \u00een for\u021b\u0103 a binomului\u2026 Despre acele arest\u0103ri la comand\u0103 cine r\u0103spunde?<\/p>\n<p>G.O: \u00a0Eu, de exemplu, dup\u0103 ce am c\u00e2\u0219tigat acest proces, puteam s\u0103 m\u0103 \u00eendrept \u00eempotriva procurorului Amariei, care imediat dup\u0103 ce am primit solu\u021bia definitiv\u0103, c\u0103 fapta nu exist\u0103, a fugit imediat la doamna Kovesi. A fost luat imediat la Parchetul European.<\/p>\n<p>Nu \u0219tiu dac\u0103&#8230; \u00eent\u00e2mpl\u0103tor sau nu. Puteam s\u0103-i cer, conform legii, da, ni\u0219te bani, de exemplu?<\/p>\n<p>Victor Ponta a cerut. Eu nu am f\u0103cut acest lucru. Po\u021bi s\u0103 ceri ni\u0219te bani, de exemplu, pentru cei care m-au denigrat \u0219i am c\u00e2\u0219tigat la \u00cenalta Curte, c\u0103 am plagiat, d\u00e2ndu-mi doctoratul \u00een urm\u0103 cu 20 de ani, pe alte criterii \u0219i&#8230;chiar ob\u021binusem la Comisia de demnitari, cu 9 la 0, c\u0103 nu am plagiat. \u0218i au schimbat iar\u0103\u0219i regulile jocului \u00een timpul jocului.<\/p>\n<p>Eu cred c\u0103 ace\u0219ti oameni ar trebui s\u0103 r\u0103spund\u0103. Sunt c\u0103i juridice, avem un cod civil, avem un cod penal, care trebuie s\u0103-\u0219i spun\u0103 cuv\u00e2ntul.<\/p>\n<p>\u00a0<\/p>\n<p>Dar ei s-au prezut mai presus de lege. A\u021bi v\u0103zut parada de c\u0103tu\u0219e? A\u021bi v\u0103zut aceste evenimente? Vreau s\u0103 v\u0103 spun un lucru care cred c\u0103-i interesant. \u0218ti\u021bi cine i-a ajutat? Cine a dat sediu actual al DNA-ului? Era PNA \u00eenainte, pe la etajul 6, pe la Parchet, st\u0103teau ca \u00een gar\u0103.<\/p>\n<p>\u00a0<\/p>\n<p>\u00cel ave\u021bi \u00een fa\u021b\u0103. Eu, Gabriel Opre, am sprijinit atunci. Era Ilie Boto\u0219. A fost prieten, am lucrat cu el \u0219i am intervenit la Adrian N\u0103stase, premierul de atunci \u0219i eram prefectul capital\u0103 \u0219i li s-a dat acel sediu. Niciodat\u0103 nu m-am g\u00e2ndit c\u0103 o s\u0103 stau la coad\u0103 la acel sediu. I-am v\u0103zut \u0219i pe mul\u021bi al\u021bi oameni st\u00e2nd la coad\u0103. Fiindc\u0103 era atunci o parade a h\u0103tu\u0219elor. Asta a fost.<\/p>\n<p>Dar aten\u021bie! Erau chema\u021bi pe treptele alea numai rom\u00e2ni. Da, politicieni rom\u00e2ni, oameni de afaceri rom\u00e2ni.<\/p>\n<p>\u00ceNTREBARE: \u00a0Trebuia s\u0103 mai fie chema\u021bi \u0219i altcineva?<\/p>\n<p>G.O: Nu \u0219tiu. Eu cred c\u0103 a fost o perioad\u0103 neagr\u0103 pentru rom\u00e2ni, \u00een general. Oameni de afaceri sau oameni politici.<\/p>\n<p>De aceea cred c\u0103 cine a gre\u0219it trebuie s\u0103 pl\u0103teasc\u0103. De aceea cred c\u0103 trebuie s\u0103 respect\u0103m legea. Eu \u00eentotdeauna am respectat-o, s\u0103 \u0219ti\u021bi.<\/p>\n<p>De aceea cred c\u0103 unde e legea nu e tocmai al\u0103. Dar trebuie s\u0103 avem \u00een acela\u0219i timp nu s\u0103 face dreptate, fiecare \u0219i face dreptate. Nu!<\/p>\n<p>Avem institu\u021bii ale statului. Trebuie s\u0103 avem \u00eencredere. Eu m-am pus la dispozi\u021bia Justi\u021biei.<\/p>\n<p>Momentul c\u00e2nd e\u0219ti acuzat \u00een mod nedrept este foarte complicat \u0219i foarte greu, omene\u0219te vorbind. Cine a gre\u0219it, trebuie s\u0103 pl\u0103teasc\u0103.<\/p>\n<p>OPREA: DAC\u0102 E\u0218TI UN OM PUTERNIC, TREBUI S\u0102 TE D\u0102R\u00c2ME. CEL MAI GREU DE SUPORTAT ESTE ATACUL LA FAMILIE<\/p>\n<p>\u00ceNTREBARE: \u00cen momentul c\u00e2nd cineva este considerat\u0103 o \u021bint\u0103 din partea statului paralel, ace\u0219tia fac orice pentru a termina persoana respectiv\u0103 din orice punct de vedere, pentru c\u0103 \u0219tim foarte bine, au fost inclusiv victime, \u00een adev\u0103rat \u00een sens al cuv\u00e2ntului, m\u0103 g\u00e2ndesc la Rudel Obreja \u0219i lista poate continua.<\/p>\n<p>\u00a0<\/p>\n<p>G.O.: Sunt omeni care s-au sinucis, de exemplu. Eu, unul, am ceva experien\u021b\u0103 \u00een acest domeniu, dar caut s\u0103 fiu un om echilibrat. Am avut parte de un lin\u0219ia\u0219 mediatic f\u0103r\u0103 precedent, tocmai c\u0103 v-am spus. De la 53% \u00eencredere \u0219i mult\u0103 \u00eencredere, \u00een urma unui lin\u0219iaj mediatic, eram terminat, fiindc\u0103, mai ales dac\u0103 e\u0219ti un om oarecum puternic, trebuie s\u0103 fii d\u0103r\u00e2mat, \u021bi se atac\u0103 familia. Cel mai greu, s\u0103 \u0219ti\u021bi, este atacul la familie.<\/p>\n<p>\u00a0<\/p>\n<p>E cel mai greu de suportat, fiindc\u0103 e vorba de familia ta. Face parte din jucul de putere. E\u0219ti atacat tu, familia, ca s\u0103 te d\u0103r\u00e2me.<\/p>\n<p>\u00a0<\/p>\n<p>\u00ceNTREBARE: C\u00e2t de afectat\u0103 a fost familia?<\/p>\n<p>\u00a0<\/p>\n<p>G.O.: N-ar rost s\u0103 intr\u0103m acum. Foarte afectat, n-are rost s\u0103 mai discut\u0103m. Am avut o familie, s\u0103 spun a\u0219a, pe care am protejat-o c\u00e2t am putut, m-am b\u0103tut pentru ea, au \u00eencredere \u00een mine, \u0219tiau c\u0103 sunt nevinova\u021bi, de aceea cred \u0219i m\u0103 vede Dumnezeu, c\u00e2nd vorbesc de Dumnezeu, patrie, familie \u0219i onoare.<\/p>\n<p>\u00a0<\/p>\n<p>Normal, trebuie s\u0103 fii puternic ca s\u0103 po\u021bi s\u0103 te ridici, s\u0103 rezi\u0219i, s\u0103 mergi \u00eenainte. Nu to\u021bi sunt a\u0219a \u0219i sunt oameni, acuza\u021bi pe nedrept, mai ales, care au murit fie \u00een pu\u0219c\u0103rie, fie au murit p\u00e2n\u0103 s\u0103 fie judeca\u021bi. Unii chiar s-au sinucis.<\/p>\n<p>Aceste lucruri cred c\u0103 nu trebuie s\u0103 mai \u00eent\u00e2mple niciodat\u0103 \u00een Rom\u00e2nia. Eu cred c\u0103 sunt lucruri care s-au \u00eent\u00e2mplat \u00een perioada de triste amintire stalinist\u0103 \u00een anii 50, c\u00e2nd elita societ\u0103\u021bii rom\u00e2ne\u0219ti sau oameni politici au murit prin pu\u0219c\u0103rii.<\/p>\n<p>\u00a0<\/p>\n<p>OPREA: DAN ANDRONIC MI-A CERUT S\u0102-I ATAC\u0102M PE KOVESI \u0218I COLDEA, CA S\u0102-\u0218I PL\u0102TEASC\u0102 EL NI\u0218TE POLI\u021aE<\/p>\n<p>\u00a0<\/p>\n<p>\u00ceNTREBARE: Din p\u0103cate am v\u0103zut c\u0103 aceste persoane nu r\u0103spund \u00een fa\u021ba legii, cu toate c\u0103 exist\u0103 foarte multe dovezi care au fost prezentate inclusiv public, dar vreau s\u0103 ne \u00eentoarcem un pic la domnul Dan Andronic. Domnul Bobby Paunescu spunea c\u0103 era un apropiat al serviciilor a satului Paralel. A\u021bi spus \u0219i acel eveniment c\u0103 de la dumneavoastr\u0103 a pornit toat\u0103 aceast\u0103 etichet\u0103 de \u201csufrageria lui Oprea\u201d \u0219i indiferen\u021ba de schimb\u0103rile petrecute \u00een interiorul statului Paralel, Dan Andronic a r\u0103mas un apropiat acestei grup\u0103ri. Crede\u021bi c\u0103 mai este \u0219i acum?<\/p>\n<p>G.O: Nu mai vorbesc cu Dan Andronic din momentul 2016, c\u00e2nd mi-a propus ca \u00eempreun\u0103 s\u0103 atac\u0103m anumi\u021bi oameni la momentul respectiv.<\/p>\n<p>\u00ceNTREBARE: Pe cine anume?<\/p>\n<p>G.O.: Pe Kovesi \u0219i pe Coldea. Cred c\u0103 eram mai sup\u0103rat pe Chiove\u0219 \u0219i Coldea dec\u00e2t domnul Andronic, ca s\u0103 glumesc, dar nu am f\u0103cut a\u0219a ceva, nu a fost cazul.<\/p>\n<p>\u00ceNTREBARE: Dar ce interes \u00ee\u021bi servea domnul Dan Andronic?<\/p>\n<p>G.O.: \u00ce\u0219i dorea s\u0103 pl\u0103teasc\u0103 ni\u0219te poli\u021bie, \u00ee\u0219i dorea senza\u021bional \u0219i tocmai participa la ni\u0219te alegeri \u0219i dorea s\u0103 urce, de exemplu, pe un val politic din acel moment.<\/p>\n<p>\u00ceNTREBARE: Crede\u021bi c\u0103 Dan Andronic ar fi propus mai multe arest\u0103ri la comandantul? C\u00e2t a\u021bi povestit ceea cel eveniment, c\u0103 era sup\u0103rat pe Sorin Ovidiu V\u00e2ntu? Crezi c\u0103 au mai existat astfel de discu\u021bii?<\/p>\n<p>G.O: Nu \u0219tiu ce discu\u021bii a avut Dan Andronic, \u0219tiu c\u0103 avea o rela\u021bie de amici\u021bie \u0219i cu domnul Maior, nu \u0219tiu de alte rela\u021bii. Dan Andronic este un individ de tip inteligence. El a lucrat \u0219i cu Traian B\u0103sescu, a lucrat \u0219i cu T\u0103riceanu, a lucrat \u0219i cu Adrian Nastase, a lucrat \u0219i cu Victor Ponta. Eu v-am explicat doar ce am auzit eu cu urechile mele, \u00een seara aceea, \u00een cele dou\u0103-trei ore care am stat \u00eempreun\u0103 \u0219i \u00een care ne uitam la televizor, iar domnul Andronic tot explica, ca s\u0103 se aud\u0103 la mas\u0103 de cei prezen\u021bi, c\u0103 domnul V\u00e2ntu, cu care avea o du\u0219manie veche, arhicunoscut\u0103, este un infractor \u0219i merit\u0103 s\u0103 fie arestat.<\/p>\n<p>\u00ceNTREBARE: V-a c\u0103utat vreodat\u0103 domnul Dan Andronic pentru a v\u0103 cere ceva, pentru a interveni pentru cineva, pentru a face, de exemplu, cum vorbea \u00een sufrageria dumneavoastr\u0103, c\u0103 dorea s\u0103-l condamne, probabil doamna Kovesi, sau s\u0103 se fac\u0103 un dosar pentru Sorin Ovidiu V\u00e2ntu?<\/p>\n<p>\u00a0<\/p>\n<p>G.O.: M\u0103 cunoa\u0219te\u021bi de pu\u021bin, dar trebuie s\u0103 v\u0103 dau o explica\u021bie. Cine m\u0103 cunoa\u0219te pe mine \u0219tie foarte bine c\u0103 de regul\u0103 sunt un om serios \u0219i de regul\u0103 nu prea se vine cu interven\u021bii la mine.<\/p>\n<p>\u00a0<\/p>\n<p>Nici b\u0103iatul meu, dac\u0103 i s-a luat carnetul, n-a avut curaj. \u0218i eram \u00een diferite func\u021bii. Nu! Nimeni n-a avut curajul.<\/p>\n<p>\u00a0<\/p>\n<p>Poate au venit oameni nedrept\u0103\u021bi\u021bi, oameni simpli cu cereri, pe care le-am dat celor \u00een drept. Sunt cunoscut ca un om serios \u0219i un om drept.<\/p>\n<p>\u00a0<\/p>\n<p>Nu, niciodat\u0103 domnul Andronic \u0219i nimeni nu \u0219i-a permis s\u0103 vin\u0103 la mine s\u0103 fac\u0103 un act nedrept, fiindc\u0103 \u0219tia c\u0103 nu se poate.<\/p>\n<p>\u00a0<\/p>\n<p>OPREA: DAC\u0102 \u0218TIAM LISTA CU POLITICIENII CARE \u201cTREBUIE\u201d CONDAMNA\u021aI, EVITAM S\u0102 FIU TRECUT PE EA<\/p>\n<p>\u00a0<\/p>\n<p>\u00ceNTREBARE: Cuno\u0219tea\u021bi, la momentul respectiv, vorbind despre perioada 2013-2015, lista cu acei politicieni care urmeau s\u0103 fie condamna\u021bi?<\/p>\n<p>G.O.: P\u0103i era bine dac\u0103 \u0219tiam c\u0103, probabil, evitam s\u0103 nu mai fie trecut pe list\u0103. Nu, nu, nu.<\/p>\n<p>\u00ceNTREBARE: \u0218tim c\u0103 s-a vorbit foarte mult timp \u00een spa\u021biul public \u0219i, inclusiv, de cur\u00e2nd, cu acel dosar de la DNA, c\u0103 existau mai multe liste cu politicieni, numai de politicieni \u0219i&#8230;<\/p>\n<p>\u00a0<\/p>\n<p>G.O.: Probabil. Nu am v\u0103zut nicio list\u0103 \u0219i cred c\u0103 nimeni nu \u0219i-ar fi permis s\u0103-mi dea astfel de informa\u021bii. Niciodat\u0103, dar repet, niciodat\u0103 \u0219i m\u0103 vede Dumnezeu, eu am c\u0103utat \u00eentotdeauna s\u0103 aplic legea, s\u0103 fiu, s\u0103 nu dau ordine nelegale \u0219i s\u0103 pot s\u0103 construiesc, nu s\u0103 fac nedrept\u0103\u021bii.<\/p>\n<p>Asta a fost, de fapt, sistemul meu de valori \u0219i v\u0103 rog s\u0103 v\u0103 interesez dac\u0103 \u0219i-am procedat sau nu.<\/p>\n<p>OPREA: L-AM RESPECTAT PE TRAIAN B\u0102SESCU \u0218I EL M-A RESPECTAT<\/p>\n<p>\u00a0<\/p>\n<p>\u00ceNTREBARE: Pre\u0219edintele Traian B\u0103sescu v-a cerut vreodat\u0103 sau \u00een cadrul unei discu\u021bii, v-a sugerat s\u0103 ave\u021bi o colaborare mai str\u00e2ns\u0103 cu Florian Coldea \u00een momentul c\u00e2nd a\u021bi ocupat pozi\u021bii cheie din institu\u021biile de for\u021b\u0103? \u0218i dac\u0103 da, cu cine sau despre cine?<\/p>\n<p>\u00a0<\/p>\n<p>G.O: L-am cunoscut pe domnul Traian B\u0103sescu c\u00e2nd eram prefectul Capitolei \u0219i el era primarul Capitalei. Vreau s\u0103 v\u0103 spun c\u0103 m-a respectat, l-am respectat Traian B\u0103sescu, n-am c\u0103utat s\u0103 fiu, s\u0103-i fac r\u0103u, el fiind \u00een opozi\u021bie \u0219i eu reprezent\u00e2nd partidul la putere, de aceea chiar \u0219i de aceea m-a respectat. Totdeauna domnul B\u0103sescu, care puteam s\u0103 spunem orice despre el \u0219i spuneam c\u0103 eu respect \u0219i \u0219tiu ce a f\u0103cut pentru rela\u021bia strategic\u0103 cu Statele Unite.<\/p>\n<p>DOSARUL LIMUZINA. O \u201cMIZERIE\u201d POLITIC\u0102, CERUT\u0102 PROBABIL DE KOVESI \u0218I COLDEA<\/p>\n<p>\u00a0<\/p>\n<p>\u00ceNTREBARE: \u00a0Dosarul \u201cLimuzina\u201d a fost deschis la presiunile Laurei Codru\u021ba Kovesi sau la presiunile lui Coldea? S-a v\u0103zut foarte clar. Nu a existat probe, a\u021bi fost achitat. Opt ani de zile a\u021bi stat \u00een instan\u021b\u0103.<\/p>\n<p>\u00a0<\/p>\n<p>G.O.:Dosarul \u201cLimuzina\u201d a fost o alt\u0103 mizerie politic\u0103, f\u0103cut\u0103 probabil de tandemul Coldea-Kovesi. A fost la s\u0103 \u00een\u021beleag\u0103 c\u0103 mi-a fost cump\u0103rat o ma\u0219in\u0103 \u0219i c\u0103 ar trebui g\u0103sit aceast\u0103 ma\u0219in\u0103 la mine \u00een garaj. \u00cent\u00e2mpl\u0103tor era \u00een garajul Ministerului de Interne. A fost un dosar care n-a avut nicio importan\u021b\u0103, o mizerie politic\u0103 de 2 lei.<\/p>\n<p>OPREA: EU AM FOST \u2018EXECUTAT\u2019 C\u00c2ND ERAM LA PUTERE, DUP\u0102 CE MI S-A PROPUS S\u0102-L DAU JOS PE PONTA<\/p>\n<p>\u00ceNTREBARE: Adic\u0103, \u00een mod clar, sistemul Coldea- Kovesi a \u00eencercat s\u0103 v\u0103 execute definitiv dup\u0103 ce a\u021bi pierdut puterea?<\/p>\n<p>G.O.: Nu. Eu am fost executat \u00een momentul c\u00e2nd eram la putere. Repet, \u00eenc\u0103 o dat\u0103 \u0219i cred c\u0103 am fost destul clar, dar cred c\u0103 dup\u0103 ce reciti\u021bi materialul filmat, cred c\u0103 ve\u021bi \u00een\u021belege mai multe.<\/p>\n<p>M-am exprimat destul de elegant, dar destul de clar. \u00cen august 2015 aveam cea mai mult\u0103 \u00eencredere din Rom\u00e2nia. Mi s-a propus s\u0103-l dau jos pe Ponta.<\/p>\n<p>\u00a0<\/p>\n<p>Nu am f\u0103cut-o. S-au \u00eent\u00e2mplat dou\u0103 evenimente ciudate, am spus eu, da? Dup\u0103 care a fost un li\u0219aj mediatic \u0219i am c\u0103zut de la putere. Mi s-au f\u0103cut atunci dou\u0103 dosare ordinare: vorbesc de cel mai ordinar, cel mai mizerabil, \u00een care a murit un poli\u021bist, da? Care a c\u0103zut \u00eentr-o groap\u0103.<\/p>\n<p>DOSARUL MOR\u021aII POLI\u021aISTULUI GIGIN\u0102: AM SIM\u021aI C\u0102 DAC\u0102 NU L-AM DAT JOS PE PONTA, VOI PL\u0102TI POLITIC<\/p>\n<p>\u00a0<\/p>\n<p>\u00ceNTREBARE: Crede\u021bi c\u0103 Florian Coldea sau SRI au dat note informative procurorilor \u00een dosarul mor\u021bii poli\u021bistului Bogdan Gigin\u0103.<\/p>\n<p>G.O.: Vreau s\u0103 v\u0103 spun c\u0103 \u0219i poate n-am mai spus-o niciodat\u0103.<\/p>\n<p>\u00cen ziua celui accident ciudat eu am fost la diminea\u021b\u0103, m-am dus la serviciu, ca de obicei la minstolul interna. Am participat la \u0219edin\u021ba de guvern. P\u00e2n\u0103 la urm\u0103 m-am dus la domnul pre\u0219edinte Klaus Iohannis la probleme de securitate na\u021bional\u0103.<\/p>\n<p>\u00a0<\/p>\n<p>Era problema migran\u021bilor. Am trecut 5 minute pe acas\u0103 s\u0103 m\u0103n\u00e2nc. Nu m\u00e2ncasem nimic.<\/p>\n<p>\u00a0<\/p>\n<p>Avem o \u00eent\u00e2lnire la SRI. La un moment dat chiar m-am g\u00e2ndit s\u0103 nu mai plec, eram obosit r\u0103u de tot.<\/p>\n<p>\u00a0<\/p>\n<p>\u0218i atunci a trecut pe la mine printre altele domnul Rares Bogdan. \u201cAm \u00een\u021beles c\u0103 ai o \u0219edin\u021b\u0103, poate m\u0103 iei \u0219i pe mine de aici.\u201d Am mers cu Rares Bogdan \u0219i l-am l\u0103sat undeva \u00een zona de la Guvern pu\u021bin mai sus. M-am dus la SRI. Cred c\u0103 am stat 20 de minute.<\/p>\n<p>Ne-am \u00eentors. Nu avea niciun motiv s\u0103 se gr\u0103beasc\u0103 acel dispozitiv de \u00eenso\u021bire.<\/p>\n<p>\u00cenainte de groapa aceea f\u0103cut\u0103 prin care poli\u021bistul mai trecuse de 3 ori \u00een acea zi. \u00cenainte, cei de la brigada rutier\u0103 care \u00eei se ocup\u0103 de acest dispozitiv de \u00eenso\u021bire, \u00eei fac toate aceste misiuni, un ministru, un vicepremier, un primul ministru, oriunde \u00een lume.<\/p>\n<p>Le-au spus prin sta\u021bie, urmeaz\u0103&#8230; E o procedur\u0103 lor. Urmeaz\u0103 groapa, a confirmat \u0219i a intrat \u00een groap\u0103.<\/p>\n<p>Asta a fost toat\u0103 povestea. Am sim\u021bit c\u0103 e o mizerie, am sim\u021bit c\u0103 pentru faptul de a nu-l fi dat jos pe Victor Ponta voi pl\u0103ti politic. Trebuia s\u0103 avem \u201cguvernul meu\u201d \u0219i s-a avut.<\/p>\n<p>\u00a0<\/p>\n<p>Important c\u0103 mi s-a f\u0103cut dreptate, \u00een rest nu mai vreau nimic. \u0218ti\u021bi ce vreau? S\u0103 ajut \u00een continuare domeniul securit\u0103\u021bii, s\u0103 ajut \u00een continuare armata rom\u00e2n\u0103, s\u0103 ajut \u00een continuare Rom\u00e2nia.<\/p>\n<p>OPREA: COLDEA M-A RUGAT S\u0102-L IAU LA DOCTORAT \u0218I CHIAR A AVUT O TEZ\u0102 BUN\u0102<\/p>\n<p>\u00ceNTREBARE: Cum a ajuns Florian Coldea s\u0103 fie elevul dumneavoastr\u0103 la teza de doctorat? S\u0103-l ajuta\u021bi cu aceast\u0103 tez\u0103 de doctorat? V-a solicitat acest lucru?<\/p>\n<p>G.O.:Da. Dar foarte simplu, s\u0103 v\u0103 spun. Eram printre pu\u021bini profesori pe \u00cen Rom\u00e2nia, \u00een Securit\u0103\u021bii Na\u021bionale.<\/p>\n<p>P\u0103i l-am avut la doctorat \u0219i pe Timofte, Radu Timofte, \u0219eful SRI-ului, pe adjunctii, Marin, Zamfir, ministri ai Ap\u0103r\u0103rii, ministrul de interne \u0219i al\u021bi demilitari, \u0219ef ai comisorilor, fiindc\u0103 cu cine s\u0103 fac astfel de teze? De regul\u0103 nu se iau dup\u0103 strad\u0103.<\/p>\n<p>Coldea m-a rugat s\u0103-l iau la doctorat \u0219i l-am luat. Era adjunctul \u0219efului Serviciului de Informa\u021bie. Chiar avea ce spune \u0219i chiar a avut o tez\u0103 bun\u0103. Dac\u0103 m\u0103 \u00eentreba\u021bi pe mine.<\/p>\n<p><a href=\"https:\/\/www.realitatea.net\/stiri\/actual\/gabriel-oprea-dezvaluire-bomba-despre-florian-coldea-lam-gasit-in-biroul-meu-in-genunchi-cauta-in-biblioteca_676c3c74e102df7635525c82#google_vignette\" target=\"_blank\">Gabriel Oprea, dezv\u0103luire BOMB\u0102 despre Florian Coldea: L-am g\u0103sit \u00een biroul meu, \u00een genunchi, c\u0103uta \u00een bibliotec\u0103<\/a><\/p>\n<p>\u00ceNTREBARE: A\u021bi verificat ulterior dac\u0103 \u00een aceast\u0103 teze de doctorat existau anumite suspiciuni de furt intelectual?<\/p>\n<p>Eu nu cred a\u0219a ceva. Eu cred \u00een schimb c\u0103 Florian Coldea \u0219tia c\u0103 exist\u0103 aceast\u0103 suspiciune.<\/p>\n<p>\u00a0<\/p>\n<p>\u00ceNTREBARE: A \u00eencercat cineva, poate Florian Coldea sau alcineva din statul paralel s\u0103 recupereze teza de doctorat pun\u00e2nd presiune pe dosarul Gigin\u0103?<\/p>\n<p>G.O.: Nu, nu. Acum s\u0103 v\u0103 spun o alt\u0103 treab\u0103, \u0219i aici v-a\u021bi s\u0103 m\u0103 \u00eencrede\u021bi, dar s\u0103 m\u0103 \u00eencrede\u021bi, nimeni nu \u0219i-a permis \u00een Rom\u00e2nia, nu c\u0103 m\u0103 d\u0103 eu o mare, cineva s\u0103 \u00eencerce s\u0103 m\u0103 \u0219antajeze, fiindc\u0103 devin pu\u021bin mai dur.<\/p>\n<p>\u00a0<\/p>\n<p>\u00ceNTREBARE: Crede\u021bi c\u0103 Florian Coldea s-a folosit de func\u021biile pe care le-a avut, de putere, pentru a pune anumite presiuni, pentru a lua anumite decizii \u00een interesul propriu?<\/p>\n<p>G.O.: Nu am date \u0219i informa\u021bii \u00een mod clar, dec\u00e2t ce am v\u0103zut \u0219i \u00een spa\u021biul public despre astfel de lucruri. C\u00e2nd ai o problem\u0103 de pus \u00een justi\u021bie, justi\u021bia fie se autosesizeaz\u0103, fie e sesizat\u0103 de persoan\u0103 neinteresat\u0103. Sunt multe lucruri, mai ales c\u0103 acum este un dosar penal pe rol al domnului Coldea, al celorlal\u021bi care sunt \u00een acel dosar.<\/p>\n<p>\u00ceNTREBARE: Crede\u021bi c\u0103 se va solu\u021biona? Sau va sf\u00e2r\u0219i la sertare, a\u0219a cum au fost sf\u00e2r\u0219ite multe dosare?<\/p>\n<p>G.O.: \u00a0Nu \u0219tiu. \u00cen mod normal&#8230;Codului penal ar trebui s\u0103 se solu\u021bioneze. \u00centr-un fel sau \u00een altul. Ori \u00een clasare, ori \u00een trimitere \u00eenjudecat\u0103.<\/p>\n<p>OPREA: ELENA UDREA ESTE \u0218I EA O LUPT\u0102TOARE, A FOST \u0218I EA O \u021aINT\u0102 A SISTEMULUI<\/p>\n<p>\u00a0<\/p>\n<p>\u00ceNTREBARE: Condamnarea Elenei Udrea la \u00eenchisoare a fost o execu\u021bie a sistemului, pentru c\u0103 am v\u0103zut mesajele pe care le-a transmis c\u0103tre opinia public\u0103, c\u0103tre pres\u0103? Era\u021bi apropiat inclusiv de fostul ei so\u021b, Dorin Coco\u0219.<\/p>\n<p>\u00a0<\/p>\n<p>G.O.: Am fost \u0219i sunt amic cu Dorin Coco\u0219. Eu \u0219tiu c\u00e2t de mult a iubit Dorin Coco\u0219 \u0219i pe Elena Iudrea, c\u00e2te ton\u0103 de flori i-a cump\u0103rat. Elena Iudrea este o lupt\u0103toare, este o femeie inteligent\u0103.<\/p>\n<p>\u00a0<\/p>\n<p>\u00ceNTREBARE: Dar a fost \u0219i aceasta o \u021binta sistemului.<\/p>\n<p>Sunt convins c\u0103 da.<\/p>\n<p>\u00ceNTREBARE: Mai este \u0219i ast\u0103zi?<\/p>\n<p>G.O: Sunt convins c\u0103 da. Nu \u0219tiu dac\u0103 mai este \u0219i ast\u0103zi, dar acum, ca cet\u0103\u021bean \u00een primul r\u00e2nd, pot s\u0103 spun c\u0103 o persoan\u0103 care nu reprezint\u0103 un pericol social, o persoan\u0103 care are un copil mic \u0219i care \u00een\u021beleg c\u0103 nu i se-a dat nici o permisie, cu toate c\u0103 exist\u0103 legi \u0219i regulamente \u00een acest sens, nu i se permite s\u0103 ia o permisie dup\u0103 at\u00e2\u021bia ani, cred, putem vorbi de o nedreptate.<\/p>\n<p>\u00ceNTREBARE: Nu a fost un pericol social, dar a fost un pericol politic, pentru anumi\u021bi politicieni.<\/p>\n<p>\u00a0<\/p>\n<p>G.O.: A avut \u0219i ambi\u021bii politice, trebuie s\u0103 recunoa\u0219tem. A avut chiar \u0219i ambi\u021bia s\u0103 ajung\u0103 pre\u0219edintele Rom\u00e2niei.<\/p>\n<p>OPREA: NU CRED C\u0102 STATUL PARALEL S-A LANSAT ODAT\u0102 CU DOSARUL MEU<\/p>\n<p>\u00a0<\/p>\n<p>\u00ceNTREBARE: Crede\u021bi c\u0103 dosarul dumneavoastr\u0103 a fost panta de lansare a statului Paralel cu alte dosare c\u0103tre al\u021bi politicii?<\/p>\n<p>\u00a0<\/p>\n<p>G.O.: Nu, eu cred c\u0103 era lansat de mult statulul Paralel. Dac\u0103 citi\u021bi prefa\u021ba domnului maestrul Ion Cristoiu la cartea mea, este o list\u0103 de arest\u0103ri \u0219i de dosare 2014-2015, c\u00e2nd a fost un apogeu, nu?<\/p>\n<p>\u00ceNTREBARE: Cum se poate elibera domeniul justi\u021biei de acest stat Paralel? Pentru c\u0103 am v\u0103zut c\u0103 mai existau p\u00e2n\u0103 \u0219i \u00een prezent aceste influen\u021be.<\/p>\n<p>G.O.: Cred c\u0103 la un moment dat va trebui s\u0103 existe ca subiect de dezbatere a Parlamentului \u0219i va trebui s\u0103 existe \u0219i legea r\u0103spund\u0103rii magistra\u021bilor. De la simplu cet\u0103\u021bean p\u00e2n\u0103 la pre\u0219entele Rom\u00e2niei, exist\u0103 r\u0103spundere. A\u0219a este f\u0103cut\u0103 via\u021ba, legea.<\/p>\n<p>\u00a0<\/p>\n<p>R\u0102MAS ORFAN LA 10 ANI, TAT\u0102L OFI\u021aER A MURIT LA DATORIE<\/p>\n<p>\u00a0<\/p>\n<p>\u00ceNTREBARE: Domnule general, v -am v\u0103zut cum vorbi\u021bi cu d\u0103ruire din suflet, de haina de militar, de toate aceste principii, Dumnezeu, onoar\u0103, patrie, familie. A\u021bi fost ghidat \u0219i de tat\u0103l dumneavoastr\u0103, care din p\u0103cate v-a p\u0103r\u0103sit c\u00e2nd avea\u021bi v\u00e2rsta de 10 ani \u0219i a\u021bi ajuns s\u0103 ave\u021bi o carier\u0103 militar\u0103 extraordinar\u0103, cunoscut\u0103 at\u00e2t pe plan na\u021bional, c\u00e2t \u0219i pe plan interna\u021bional. O distin\u021bie remarcabil\u0103, general cu patru stelele \u00een rezerv\u0103, \u00een prezent. Cum&#8230;?<\/p>\n<p>G.O.: Dac\u0103 m-a influen\u021bat moartea tat\u0103lui, m\u0103 \u00eentreba\u021bi?<\/p>\n<p>Exact.<\/p>\n<p>G.O.: E normal, aveam 10 ani Haide\u021bi s\u0103 v\u0103 spun ceva: din partea tat\u0103lui sunt din Arge\u0219,<\/p>\n<p>Acolo nu a fost cooperativizare pe dealul \u0103la de pruni. Tat\u0103l meu a f\u0103cut o \u0219coal\u0103 de ofi\u021beri de la R\u00e2mnicu V\u00e2lcea \u0219i a fost printre cei mai buni elevi. \u0218i a fost trimis dup\u0103 ce a terminat printre primii acea\u0219i \u0219coal\u0103 militar\u0103, a fost trimis \u00een Ministerul Ap\u0103r\u0103rii Na\u021bional, vorbesc de anii `50. St\u0103tea \u00een gazd\u0103, era totu\u0219I b\u0103iat de la \u021bar\u0103.<\/p>\n<p>\u00a0<\/p>\n<p>Din partea mamei m\u0103 trag din Fundulea. Bunicul meu, Tudose Dumitru, era frunta\u0219 \u0219i dup\u0103 momentele din 1948-1949 a fost considerat chiabur \u0219i a f\u0103cut c\u00e2teva luni de pu\u0219c\u0103rie. Apoi, c\u00e2nd i-au pus cote, c\u00e2nd l-au terminat, a plecat la Bucure\u0219ti \u0219i a g\u0103sit \u0219i el pe invitan o c\u0103su\u021b\u0103 pe acolo. Tat\u0103l meu a cunoscut-o pe mama.<\/p>\n<p>Mama, v\u0103 spun, era o femeie frumoas\u0103 \u0219i acum are 86 de ani, conduce ma\u0219in\u0103, deci am genea bun\u0103.<\/p>\n<p>Pe tata l-au mutat \u00eentr-o unitate operativ\u0103 Bor\u00e2ne\u0219ti-Ialomita, mare unitate de artilerie, unde a murit la datorie \u00een 1971. \u00a0Colegii au str\u00e2ns 1500 de lei, at\u00e2t au putut s\u0103 ajute. \u0218i atunci se d\u0103deau ni\u0219te bani, desp\u0103gubiri, de zeci de mii de lei, dar au vrut s\u0103 mu\u0219amalizeze, am \u00een\u021beles, nu s-a dat nimic \u0219i a fost foarte greu s\u0103 r\u0103m\u00e2i v\u0103duv\u0103 la 33 de ani cu 2 copii. A vrut s\u0103 m\u0103 dea la liceu militar, nu m-au primit \u00een acel an fiind cel mai scund din clas\u0103, m-am apucat de sport \u0219i, pe urm\u0103, via\u021ba a f\u0103cut s\u0103 fac \u0219coala de ofi\u021ber \u00een logistic\u0103.<\/p>\n<p>\u00a0<\/p>","protected":false},"excerpt":{"rendered":"<p>Alexia Ditcov: Este un interviu special cu o persoan\u0103 special\u0103. Spun asta pentru c\u0103 s-au&hellip;<\/p>\n","protected":false},"author":0,"featured_media":19158,"comment_status":"open","ping_status":"open","sticky":false,"template":"","format":"standard","meta":{"footnotes":""},"categories":[3],"tags":[],"class_list":["post-19157","post","type-post","status-publish","format-standard","has-post-thumbnail","hentry","category-politica"],"_links":{"self":[{"href":"https:\/\/247stiri.ro\/index.php\/wp-json\/wp\/v2\/posts\/19157","targetHints":{"allow":["GET"]}}],"collection":[{"href":"https:\/\/247stiri.ro\/index.php\/wp-json\/wp\/v2\/posts"}],"about":[{"href":"https:\/\/247stiri.ro\/index.php\/wp-json\/wp\/v2\/types\/post"}],"replies":[{"embeddable":true,"href":"https:\/\/247stiri.ro\/index.php\/wp-json\/wp\/v2\/comments?post=19157"}],"version-history":[{"count":0,"href":"https:\/\/247stiri.ro\/index.php\/wp-json\/wp\/v2\/posts\/19157\/revisions"}],"wp:featuredmedia":[{"embeddable":true,"href":"https:\/\/247stiri.ro\/index.php\/wp-json\/wp\/v2\/media\/19158"}],"wp:attachment":[{"href":"https:\/\/247stiri.ro\/index.php\/wp-json\/wp\/v2\/media?parent=19157"}],"wp:term":[{"taxonomy":"category","embeddable":true,"href":"https:\/\/247stiri.ro\/index.php\/wp-json\/wp\/v2\/categories?post=19157"},{"taxonomy":"post_tag","embeddable":true,"href":"https:\/\/247stiri.ro\/index.php\/wp-json\/wp\/v2\/tags?post=19157"}],"curies":[{"name":"wp","href":"https:\/\/api.w.org\/{rel}","templated":true}]}}