{"id":19176,"date":"2024-12-26T06:44:48","date_gmt":"2024-12-26T06:44:48","guid":{"rendered":"https:\/\/247stiri.ro\/index.php\/2024\/12\/26\/noul-an-vine-cu-jale-pentru-buzunarele-soferilor-asf-a-publicat-noile-tarife-de-referinta-pentru-politele-rca-iar-cresterile-sunt-chiar-si-de-30\/"},"modified":"2024-12-26T06:44:48","modified_gmt":"2024-12-26T06:44:48","slug":"noul-an-vine-cu-jale-pentru-buzunarele-soferilor-asf-a-publicat-noile-tarife-de-referinta-pentru-politele-rca-iar-cresterile-sunt-chiar-si-de-30","status":"publish","type":"post","link":"https:\/\/247stiri.ro\/index.php\/2024\/12\/26\/noul-an-vine-cu-jale-pentru-buzunarele-soferilor-asf-a-publicat-noile-tarife-de-referinta-pentru-politele-rca-iar-cresterile-sunt-chiar-si-de-30\/","title":{"rendered":"Noul an vine cu jale pentru buzunarele \u0219oferilor. ASF a publicat noile tarife de referin\u021b\u0103 pentru poli\u021bele RCA iar cre\u0219terile sunt chiar \u0219i de 30%"},"content":{"rendered":"<p>Noile tarife de referin\u021b\u0103, publicate de Autoritatea de Supraveghere Financiar\u0103 (ASF) \u0219i valabile pentru urm\u0103toarele \u0219ase luni, sunt semnificativ mai mari comparativ cu cele anun\u021bate \u00een luna iulie 2024. Cre\u0219terile \u00eencep de la peste 5% \u0219i dep\u0103\u0219esc chiar 30%, conform calculelor realizate de <a href=\"https:\/\/www.zf.ro\/auto\/mos-craciun-vine-tarife-referinta-rca-tarifele-referinta-rca-22622595\" target=\"_blank\">ZF<\/a> pe baza datelor prezentate de ASF.<\/p>\n<p>ASF a actualizat metodologia de calcul pentru tariful de referin\u021b\u0103 \u00een raportul precedent din iulie 2024, iar acum autovehiculele sunt evaluate \u00een func\u021bie de puterea motorului, nu de m\u0103rimea acestuia.<\/p>\n<p>Conform informa\u021biilor din raportul actual privind tarifele de referin\u021b\u0103, acestea sunt stabilite o dat\u0103 pentru zona Bucure\u0219ti\/Ilfov, unde valorile sunt mai mari din cauza traficului intens \u0219i a riscurilor sporite, \u0219i o dat\u0103 pentru restul jude\u021belor din \u021bar\u0103.<\/p>\n<p><a title=\"Sofatul pe zapada: Cat de riscant este sa conduci iarna cu ambreiajul uzat si cum iti dai seama ca transmisia are probleme\" href=\"https:\/\/www.realitatea.net\/stiri\/actual\/sofatul-pe-zapada-cat-de-riscant-este-sa-conduci-iarna-cu-ambreiajul-uzat-si-cum-iti-dai-seama-ca-transmisia-are-probleme_676ba44296728751f672cae4\">\u0218ofatul pe z\u0103pad\u0103: C\u00e2t de riscant este s\u0103 conduci iarna cu ambreiajul uzat \u0219i cum \u00ee\u021bi dai seama c\u0103 transmisia are probleme<\/a><\/p>\n<p>Dac\u0103 analiz\u0103m zona Bucure\u015fti\/Ilfov, cel mai mic tarif de referin\u0163\u0103 pleac\u0103 de la 1.844 lei pentru o putere a ma\u015finii de 50 kw sau mai pu\u0163in, grupa de v\u00e2rst\u0103 51-60 \u015fi poate ajunge la 5.240 pentru grupa de v\u00e2rst\u0103 de 30 de ani sau sub 30, pentru o ma\u015fin\u0103 cu o putere de peste 300 kw. Comparativ cu tarifele de referin\u021b\u0103 din iulie 2024, cre\u0219terea este de aproape 9% \u0219i dep\u0103\u0219e\u0219te 30% \u00een cele dou\u0103 exemple men\u021bionate.<\/p>\n<p>\u00cen ceea ce prive\u0219te tarifele de referin\u021b\u0103 pentru restul jude\u021belor din \u021bar\u0103, cel mai mic tarif \u00eencepe de la 1.064 lei, ceea ce reprezint\u0103 o cre\u0219tere de 9,1% fa\u021b\u0103 de tarifele din urm\u0103 cu \u0219ase luni, pentru o putere a ma\u0219inii de 50 kW sau mai pu\u021bin, pentru \u0219oferi cu v\u00e2rste \u00eentre 51 \u0219i 60 de ani. Pe de alt\u0103 parte, cel mai mare tarif de referin\u021b\u0103 este de 3.964 lei pentru cei cu v\u00e2rsta de 30 de ani sau mai tineri, pentru o ma\u0219in\u0103 cu o putere \u00eentre 201 \u0219i 300 kW.<\/p>\n<p><a title=\"Zi de foc pe soselele din Romania: Aproape 300 de soferi, scosi din trafic pentru siguranta cetatenilor\" href=\"https:\/\/www.realitatea.net\/stiri\/actual\/zi-de-foc-pe-soselele-din-romania-aproape-300-de-soferi-scosi-din-trafic-pentru-siguranta-cetatenilor_676bfecbbafc97029a3b8069\">Zi de foc pe \u0219oselele din Rom\u00e2nia: Aproape 300 de \u0219oferi, sco\u015fi din trafic pentru siguran\u0163a cet\u0103\u0163enilor<\/a><\/p>","protected":false},"excerpt":{"rendered":"<p>Noile tarife de referin\u021b\u0103, publicate de Autoritatea de Supraveghere Financiar\u0103 (ASF) \u0219i valabile pentru urm\u0103toarele&hellip;<\/p>\n","protected":false},"author":0,"featured_media":19177,"comment_status":"open","ping_status":"open","sticky":false,"template":"","format":"standard","meta":{"footnotes":""},"categories":[2],"tags":[],"class_list":["post-19176","post","type-post","status-publish","format-standard","has-post-thumbnail","hentry","category-actual"],"_links":{"self":[{"href":"https:\/\/247stiri.ro\/index.php\/wp-json\/wp\/v2\/posts\/19176","targetHints":{"allow":["GET"]}}],"collection":[{"href":"https:\/\/247stiri.ro\/index.php\/wp-json\/wp\/v2\/posts"}],"about":[{"href":"https:\/\/247stiri.ro\/index.php\/wp-json\/wp\/v2\/types\/post"}],"replies":[{"embeddable":true,"href":"https:\/\/247stiri.ro\/index.php\/wp-json\/wp\/v2\/comments?post=19176"}],"version-history":[{"count":0,"href":"https:\/\/247stiri.ro\/index.php\/wp-json\/wp\/v2\/posts\/19176\/revisions"}],"wp:featuredmedia":[{"embeddable":true,"href":"https:\/\/247stiri.ro\/index.php\/wp-json\/wp\/v2\/media\/19177"}],"wp:attachment":[{"href":"https:\/\/247stiri.ro\/index.php\/wp-json\/wp\/v2\/media?parent=19176"}],"wp:term":[{"taxonomy":"category","embeddable":true,"href":"https:\/\/247stiri.ro\/index.php\/wp-json\/wp\/v2\/categories?post=19176"},{"taxonomy":"post_tag","embeddable":true,"href":"https:\/\/247stiri.ro\/index.php\/wp-json\/wp\/v2\/tags?post=19176"}],"curies":[{"name":"wp","href":"https:\/\/api.w.org\/{rel}","templated":true}]}}