{"id":19178,"date":"2024-12-26T06:44:48","date_gmt":"2024-12-26T06:44:48","guid":{"rendered":"https:\/\/247stiri.ro\/index.php\/2024\/12\/26\/mos-craciun-i-a-adus-lui-marcel-ciolacu-facturile-de-la-nordis-liderul-psd-da-explicatii-intr-un-videoclip-pe-tiktok\/"},"modified":"2024-12-26T06:44:48","modified_gmt":"2024-12-26T06:44:48","slug":"mos-craciun-i-a-adus-lui-marcel-ciolacu-facturile-de-la-nordis-liderul-psd-da-explicatii-intr-un-videoclip-pe-tiktok","status":"publish","type":"post","link":"https:\/\/247stiri.ro\/index.php\/2024\/12\/26\/mos-craciun-i-a-adus-lui-marcel-ciolacu-facturile-de-la-nordis-liderul-psd-da-explicatii-intr-un-videoclip-pe-tiktok\/","title":{"rendered":"Mo\u0219 Cr\u0103ciun i-a adus lui Marcel Ciolacu facturile de la Nordis. Liderul PSD d\u0103 explica\u021bii \u00eentr-un videoclip pe TikTok"},"content":{"rendered":"<p>Mai exact, premierul Marcel Ciolacu vrea s\u0103 arate c\u0103 a achitat din surse proprii c\u0103l\u0103toriile. Videoclipul publicat de Marcel Ciolacu a creat controverse \u00een spa\u021biul public. Mai mul\u021bi exper\u021bi sus\u021bin c\u0103 documentele prezentate de liderul PSD con\u021bin date care arat\u0103 c\u0103 este pu\u021bin probabil s\u0103 fi fost emise \u00een anul 2022, an \u00een care au avut loc zborurile cu avionul privat.\u00a0<\/p>\n<p>Pe 23 decembrie, Marcel Ciolacu a fost \u00eentrebat dac\u0103 va prezenta public facturile \u015fi chitan\u0163ele de la zborurile Nordis, a\u015fa cum a promis \u00een campania electoral\u0103, pentru a demonstra c\u0103 \u015fi-a pl\u0103tit singur vacan\u0163ele, el preciz\u00e2nd c\u0103 i-a scris lui Mo\u015f Cr\u0103ciun s\u0103 \u00eei pun\u0103 facturile sub brad.Miercuri sear\u0103, el a revenit cu noi preciz\u0103ri pe TikTok, f\u0103c\u00e2nd publice facturile. El a ar\u0103tat c\u0103 toate zborurile pe bani publici pe care le-a f\u0103cut au fost la clasa Economic \u015fi la fel se va \u00eent\u00e2mpla \u015fi \u00een urm\u0103toarea perioad\u0103.&#8221;Cel mai mare atac asupra mea \u00een aceast\u0103 campanie electoral\u0103 a \u0163inut de ni\u015fte zboruri de-ale mele, dar f\u0103r\u0103 s\u0103 se fac\u0103 diferen\u0163a c\u0103 eu am zburat pe banii mei, pe banii mei personali, nu pe bani publici. Toate zborurile pe bani publici au fost la economic \u015fi la fel voi continua&#8221;, a spus Ciolacu.<\/p>\n<p><a title=\"@marcel_ciolacu\" href=\"https:\/\/www.tiktok.com\/@marcel_ciolacu?refer=embed\" target=\"_blank\">@marcel_ciolacu<\/a><\/p>\n<p>Merita\u021bi o explica\u021bie! \ud83e\udd1d<\/p>\n<p><a title=\"\u266c original sound - marcel_ciolacu\" href=\"https:\/\/www.tiktok.com\/music\/original-sound-7452407764464192278?refer=embed\" target=\"_blank\">\u266c original sound &#8211; marcel_ciolacu<\/a><\/p>\n<p>Potrivit premierului, acele zboruri sunt cumva legate de falimentul unei companii.&#8221;Acum c\u00e2\u0163iva ani, acea companie nu avea nicio problem\u0103, dimpotriv\u0103, foarte multe persoane publice sau private importante din Rom\u00e2nia av\u00e2nd contracte cu acea companie, \u00een acel moment nici patronii acestei companii \u015fi nici compania nu prezentau c\u0103 ar avea anumite probleme. Ce probleme au \u015fi cum se va termina aceast\u0103 poveste nu este treaba mea, este treaba justi\u0163iei&#8221;, a precizat Marcel Ciolacu.El a ar\u0103tat c\u0103 &#8221;inten\u0163ionat se face o confuzie \u00eentre o agen\u0163ie de turism \u015fi o companie, deoarece, acum c\u00e2\u0163iva ani, aveau aceea\u015fi denumire&#8221;.&#8221;Cred c\u0103 treaba mea era s\u0103 demonstrez c\u0103 am toate cheltuielile pe care le-am f\u0103cut, le-am f\u0103cut din banii mei personali, at\u00e2t pentru mine, c\u00e2t \u015fi pentru familia mea. Asta este una dintre facturi, pl\u0103tit\u0103 cu ordin de plat\u0103, aceasta este a doua factur\u0103, iar aceasta este a treia factur\u0103. Normal c\u0103 inten\u0163ionat se face o confuzie \u00eentre o agen\u0163ie de turism \u015fi o companie, deoarece, \u00een acel moment, acum c\u00e2\u0163iva ani, aveau aceea\u015fi denumire. \u00centre timp, lucrurile s-au schimbat \u015fi cred c\u0103 gre\u015feala a fost total a mea. Eu am reac\u0163ionat gre\u015fit \u015fi emo\u0163ional pentru c\u0103 r\u0103spunsul meu ar fi inclus \u015fi un membru al familiei, de fapt pe unicul meu fiu. Am crezut c\u0103 a\u015fa \u00eel pot proteja pe fiul meu, dar am gre\u015fit \u015fi \u00eemi cer scuze pentru acest lucru&#8221;,\u00a0<\/p>\n<p><a title='Prima sedinta de Guvern. Marcel Ciolacu: ,,Este un semnal esential de stabilitate. Avem un mandat dificil\"' href=\"https:\/\/www.realitatea.net\/stiri\/actual\/prima-sedinta-de-guvern-ciolacu-2-a-trecut-de-votul-de-investitura-din-parlament_6769ba56b6edda70cc77c3e2\">Prima \u0219edin\u021b\u0103 de Guvern. Marcel Ciolacu: \u201eEste un semnal esen\u021bial de stabilitate. Avem un mandat dificil\u201d<\/a><\/p>","protected":false},"excerpt":{"rendered":"<p>Mai exact, premierul Marcel Ciolacu vrea s\u0103 arate c\u0103 a achitat din surse proprii c\u0103l\u0103toriile.&hellip;<\/p>\n","protected":false},"author":0,"featured_media":19175,"comment_status":"open","ping_status":"open","sticky":false,"template":"","format":"standard","meta":{"footnotes":""},"categories":[2],"tags":[],"class_list":["post-19178","post","type-post","status-publish","format-standard","has-post-thumbnail","hentry","category-actual"],"_links":{"self":[{"href":"https:\/\/247stiri.ro\/index.php\/wp-json\/wp\/v2\/posts\/19178","targetHints":{"allow":["GET"]}}],"collection":[{"href":"https:\/\/247stiri.ro\/index.php\/wp-json\/wp\/v2\/posts"}],"about":[{"href":"https:\/\/247stiri.ro\/index.php\/wp-json\/wp\/v2\/types\/post"}],"replies":[{"embeddable":true,"href":"https:\/\/247stiri.ro\/index.php\/wp-json\/wp\/v2\/comments?post=19178"}],"version-history":[{"count":0,"href":"https:\/\/247stiri.ro\/index.php\/wp-json\/wp\/v2\/posts\/19178\/revisions"}],"wp:featuredmedia":[{"embeddable":true,"href":"https:\/\/247stiri.ro\/index.php\/wp-json\/wp\/v2\/media\/19175"}],"wp:attachment":[{"href":"https:\/\/247stiri.ro\/index.php\/wp-json\/wp\/v2\/media?parent=19178"}],"wp:term":[{"taxonomy":"category","embeddable":true,"href":"https:\/\/247stiri.ro\/index.php\/wp-json\/wp\/v2\/categories?post=19178"},{"taxonomy":"post_tag","embeddable":true,"href":"https:\/\/247stiri.ro\/index.php\/wp-json\/wp\/v2\/tags?post=19178"}],"curies":[{"name":"wp","href":"https:\/\/api.w.org\/{rel}","templated":true}]}}