{"id":19259,"date":"2024-12-26T13:50:12","date_gmt":"2024-12-26T13:50:12","guid":{"rendered":"https:\/\/247stiri.ro\/index.php\/2024\/12\/26\/marian-alecu-antreprenor-roman-s-au-irosit-atatia-ani-atatia-bani-atatea-resurse-interne-si-externe-si-suntem-tot-in-faza-in-care-exportam-grau-si-importam-aluat-pentru-paine\/"},"modified":"2024-12-26T13:50:12","modified_gmt":"2024-12-26T13:50:12","slug":"marian-alecu-antreprenor-roman-s-au-irosit-atatia-ani-atatia-bani-atatea-resurse-interne-si-externe-si-suntem-tot-in-faza-in-care-exportam-grau-si-importam-aluat-pentru-paine","status":"publish","type":"post","link":"https:\/\/247stiri.ro\/index.php\/2024\/12\/26\/marian-alecu-antreprenor-roman-s-au-irosit-atatia-ani-atatia-bani-atatea-resurse-interne-si-externe-si-suntem-tot-in-faza-in-care-exportam-grau-si-importam-aluat-pentru-paine\/","title":{"rendered":"Marian Alecu, antreprenor rom\u00e2n: S-au irosit at\u00e2\u0163ia ani, at\u00e2\u0163ia bani, at\u00e2tea resurse interne \u015fi externe \u015fi suntem tot \u00een faza \u00een care export\u0103m gr\u00e2u \u015fi import\u0103m aluat pentru p\u00e2ine"},"content":{"rendered":"<p>\u201eTo\u0163i politicienii \u00ee\u015fi \u00eencep discursurile reactualizate cu expresia \u201c am \u00een\u0163eles\u00a0 mesajul ultimelor alegeri \u201c \u015fi promit schimbarea. Sunt dispus s\u0103 le\u00a0 acord , pentru a nu \u015ftiu c\u00e2ta oar\u0103 , credit . Din p\u0103cate, primele m\u0103suri anun\u0163ate sunt doar de fa\u0163ad\u0103 \u015fi nu se\u00a0 \u00eentrevede nimic de substan\u0163\u0103.<\/p>\n<p>\u015etiu, impactul economicului asupra clasei politice este minim \u015fi mai \u015ftiu\u00a0 c\u0103 la noi clasa politic\u0103 nu are calificare \u015fi nici expertiz\u0103 asupra activit\u0103\u0163ii economice a\u015fa c\u0103 m\u0103surile sunt luate \u201cpe picior \u201c , de azi pe m\u00e2ine f\u0103r\u0103 niciun orizont sau strategie.<\/p>\n<p>De fapt, aici vreau s\u0103 ajung: dac\u0103 mesajul votului chiar a fost \u00een\u0163eles \u015fi dac\u0103 se\u00a0 dore\u015fte o schimbare profund\u0103 a\u015f sugera urm\u0103torul lucru : suntem la \u00eenceputul unui nou ciclu electoral , ave\u0163i timp de implementare, de ce nu \u00eencerca\u0163i , m\u0103car , sa schi\u0163a\u0163i o strategie pentru \u0163ara asta ? De ce\u00a0 s\u0103 continu\u0103m s\u0103 mergem de la o zi la alta, doar sa supravie\u0163uim ? De ce proiectele fiec\u0103rui guvern sa fie doar \u00eencerc\u0103ri de a mul\u0163umi apropia\u0163ii partidului \u015fi s\u0103\u00a0 nu privim la nivelul \u0163\u0103rii \u015fi al nevoilor ei reale azi \u015fi urm\u0103torii ani ?<\/p>\n<p>A fost o \u00eencercare\u00a0 \u00een 1992 de a face o strategie na\u0163ional\u0103 , de ce nu str\u00e2nge\u0163i intr-o dezbatere na\u0163ional\u0103 pe to\u0163i cei care ar avea ceva de spus\u00a0 : politic , intelectualitate , economic , societate civil\u0103 , diaspora , orice alt\u0103 categorie social\u0103? Asta ar \u00eensemna s\u0103 asculta\u0163i \u00eentr-adev\u0103r mesajul oamenilor.<\/p>\n<p>Cred c\u0103 dintr-o asemenea dezbatere la nivel na\u0163ional ar rezulta multe idei bune \u015fi interesante care analizate cu discern\u0103m\u00e2nt ar putea duce la o strategie na\u0163ional\u0103 pe urm\u0103torii ani \u015fi ar veni de la popor nu doar de la \u201c atot\u015ftiutoarea \u201c clas\u0103 politic\u0103. Avem at\u00e2tea creiere luminate si calificate , \u00een \u0163ar\u0103 \u015fi str\u0103in\u0103tate, sunt sigur ca ar pune um\u0103rul cu idei \u015fi solu\u0163ii la at\u00e2t de necesara redresare economic\u0103 si social\u0103 a \u0163\u0103rii , a\u015fteapt\u0103 doar sa fie solicita\u0163i \u015fi lua\u0163i in considerare, f\u0103r\u0103 a fi minimaliza\u0163i \u015fi ignora\u0163i.<\/p>\n<p>Poate a\u015fa identific\u0103m c\u00e2teva direc\u0163ii c\u0103tre care sa \u00eendrept\u0103m economia \u015fi societatea pe care sa le sus\u0163inem av\u00e2nd garan\u0163ii clare c\u0103 pot ajuta\u00a0 \u00eentreaga \u0163ar\u0103 sa g\u0103seasc\u0103 o traiectorie corect\u0103 european\u0103 \u015fi valid\u0103 pentru anii ace\u015ftia . Vechiul guvern Ciolacu anun\u0163a un plan de investi\u0163ii \u00een reindustrializare . Nu \u015ftiu dac\u0103 noul guvern Ciolacu va continua acest proiect dar \u015ftiu sigur c\u0103\u00a0 direc\u0163iile pentru mari investi\u0163ii ar trebui discutate la nivel na\u0163ional \u015fi c\u0103 ar trebui s\u0103 fac\u0103 parte dintr-o strategie na\u0163ional\u0103 , altfel urm\u0103torul guvern va abandona toate proiectele indiferent de stadiu \u015fi va veni cu propriile idei, \u00een func\u0163ie \u00een primul r\u00e2nd de interesele partizane.<\/p>\n<p>\u00cenchei cu o \u00eentrebare pueril\u0103 dar care exprim\u0103 o realitate :<\/p>\n<p>S-au irosit at\u00e2\u0163ia ani , at\u00e2\u0163ia\u00a0 bani , at\u00e2tea\u00a0 resurse interne \u015fi externe \u015fi suntem tot \u00een faza \u00een care export\u0103m gr\u00e2u \u015fi import\u0103m aluat pentru p\u00e2ine. Nu e jenant?\u201d, a scris antreprenorul rom\u00e2n, \u00eentr-un editorial pentru <a href=\"https:\/\/www.zf.ro\/opinii\/marian-alecu-antreprenor-roman-s-au-irosit-atatia-ani-atatia-bani-22623983\" target=\"_blank\">ZF<\/a>.<\/p>\n<p><a title=\"Romania a exportat in 2024 cereale si preparate pe baza de cereale in valoare de 2,39 miliarde de euro\" href=\"https:\/\/www.realitatea.net\/stiri\/actual\/romania-a-exportat-in-2024-cereale-si-preparate-pe-baza-de-cereale-in-valoare-de-239-miliarde-de-euro_674c7bd7d54d624c742edd70\">Rom\u00e2nia a exportat \u00een 2024 cereale \u015fi preparate pe baz\u0103 de cereale \u00een valoare de 2,39 miliarde de euro<\/a><\/p>","protected":false},"excerpt":{"rendered":"<p>\u201eTo\u0163i politicienii \u00ee\u015fi \u00eencep discursurile reactualizate cu expresia \u201c am \u00een\u0163eles\u00a0 mesajul ultimelor alegeri \u201c&hellip;<\/p>\n","protected":false},"author":0,"featured_media":19260,"comment_status":"open","ping_status":"open","sticky":false,"template":"","format":"standard","meta":{"footnotes":""},"categories":[2],"tags":[],"class_list":["post-19259","post","type-post","status-publish","format-standard","has-post-thumbnail","hentry","category-actual"],"_links":{"self":[{"href":"https:\/\/247stiri.ro\/index.php\/wp-json\/wp\/v2\/posts\/19259","targetHints":{"allow":["GET"]}}],"collection":[{"href":"https:\/\/247stiri.ro\/index.php\/wp-json\/wp\/v2\/posts"}],"about":[{"href":"https:\/\/247stiri.ro\/index.php\/wp-json\/wp\/v2\/types\/post"}],"replies":[{"embeddable":true,"href":"https:\/\/247stiri.ro\/index.php\/wp-json\/wp\/v2\/comments?post=19259"}],"version-history":[{"count":0,"href":"https:\/\/247stiri.ro\/index.php\/wp-json\/wp\/v2\/posts\/19259\/revisions"}],"wp:featuredmedia":[{"embeddable":true,"href":"https:\/\/247stiri.ro\/index.php\/wp-json\/wp\/v2\/media\/19260"}],"wp:attachment":[{"href":"https:\/\/247stiri.ro\/index.php\/wp-json\/wp\/v2\/media?parent=19259"}],"wp:term":[{"taxonomy":"category","embeddable":true,"href":"https:\/\/247stiri.ro\/index.php\/wp-json\/wp\/v2\/categories?post=19259"},{"taxonomy":"post_tag","embeddable":true,"href":"https:\/\/247stiri.ro\/index.php\/wp-json\/wp\/v2\/tags?post=19259"}],"curies":[{"name":"wp","href":"https:\/\/api.w.org\/{rel}","templated":true}]}}