{"id":1928,"date":"2024-10-25T15:48:23","date_gmt":"2024-10-25T15:48:23","guid":{"rendered":"https:\/\/247stiri.ro\/index.php\/2024\/10\/25\/mircea-fechet-anunta-o-premiera-in-romania-parteneriat-cu-google-pentru-combaterea-transportului-ilegal-de-lemn\/"},"modified":"2024-10-25T15:48:23","modified_gmt":"2024-10-25T15:48:23","slug":"mircea-fechet-anunta-o-premiera-in-romania-parteneriat-cu-google-pentru-combaterea-transportului-ilegal-de-lemn","status":"publish","type":"post","link":"https:\/\/247stiri.ro\/index.php\/2024\/10\/25\/mircea-fechet-anunta-o-premiera-in-romania-parteneriat-cu-google-pentru-combaterea-transportului-ilegal-de-lemn\/","title":{"rendered":"Mircea Fechet anun\u021b\u0103 o premier\u0103 \u00een Rom\u00e2nia: Parteneriat cu Google pentru combaterea transportului ilegal de lemn"},"content":{"rendered":"<p>Fechet a subliniat importan\u021ba tehnologiei de analiz\u0103 \u00een timp real care va fi implementat\u0103 \u00een cadrul sistemului SUMAL (Sistemul de Urm\u0103rire a Materialului Lemnos), av\u00e2nd ca baz\u0103 tehnologic\u0103 inteligen\u021ba artificial\u0103. Potrivit declara\u021biilor sale, fiecare transport de lemn va fi monitorizat mai eficient, ceea ce va descuraja orice tentativ\u0103 de \u00eenc\u0103lcare a legisla\u021biei din domeniu. Aceast\u0103 abordare digitalizat\u0103 va oferi o transparen\u021b\u0103 mai mare \u0219i va permite o interven\u021bie rapid\u0103 \u00een cazul unor nereguli.<\/p>\n<p>Ministrul a eviden\u021biat beneficiile aduse de experien\u021ba acumulat\u0103 \u00een urma programului pilot SUMAL 2.0, care a avut rezultate promi\u021b\u0103toare \u00een analiza unor volume uria\u0219e de date, cum ar fi permisele de transport \u0219i fotografiile aferente acestor activit\u0103\u021bi. Cu ajutorul tehnologiilor avansate oferite de Google Cloud, Fechet este \u00eencrez\u0103tor c\u0103 analizele ulterioare vor duce la o gestionare \u0219i mai eficient\u0103 a transporturilor de lemn, reduc\u00e2nd drastic posibilitatea de t\u0103ieri ilegale.<\/p>\n<p><a href=\"https:\/\/www.realitatea.net\/stiri\/actual\/batai-de-cap-pentru-bucurestenii-cu-drum-prin-piata-unirii-in-perioada-28-octombrie-15-noiembrie-lucrari-la-carosabil-statia-piata-unirii-1-va-fi-relocata_671ba4b597d73f7d7159feb2\" target=\"_blank\" rel=\"noopener\">B\u0103t\u0103i de cap pentru bucure\u0219tenii cu drum prin Pia\u021ba Unirii \u00een perioada 28 octombrie &#8211; 15 noiembrie. Lucr\u0103ri la carosabil, sta\u021bia &#8221;Pia\u0163a Unirii 1&#8221; va fi relocat\u0103<\/a>\u00a0\u201cTehnologia modern\u0103 de analiz\u0103 \u00een timp real bazat\u0103 pe inteligen\u021b\u0103 artificial\u0103 a fiec\u0103rui transport din SUMAL reprezint\u0103 aliatul nostru \u00een lupta cu t\u0103ierile ilegale. Rezultatele pe care le-am avut \u00een urma proiectului pilot de anul trecut ne-au demonstrat c\u0103 SUMAL 2.0 merit\u0103 pus sub o lup\u0103 digitalizat\u0103 cu mult mai performant\u0103, cum este cea a serviciilor de tip Cloud \u0219i a inteligen\u021bei artificiale\u201d, afirm\u0103 Mircea Fechet, ministrul Mediului, Apelor \u0219i P\u0103durilor.\u00a0<\/p>\n<p>Acesta anun\u021b\u0103 parteneriatul \u00eencheiat cu Google pentru combaterea transporturilor ilegale de lemne, ad\u0103ug\u00e2nd c\u0103 \u00een acest fel nimeni nu-\u0219i va mai permite s\u0103 \u00eencarce orice \u00een SUMAL, pentru c\u0103 fiecare informa\u021bie va intra sub lupa acestui scanner performant.\u00a0<\/p>\n<p>\u201d\u00cen momentul de fa\u021b\u0103, avem \u00een lucru analiza avizelor de \u00eenso\u021bire din perioada decembrie 2023-august 2024 \u0219i sunt convins c\u0103 solu\u021bia software bazat\u0103 pe tehnologiile Google Cloud va realiza o analiz\u0103 rapid\u0103 \u0219i performant\u0103 a tuturor acestor transporturi\u201d, a ad\u0103ugat ministrul liberal.\u00a0<\/p>\n<p>Conform Ministerului Mediului, Programul pilot SUMAL 2.0, alimentat de Gemini, a analizat eficient cantit\u0103\u021bi mari de date, inclusiv 400.000 de permise \u0219i 1,6 milioane de fotografii, cu un succes notabil asupra reducerii activit\u0103\u021bilor ilegale de t\u0103iere forestier\u0103 \u00een Rom\u00e2nia\u201d, a declarat Mircea Fechet.<\/p>\n<p><a title=\"Marcel Ciolacu intr-o ploaie de covrigi, George Simion, caracatita SF - Un nou video produs de inteligenta artificiala ia cu asalt internetul\" href=\"https:\/\/www.realitatea.net\/stiri\/actual\/marcel-ciolacu-intro-ploaie-de-covrigi-george-simion-caracatita-sf-un-nou-video-produs-de-inteligenta-artificiala-ia-cu-asalt-internetul_671ba92397d73f7d7159fec3\">Marcel Ciolacu \u00eentr-o ploaie de covrigi, George Simion, caracati\u021ba SF &#8211; Un nou video produs de inteligen\u021ba artificial\u0103 ia cu asalt internetul<\/a><\/p>","protected":false},"excerpt":{"rendered":"<p>Fechet a subliniat importan\u021ba tehnologiei de analiz\u0103 \u00een timp real care va fi implementat\u0103 \u00een&hellip;<\/p>\n","protected":false},"author":0,"featured_media":1929,"comment_status":"open","ping_status":"open","sticky":false,"template":"","format":"standard","meta":{"footnotes":""},"categories":[2],"tags":[],"class_list":["post-1928","post","type-post","status-publish","format-standard","has-post-thumbnail","hentry","category-actual"],"_links":{"self":[{"href":"https:\/\/247stiri.ro\/index.php\/wp-json\/wp\/v2\/posts\/1928","targetHints":{"allow":["GET"]}}],"collection":[{"href":"https:\/\/247stiri.ro\/index.php\/wp-json\/wp\/v2\/posts"}],"about":[{"href":"https:\/\/247stiri.ro\/index.php\/wp-json\/wp\/v2\/types\/post"}],"replies":[{"embeddable":true,"href":"https:\/\/247stiri.ro\/index.php\/wp-json\/wp\/v2\/comments?post=1928"}],"version-history":[{"count":0,"href":"https:\/\/247stiri.ro\/index.php\/wp-json\/wp\/v2\/posts\/1928\/revisions"}],"wp:featuredmedia":[{"embeddable":true,"href":"https:\/\/247stiri.ro\/index.php\/wp-json\/wp\/v2\/media\/1929"}],"wp:attachment":[{"href":"https:\/\/247stiri.ro\/index.php\/wp-json\/wp\/v2\/media?parent=1928"}],"wp:term":[{"taxonomy":"category","embeddable":true,"href":"https:\/\/247stiri.ro\/index.php\/wp-json\/wp\/v2\/categories?post=1928"},{"taxonomy":"post_tag","embeddable":true,"href":"https:\/\/247stiri.ro\/index.php\/wp-json\/wp\/v2\/tags?post=1928"}],"curies":[{"name":"wp","href":"https:\/\/api.w.org\/{rel}","templated":true}]}}